{"id":711487,"date":"2026-09-03T20:56:05","date_gmt":"2026-09-03T20:56:05","guid":{"rendered":"https:\/\/microscopemedia.com\/?p=711487"},"modified":"2026-09-03T20:56:05","modified_gmt":"2026-09-03T20:56:05","slug":"bucurestiul-nu-arata-ca-o-capitala-europeana-ciucu-primaria-capitalei-a-pierdut-80-din-pnrr-pana-sa-vin-primar","status":"publish","type":"post","link":"https:\/\/microscopemedia.com\/?p=711487","title":{"rendered":"\u201eBucure\u0219tiul nu arat\u0103 ca o capital\u0103 european\u0103\u201d. Ciucu: Prim\u0103ria Capitalei a pierdut 80% din PNRR p\u00e2n\u0103 s\u0103 vin primar"},"content":{"rendered":"<div class=\"sgb-google-buttons\">\n<div class=\"display-flex justify-center google-logo\"><img decoding=\"async\" loading=\"lazy\" class=\"mg-x-auto\" width=\"30\" height=\"30\" src=\"https:\/\/microscopemedia.com\/wp-content\/uploads\/2026\/09\/bucurestiul-nu-arata-ca-o-capitala-europeana-ciucu-primaria-capitalei-a-pierdut-80-din-pnrr-pana-sa-vin-primar.png\" alt><\/div>\n<\/p><\/div>\n<p id=\"p-0\">\u00centr-o interven\u021bie realizat\u0103 prin telefon la B1 TV joi seara, Ciprian Ciucu a declarat c\u0103 \u201e<span class=\"cursor-pointer group\" title=\"Reda\u021bi \u00eencep\u00e2nd de la 0:05\"><span class=\"group-hover:bg-base-200 rounded p-0.5 -m-0.5\" data-start=\"4840\" data-end=\"10640\">Bucure\u0219tiul nu arat\u0103 ca o capital\u0103 european\u0103.<\/span><\/span>&nbsp;<span class=\"cursor-pointer group\" title=\"Reda\u021bi \u00eencep\u00e2nd de la 0:11\"><span class=\"group-hover:bg-base-200 rounded p-0.5 -m-0.5\" data-start=\"11100\" data-end=\"12880\">Bucure\u0219tiul are nevoie de lucr\u0103ri.<\/span><\/span>&nbsp;<span class=\"cursor-pointer group\" title=\"Reda\u021bi \u00eencep\u00e2nd de la 0:13\"><span class=\"group-hover:bg-base-200 rounded p-0.5 -m-0.5 bg-primary\/25 transition-all duration-200\" data-start=\"13000\" data-end=\"16940\" data-active>Bucure\u0219tiul n-a mai avut lucr\u0103ri serioase de foarte, foarte mult timp\u201d.<\/span><\/span><\/p>\n<p id=\"p-1\">Acesta a spus c\u0103 Drumul Taberei a stat prea mult timp \u00een \u0219antiere \u0219i c\u0103 nu mai vrea ca acest lucru s\u0103 se repete.<\/p>\n<p id=\"p-2\">Acum, lucr\u0103rile din Drumul Taberei \u201e<span class=\"cursor-pointer group\" title=\"Reda\u021bi \u00eencep\u00e2nd de la 0:29\"><span class=\"group-hover:bg-base-200 rounded p-0.5 -m-0.5\" data-start=\"28760\" data-end=\"33000\">sunt sistematizate, sunt foarte bine puse la punct. Este verde, este respirabil.<\/span><\/span>&nbsp;<span class=\"cursor-pointer group\" title=\"Reda\u021bi \u00eencep\u00e2nd de la 0:34\"><span class=\"group-hover:bg-base-200 rounded p-0.5 -m-0.5\" data-start=\"34200\" data-end=\"43600\">Deci, tot acest disconfort care este \u00een acest an, nu va mai conta at\u00e2t de mult atunci c\u00e2nd ora\u0219ul va fi pus la punct\u201d, a continuat Ciucu.<\/span><\/span><\/p>\n<p id=\"p-3\">\u201e<span class=\"cursor-pointer group\" title=\"Reda\u021bi \u00eencep\u00e2nd de la 0:54\"><span class=\"group-hover:bg-base-200 rounded p-0.5 -m-0.5\" data-start=\"54300\" data-end=\"58500\">\u0218antierele au \u00eenceput anul acesta, au tremen de execu\u021bie un an de zile, unul dintre ele.<\/span><\/span>&nbsp;<span class=\"cursor-pointer group\" title=\"Reda\u021bi \u00eencep\u00e2nd de la 0:59\"><span class=\"group-hover:bg-base-200 rounded p-0.5 -m-0.5\" data-start=\"58940\" data-end=\"68580\">Iar acolo unde avem lucr\u0103ri de infrastructur\u0103 sub linia de tramvai, lucr\u0103ri pentru re\u021beaua de canalizare,&nbsp; pentru re\u021beaua de gaze, pentru re\u021beaua de electricitate, vor dura p\u00e2n\u0103 la 2 ani.<\/span><\/span>&nbsp;<span class=\"cursor-pointer group\" title=\"Reda\u021bi \u00eencep\u00e2nd de la 1:09\"><span class=\"group-hover:bg-base-200 rounded p-0.5 -m-0.5 bg-primary\/25 transition-all duration-200\" data-start=\"68680\" data-end=\"70880\" data-active>Am anun\u021bat la \u00eenceput, pentru fiecare \u0219antier \u00eempart\u201d, a ad\u0103ugat Primarul general al Capitalei.<\/span><\/span><\/p>\n<p id=\"p-4\">Potrivit acestuia, Prim\u0103ria Capitalei a pierdut \u201efoarte mul\u021bi bani, cred c\u0103 80% din PNRR\u201d p\u00e2n\u0103 s\u0103 ajung\u0103 primar.<\/p>\n<p id=\"p-5\">El a declarat c\u0103 a fost nevoit s\u0103 se adreseze c\u0103tre b\u0103nci, din cauza pierderilor banilor europeni.<\/p>\n<p id=\"p-6\">\u201eBanca Mondial\u0103, Banca European\u0103 de Dezvoltare, Banca European\u0103 de \u00cenvesti\u021bii, Banca European\u0103 de Dezvoltare a Consiliului Europei\u201d, a enumerat el.<\/p>\n<p id=\"p-7\">De asemenea, el a precizat c\u0103 ace\u0219ti bani \u201e<span class=\"cursor-pointer group\" title=\"Reda\u021bi \u00eencep\u00e2nd de la 3:43\"><span class=\"group-hover:bg-base-200 rounded p-0.5 -m-0.5\" data-start=\"222800\" data-end=\"224600\">putem s\u0103-i tragem oric\u00e2nd.<\/span><\/span> N<span class=\"cursor-pointer group\" title=\"Reda\u021bi \u00eencep\u00e2nd de la 3:46\"><span class=\"group-hover:bg-base-200 rounded p-0.5 -m-0.5\" data-start=\"226200\" data-end=\"233980\">u ne \u00eemprumut\u0103m pentru panselu\u021be \u0219i borduri, ci pentru c\u0103i serioase de infrastructur\u0103 a ora\u0219ului\u201d.<\/span><\/span><\/p>\n<p id=\"p-8\">\u201eBani sunt. Problema este s\u0103 fie mobiliza\u021bi constructorii\u201d, a conchis Ciprian Ciucu<\/p>\n","protected":false},"excerpt":{"rendered":"<p>\u00centr-o interven\u021bie realizat\u0103 prin telefon la B1 TV joi seara, Ciprian Ciucu a declarat c\u0103 \u201eBucure\u0219tiul nu arat\u0103 ca o capital\u0103 european\u0103.&nbsp;Bucure\u0219tiul are nevoie de lucr\u0103ri.&nbsp;Bucure\u0219tiul n-a mai avut lucr\u0103ri &hellip; <a href=\"https:\/\/microscopemedia.com\/?p=711487\" class=\"more-link\">Read More<\/a><\/p>\n","protected":false},"author":1,"featured_media":711488,"comment_status":"closed","ping_status":"closed","sticky":false,"template":"Default","format":"standard","meta":[],"categories":[1],"tags":[],"_links":{"self":[{"href":"https:\/\/microscopemedia.com\/index.php?rest_route=\/wp\/v2\/posts\/711487"}],"collection":[{"href":"https:\/\/microscopemedia.com\/index.php?rest_route=\/wp\/v2\/posts"}],"about":[{"href":"https:\/\/microscopemedia.com\/index.php?rest_route=\/wp\/v2\/types\/post"}],"author":[{"embeddable":true,"href":"https:\/\/microscopemedia.com\/index.php?rest_route=\/wp\/v2\/users\/1"}],"replies":[{"embeddable":true,"href":"https:\/\/microscopemedia.com\/index.php?rest_route=%2Fwp%2Fv2%2Fcomments&post=711487"}],"version-history":[{"count":0,"href":"https:\/\/microscopemedia.com\/index.php?rest_route=\/wp\/v2\/posts\/711487\/revisions"}],"wp:featuredmedia":[{"embeddable":true,"href":"https:\/\/microscopemedia.com\/index.php?rest_route=\/wp\/v2\/media\/711488"}],"wp:attachment":[{"href":"https:\/\/microscopemedia.com\/index.php?rest_route=%2Fwp%2Fv2%2Fmedia&parent=711487"}],"wp:term":[{"taxonomy":"category","embeddable":true,"href":"https:\/\/microscopemedia.com\/index.php?rest_route=%2Fwp%2Fv2%2Fcategories&post=711487"},{"taxonomy":"post_tag","embeddable":true,"href":"https:\/\/microscopemedia.com\/index.php?rest_route=%2Fwp%2Fv2%2Ftags&post=711487"}],"curies":[{"name":"wp","href":"https:\/\/api.w.org\/{rel}","templated":true}]}}