{"id":711489,"date":"2026-09-03T21:07:05","date_gmt":"2026-09-03T21:07:05","guid":{"rendered":"https:\/\/microscopemedia.com\/?p=711489"},"modified":"2026-09-03T21:07:05","modified_gmt":"2026-09-03T21:07:05","slug":"dragos-pislaru-motivul-pentru-care-legea-nu-s-a-adoptat-a-fost-strict-politic-ce-sansa-mai-are-romania-sa-recupereze-bani-din-pnrr","status":"publish","type":"post","link":"https:\/\/microscopemedia.com\/?p=711489","title":{"rendered":"Drago\u0219 P\u00eeslaru: \u201eMotivul pentru care legea nu s-a adoptat a fost strict politic\u201d. Ce \u0219ans\u0103 mai are Rom\u00e2nia s\u0103 recupereze bani din PNRR"},"content":{"rendered":"<div class=\"sgb-google-buttons\">\n<div class=\"display-flex justify-center google-logo\"><img decoding=\"async\" loading=\"lazy\" class=\"mg-x-auto\" width=\"30\" height=\"30\" src=\"https:\/\/microscopemedia.com\/wp-content\/uploads\/2026\/09\/dragos-pislaru-motivul-pentru-care-legea-nu-s-a-adoptat-a-fost-strict-politic-ce-sansa-mai-are-romania-sa-recupereze-bani-din-pnrr.png\" alt><\/div>\n<\/p><\/div>\n<p class=\"PDq2pG_selectionAnchorContainer\" data-start=\"1248\" data-end=\"1666\" id=\"p-0\">Ministrul Investi\u021biilor \u0219i Proiectelor Europene \u0219i ministrul interimar al Muncii, Drago\u0219 P\u00eeslaru, a declarat \u00eentr-o interven\u021bie telefonic\u0103 joi, la Digi24, c\u0103 \u00een acest moment nu poate fi estimat\u0103 suma care ar putea fi recuperat\u0103.<\/p>\n<p data-start=\"1668\" data-end=\"1894\" id=\"p-1\">P\u00eeslaru a explicat c\u0103 autorit\u0103\u021bile rom\u00e2ne au cerut Comisiei Europene clarific\u0103ri pentru a vedea dac\u0103 mai exist\u0103 posibilitatea recunoa\u0219terii unei p\u0103r\u021bi din eforturile f\u0103cute de Rom\u00e2nia p\u00e2n\u0103 la expirarea termenului de 31 august.<\/p>\n<h2 data-section-id=\"h3ldhp\" data-start=\"1896\" data-end=\"1933\" id=\"chapter-0\">P\u00eeslaru: \u201eSubiectul se redeschide\u201d<\/h2>\n<p data-start=\"1935\" data-end=\"2308\" id=\"p-2\">\u201eAm \u00eentrebat Comisia European\u0103 referitor la legea salariz\u0103rii dac\u0103 mai este ceva ce putem s\u0103 facem \u0219i am ob\u021binut aceast\u0103 clarificare legat\u0103 de faptul c\u0103, dac\u0103 legea ar fi aprobat\u0103 \u00eenainte de evaluarea Comisiei Europene, deci evaluarea final\u0103 \u00een noiembrie, am putea avea un efort pentru recunoa\u0219terea lucrurilor care s-au f\u0103cut p\u00e2n\u0103 pe 31 august\u201d, a declarat Drago\u0219 P\u00eeslaru.<\/p>\n<p data-start=\"2310\" data-end=\"2418\" id=\"p-3\">Ministrul a subliniat c\u0103 nu mai poate fi vorba despre recuperarea integral\u0103 a celor 770 de milioane de euro.<\/p>\n<p data-start=\"2420\" data-end=\"2694\" id=\"p-4\">\u201eDeci asta nu \u00eenseamn\u0103 c\u0103 putem recupera toat\u0103 penalitatea de 770 de milioane, dar, cu un exerci\u021biu de voin\u021b\u0103 politic\u0103 care s\u0103 duc\u0103 la adoptarea legii salariz\u0103rii totu\u0219i p\u00e2n\u0103 la final de octombrie, am avea argumente s\u0103 diminu\u0103m penalitatea m\u0103car cu o parte\u201d, a continuat el.<\/p>\n<p data-start=\"2696\" data-end=\"2761\" id=\"p-5\">\u00cen acest context, P\u00eeslaru a afirmat c\u0103 \u201esubiectul se redeschide\u201d.<\/p>\n<h2 data-section-id=\"1vik3vq\" data-start=\"2763\" data-end=\"2809\" id=\"chapter-1\">Nu exist\u0103 deocamdat\u0103 un calcul privind suma<\/h2>\n<p data-start=\"2811\" data-end=\"2972\" id=\"p-6\">\u00centrebat dac\u0103 exist\u0103 deja o estimare concret\u0103 a banilor care ar putea fi recupera\u021bi, ministrul a r\u0103spuns c\u0103 un asemenea calcul nu poate fi f\u0103cut \u00een acest moment.<\/p>\n<p data-start=\"2974\" data-end=\"3133\" id=\"p-7\">\u201e\u00cen acest moment v\u0103 pot spune c\u0103 nu se poate calcula. Noi suntem acum \u00een afara termenului. Este o discu\u021bie care \u021bine de foarte multe elemente\u201d, a spus P\u00eeslaru.<\/p>\n<p data-start=\"3135\" data-end=\"3358\" id=\"p-8\">El a precizat c\u0103 Rom\u00e2nia poate documenta activitatea desf\u0103\u0219urat\u0103 anterior termenului-limit\u0103: \u201eDiscut\u0103m aici de analizele de echivalen\u021be de func\u021bii, discut\u0103m de analizele de salarizare \u0219i \u00eentreg proiectul la care am lucrat.\u201d<\/p>\n<p data-start=\"3360\" data-end=\"3494\" id=\"p-9\">P\u00eeslaru a insistat \u00eens\u0103 c\u0103 simpla adoptare a unei legi nu ar fi suficient\u0103, aceasta trebuind s\u0103 respecte condi\u021biile asumate prin PNRR.<\/p>\n<p data-start=\"3496\" data-end=\"3655\" id=\"p-10\">\u201eTrebuie s\u0103 se adopte legea care r\u0103spunde \u00een totalitate condi\u021biilor pe care le-am avut ca angajamente fa\u021b\u0103 de Comisia European\u0103 \u00een PNRR\u201d, a declarat ministrul.<\/p>\n<p data-start=\"3657\" data-end=\"3792\" id=\"p-11\">\u00centre criteriile respective se afl\u0103 anvelopa salarial\u0103, pe care P\u00eeslaru a descris-o drept unul dintre elementele centrale ale reformei.<\/p>\n<h2 data-section-id=\"f14ce6\" data-start=\"3794\" data-end=\"3861\" id=\"chapter-2\">\u201eMotivul pentru care legea nu s-a adoptat a fost strict politic\u201d<\/h2>\n<p data-start=\"3863\" data-end=\"4048\" id=\"p-12\">\u00centrebat dac\u0103 dou\u0103 luni sunt suficiente pentru reluarea discu\u021biilor \u0219i adoptarea legii, inclusiv dup\u0103 dialogul cu sindicatele \u0219i ceilal\u021bi parteneri sociali, P\u00eeslaru a r\u0103spuns afirmativ.<\/p>\n<p data-start=\"4050\" data-end=\"4177\" id=\"p-13\">\u201eCred c\u0103 motivul pentru care legea nu s-a adoptat nu este tehnic. [\u2026] Tehnic, proiectul este aproape gata\u201d, a spus ministrul.<\/p>\n<p data-start=\"4179\" data-end=\"4427\" id=\"p-14\">El a ad\u0103ugat: \u201eV\u0103 confirm faptul c\u0103 proiectul, \u00een ultima sa versiune, nu este categoric departe de condi\u021biile pe care le-am avea de \u00eendeplinit. Deci mai sunt eventual ajust\u0103ri minore. Motivul pentru care legea nu s-a adoptat a fost strict politic.\u201d<\/p>\n<p data-start=\"4429\" data-end=\"4647\" id=\"p-15\">P\u00eeslaru a sus\u021binut c\u0103 blocajul a fost determinat de divergen\u021be politice \u0219i de discu\u021biile cu sindicatele, iar existen\u021ba unei noi ferestre de aproximativ dou\u0103 luni ar permite reluarea proiectului \u0219i eventuale modific\u0103ri.<\/p>\n<h2 data-section-id=\"18zz09f\" data-start=\"4649\" data-end=\"4693\" id=\"chapter-3\">\u201ePoate 10, poate 100 de milioane de euro\u201d<\/h2>\n<p data-start=\"4695\" data-end=\"4849\" id=\"p-16\">Ministrul a spus c\u0103 obiectivul s\u0103u, \u00een calitate de coordonator na\u021bional al PNRR, este recuperarea unui nivel c\u00e2t mai ridicat al fondurilor nerambursabile.<\/p>\n<p data-start=\"4851\" data-end=\"5070\" id=\"p-17\">\u201eOrice milion de euro care ar putea fi recuperat este direct legat de sumele nerambursabile pe care Rom\u00e2nia ar putea s\u0103 le foloseasc\u0103 pentru finan\u021barea investi\u021biilor pe care le avem \u00een acest moment\u201d, a declarat P\u00eeslaru.<\/p>\n<p data-start=\"5072\" data-end=\"5361\" id=\"p-18\">\u00cen final, ministrul a avansat doar un ordin de m\u0103rime ipotetic, f\u0103r\u0103 a prezenta o estimare oficial\u0103: \u201eEvident, nu se mai pune problema s\u0103 recuper\u0103m \u00eentreaga valoare, dar ni\u0219te puncte procentuale \u0219i ni\u0219te 10, poate 100 de milioane de euro, cred c\u0103 merit\u0103 un rezultat \u0219i o responsabilitate.\u201d<\/p>\n","protected":false},"excerpt":{"rendered":"<p>Ministrul Investi\u021biilor \u0219i Proiectelor Europene \u0219i ministrul interimar al Muncii, Drago\u0219 P\u00eeslaru, a declarat \u00eentr-o interven\u021bie telefonic\u0103 joi, la Digi24, c\u0103 \u00een acest moment nu poate fi estimat\u0103 suma care &hellip; <a href=\"https:\/\/microscopemedia.com\/?p=711489\" class=\"more-link\">Read More<\/a><\/p>\n","protected":false},"author":1,"featured_media":711490,"comment_status":"closed","ping_status":"closed","sticky":false,"template":"Default","format":"standard","meta":[],"categories":[1],"tags":[],"_links":{"self":[{"href":"https:\/\/microscopemedia.com\/index.php?rest_route=\/wp\/v2\/posts\/711489"}],"collection":[{"href":"https:\/\/microscopemedia.com\/index.php?rest_route=\/wp\/v2\/posts"}],"about":[{"href":"https:\/\/microscopemedia.com\/index.php?rest_route=\/wp\/v2\/types\/post"}],"author":[{"embeddable":true,"href":"https:\/\/microscopemedia.com\/index.php?rest_route=\/wp\/v2\/users\/1"}],"replies":[{"embeddable":true,"href":"https:\/\/microscopemedia.com\/index.php?rest_route=%2Fwp%2Fv2%2Fcomments&post=711489"}],"version-history":[{"count":0,"href":"https:\/\/microscopemedia.com\/index.php?rest_route=\/wp\/v2\/posts\/711489\/revisions"}],"wp:featuredmedia":[{"embeddable":true,"href":"https:\/\/microscopemedia.com\/index.php?rest_route=\/wp\/v2\/media\/711490"}],"wp:attachment":[{"href":"https:\/\/microscopemedia.com\/index.php?rest_route=%2Fwp%2Fv2%2Fmedia&parent=711489"}],"wp:term":[{"taxonomy":"category","embeddable":true,"href":"https:\/\/microscopemedia.com\/index.php?rest_route=%2Fwp%2Fv2%2Fcategories&post=711489"},{"taxonomy":"post_tag","embeddable":true,"href":"https:\/\/microscopemedia.com\/index.php?rest_route=%2Fwp%2Fv2%2Ftags&post=711489"}],"curies":[{"name":"wp","href":"https:\/\/api.w.org\/{rel}","templated":true}]}}