{"id":711493,"date":"2026-09-03T21:37:02","date_gmt":"2026-09-03T21:37:02","guid":{"rendered":"https:\/\/microscopemedia.com\/?p=711493"},"modified":"2026-09-03T21:37:02","modified_gmt":"2026-09-03T21:37:02","slug":"se-poate-si-in-romania-jocurile-parasport-in-premiera-la-bucuresti-mesaj-european-sa-privim-abilitatile-nu-dizabilitatile","status":"publish","type":"post","link":"https:\/\/microscopemedia.com\/?p=711493","title":{"rendered":"\u201eSe poate \u0219i \u00een Rom\u00e2nia\u201d. Jocurile Parasport, \u00een premier\u0103 la Bucure\u0219ti. Mesaj european: \u201eS\u0103 privim abilit\u0103\u021bile, nu dizabilit\u0103\u021bile\u201d"},"content":{"rendered":"<div class=\"sgb-google-buttons\">\n<div class=\"display-flex justify-center google-logo\"><img decoding=\"async\" loading=\"lazy\" class=\"mg-x-auto\" width=\"30\" height=\"30\" src=\"https:\/\/microscopemedia.com\/wp-content\/uploads\/2026\/09\/se-poate-si-in-romania-jocurile-parasport-in-premiera-la-bucuresti-mesaj-european-sa-privim-abilitatile-nu-dizabilitatile.png\" alt><\/div>\n<\/p><\/div>\n<p id=\"p-0\">Ceremonia a avut loc la MINA \u2013 Museum of Immersive New Art, \u00een cea de-a treia zi a competi\u021biei, care se desf\u0103\u0219oar\u0103 \u00eentre 1 \u0219i 5 septembrie.<\/p>\n<p id=\"p-1\">Jocurile Parasport Rom\u00e2nia 2026 reprezint\u0103 primul eveniment na\u021bional integrat dedicat sportului paralimpic \u0219i reunesc, pentru prima dat\u0103 sub aceea\u0219i identitate, zece discipline. Este vorba despre para tenis de mas\u0103, para \u00eenot, para atletism, para powerlifting, baschet \u00een scaun rulant 3\u00d73, para tir cu arcul, judo adaptat, tenis \u00een scaun rulant, para climbing \u0219i para canoe.<\/p>\n<p id=\"p-2\">Pe parcursul celor cinci zile, competi\u021bia reune\u0219te aproximativ 500 de sportivi \u0219i participan\u021bi. \u00centrecerile sunt g\u0103zduite de mai multe baze sportive din Bucure\u0219ti, printre care Centrul Na\u021bional de Tenis, Stadionul \u201eIolanda Bala\u0219 Soter\u201d, Arena de Baschet a Federa\u021biei Rom\u00e2ne de Baschet, CS Olimpia Bucure\u0219ti, CSN Arcul de Triumf \u0219i Vertical Spirit.<\/p>\n<h2 id=\"chapter-0\">\u201eAceea\u0219i pl\u0103cere, pl\u0103cerea de a face sport\u201d<\/h2>\n<p id=\"p-3\">Campioni paralimpici \u0219i sportivi medalia\u021bi la competi\u021bii interna\u021bionale s-au aflat printre participan\u021bii la ceremonia de deschidere, prezentat\u0103 de jurnalistul Cosmin Cernat. De asemenea, ceremonia a inclus \u0219i defilarea reprezentan\u021bilor celor zece sporturi, reuni\u021bi la Bucure\u0219ti din 35 de cluburi din \u021bar\u0103.<\/p>\n<p id=\"p-4\">\u201eM\u0103 bucur c\u0103 at\u00e2tea persoane cu dizabilit\u0103\u021bi sunt prezente \u00een aceast\u0103 sal\u0103 \u0219i la aceast\u0103 competi\u021bie, care se bucur\u0103 de aceea\u0219i pl\u0103cere, pl\u0103cerea de a face sport. \u0218i este minunat faptul c\u0103 s-a organizat pentru prima dat\u0103 o competi\u021bie la noi \u00een \u021bar\u0103, care s\u0103 uneasc\u0103 toate sporturile \u00eentr-un singur eveniment\u201d, a m\u0103rturisit Alexandru Bologa, campion paralimpic la para judo la Paris, \u00een 2024, \u0219i multiplu campion european.<\/p>\n<h2 id=\"chapter-1\">Sport de performan\u021b\u0103, dincolo de bariere<\/h2>\n<p id=\"p-5\">Caracterul de premier\u0103 al competi\u021biei, care reune\u0219te sub aceea\u0219i umbrel\u0103 cele zece sporturi paralimpice, a fost apreciat \u0219i de Bobi Simion, num\u0103rul 1 mondial la para tenis de mas\u0103.<\/p>\n<p id=\"p-6\">\u201eE chiar o premier\u0103 pentru noi, pentru rom\u00e2ni, pentru sportivii cu dizabilit\u0103\u021bi, s\u0103 avem o astfel de competi\u021bie, cu toate sporturile sub aceea\u0219i umbrel\u0103. (\u2026) Ne \u00eent\u00e2lnim cu to\u021bii, iar asta ne ajut\u0103 s\u0103 ne cunoa\u0219tem\u201d, a spus campionul.<\/p>\n<p id=\"p-7\">Pentru R\u0103zvan Nedu, vicecampion european la para climbing, jocurile pot fi \u0219i o cale prin care al\u021bi tineri cu dizabilit\u0103\u021bi s\u0103 descopere sportul. \u201eMi se pare c\u0103 e un prilej minunat ca tinerii cu dizabilit\u0103\u021bi s\u0103 \u00eenceap\u0103 s\u0103 practice un sport nou, dar \u0219i s\u0103 vin\u0103 s\u0103 descopere sporturile paralimpice. E un pas \u00eenainte \u0219i un concept foarte bun, care aduce oamenii \u00eempreun\u0103 prin sport\u201d, a declarat sportivul.<\/p>\n<p id=\"p-8\">\u201ePentru viitor \u00eemi doresc s\u0103 existe c\u00e2t mai multe facilit\u0103\u021bi, iar persoanele cu dizabilit\u0103\u021bi s\u0103 dep\u0103\u0219easc\u0103 anumite bariere pentru a \u00eencepe s\u0103 practice sportul de performan\u021b\u0103\u201d, a spus \u0219i Andrei Popa, medaliat \u00een competi\u021bii interna\u021bionale de para climbing.<\/p>\n<h2 id=\"chapter-2\">Eduard Novak: \u201eAst\u0103zi nu deschidem doar o competi\u021bie, deschidem o u\u0219\u0103\u201d<\/h2>\n<p id=\"p-9\">Potrivit pre\u0219edintelui Comitetului Na\u021bional Paralimpic, Eduard Novak, deschiderea primei edi\u021bii a Jocurilor marcheaz\u0103 \u201eun moment istoric pentru comunitatea paralimpic\u0103 din Rom\u00e2nia\u201d.<\/p>\n<p id=\"p-10\">\u201eEste mai mult dec\u00e2t o competi\u021bie sportiv\u0103. Este \u00eenceputul unui proiect \u00een care cred foarte mult \u0219i \u00eemi doresc s\u0103 marcheze viitorul sportului paralimpic din Rom\u00e2nia\u201d, a spus Novak.<\/p>\n<p id=\"p-11\">Fost campion paralimpic, Novak a explicat c\u0103 sportul este o \u0219ans\u0103 la o via\u021b\u0103 mai activ\u0103 \u0219i mai bine integrat\u0103 \u00een societate pentru persoanele cu dizabilit\u0103\u021bi, insist\u00e2nd asupra nevoii unei schimb\u0103ri de mentalitate.<\/p>\n<p id=\"p-12\">\u201eAst\u0103zi nu deschidem doar o competi\u021bie, deschidem o u\u0219\u0103. O u\u0219\u0103 c\u0103tre mai multe oportunit\u0103\u021bi, c\u0103tre mai mult sport, c\u0103tre mai mult\u0103 incluziune \u0219i, sper eu, c\u0103tre o schimbare de mentalitate \u00een societatea rom\u00e2neasc\u0103\u201d.<\/p>\n<p id=\"p-13\">Novak a reamintit c\u0103 persoanele cu dizabilit\u0103\u021bi nu trebuie privite \u201eprin prisma limit\u0103rilor lor, ci prin prisma talentului, muncii, curajului \u0219i performan\u021belor lor\u201d, iar sportivii ar trebui v\u0103zu\u021bi drept \u201ecampioni \u0219i modele pentru genera\u021biile urm\u0103toare\u201d.<\/p>\n<p id=\"p-14\">\u201eSe poate \u0219i \u00een Rom\u00e2nia\u201d, a spus pre\u0219edintele Comitetului Na\u021bional Paralimpic, ad\u0103ug\u00e2nd c\u0103 \u021binta pe termen lung este ca Rom\u00e2nia s\u0103 devin\u0103 \u201eo for\u021b\u0103 a sportului paralimpic la nivel interna\u021bional\u201d.<\/p>\n<h2 id=\"chapter-3\">Raymon Blondel: S\u0103 privim abilit\u0103\u021bile, nu dizabilit\u0103\u021bile<\/h2>\n<p id=\"p-15\">Prezent la ceremonie, pre\u0219edintele Comitetului Paralimpic European, Raymon Blondel, a vorbit despre Jocurile de la Bucure\u0219ti ca despre o oportunitate de a ar\u0103ta ce \u00eenseamn\u0103 sportul paralimpic. \u201eNu este vorba despre limit\u0103ri, ci despre posibilit\u0103\u021bi. Nu numai despre competi\u021bie, ci despre \u00eencredere, ambi\u021bie, prietenie \u0219i apartenen\u021b\u0103\u201d.<\/p>\n<p id=\"p-16\">Una dintre mizele sportului paralimpic este schimbarea modului \u00een care sunt privite persoanele cu dizabilit\u0103\u021bi, a precizat oficialul european.<\/p>\n<p id=\"p-17\">\u201eSuntem cu to\u021bii oameni. \u0218i cu to\u021bii vrem s\u0103 fim aprecia\u021bi pentru asta. Nu pentru ceea ce nu suntem, ci pentru tot ceea ce suntem. Iar parasportul este demonstra\u021bia suprem\u0103 a ceea ce \u00eenseamn\u0103 s\u0103 ne g\u00e2ndim la abilit\u0103\u021bi, \u00een locul dizabilit\u0103\u021bilor\u201d.<\/p>\n<h2 id=\"chapter-4\">De la Bucure\u0219ti, spre o competi\u021bie interna\u021bional\u0103<\/h2>\n<p id=\"p-18\">Pentru a crea mai multe oportunit\u0103\u021bi de concurs pentru sportivii paralimpici, oficialul european a \u00eencurajat deschiderea competi\u021biilor na\u021bionale c\u0103tre participan\u021bi din alte \u021b\u0103ri. \u201e\u0218tim cu to\u021bii c\u0103 exist\u0103 o lips\u0103 de oportunit\u0103\u021bi de competi\u021bie, iar prin deschiderea competi\u021biilor na\u021bionale cre\u0103m aceste oportunit\u0103\u021bi pentru voi, dragi sportivi\u201d.<\/p>\n<p id=\"p-19\">\u201eDe fiecare dat\u0103 c\u00e2nd intra\u021bi pe terenul de joc, sunte\u021bi \u0219i o demonstra\u021bie a ceea ce este posibil pentru societate\u201d, le-a transmis sportivilor Raymon Blondel.<\/p>\n<p id=\"p-20\">Cum \u00eentrecerile erau deja \u00een desf\u0103\u0219urare la momentul ceremoniei oficiale, acesta \u0219i-a \u00eencheiat discursul cu o formul\u0103 adaptat\u0103 momentului: \u201e\u00cen mod normal, \u00een timpul unei deschideri a\u0219 spune S\u0103 \u00eenceap\u0103 Jocurile. Dar acum nu pot dec\u00e2t s\u0103 spun S\u0103 continue Jocurile!\u201d<\/p>\n<h2 id=\"chapter-5\">Ciprian Ciucu: \u201eS\u0103 punem competi\u021bia pe hart\u0103\u201d<\/h2>\n<p id=\"p-21\">Primarul general al Capitalei, Ciprian Ciucu, e \u00eencrez\u0103tor c\u0103 aceast\u0103 competi\u021bie va cre\u0219te \u0219i va deveni o tradi\u021bie.<\/p>\n<p id=\"p-22\">\u201eSuntem la prima edi\u021bie, iar prima edi\u021bie conteaz\u0103 enorm. (\u2026) Am \u00eencredere c\u0103 este ceea ce trebuie \u0219i am \u00eencredere c\u0103 va fi o tradi\u021bie care se va repeta an de an\u201d, a spus edilul.<\/p>\n<p id=\"p-23\">Referindu-se la sportivii paralimpici, Ciucu \u0219i-a exprimat dorin\u021ba ca ei s\u0103 continue s\u0103 \u00eei inspire \u0219i pe cei care nu practic\u0103 sport.<\/p>\n<p id=\"p-24\">\u201eDac\u0103 pot s\u0103 fac ceva mai mult pentru competi\u021bie, s\u0103 o punem pe hart\u0103, s\u0103 o cre\u0219tem, s\u0103 aducem c\u00e2t mai mul\u021bi sportivi din regiune, o voi face. \u0218i Bucure\u0219tiul are de c\u00e2\u0219tigat dintr-un asemenea eveniment. C\u00e2nd comunit\u0103\u021bi vin \u00een ora\u0219, ora\u0219ul se \u00eembog\u0103\u021be\u0219te\u201d, a spus Ciucu.<\/p>\n<h2 id=\"chapter-6\">Jocurile continu\u0103 p\u00e2n\u0103 pe 5 septembrie<\/h2>\n<p id=\"p-25\">Competi\u021bia a \u00eenceput pe 1 septembrie, dat\u0103 care, din acest an, este oficial Ziua Sportului Paralimpic \u00een Rom\u00e2nia.<\/p>\n<p id=\"p-26\">\u00cen primele trei zile au avut loc \u00eentreceri la tenis \u00een scaun rulant, para tenis de mas\u0103, para atletism, baschet \u00een scaun rulant 3\u00d73, para \u00eenot \u0219i para powerlifting, precum \u0219i calific\u0103rile la para climbing.<\/p>\n<p id=\"p-27\">Jocurile Parasport Rom\u00e2nia 2026 continu\u0103 vineri \u0219i s\u00e2mb\u0103t\u0103, \u00een Bucure\u0219ti. Vineri sunt programate finalele la para climbing, iar s\u00e2mb\u0103t\u0103 au loc \u00eentreceri de para tir cu arcul, para canoe \u0219i judo adaptat.<\/p>\n<p id=\"p-28\">Prima edi\u021bie este organizat\u0103 de Comitetul Na\u021bional Paralimpic, cu sprijinul Comitetului Paralimpic European, al Agen\u021biei Na\u021bionale pentru Sport \u0219i Prim\u0103riei Municipiului Bucure\u0219ti.<\/p>\n<p id=\"p-29\">Organizatorii \u0219i-au propus ca Jocurile Parasport Rom\u00e2nia s\u0103 devin\u0103 un eveniment anual \u0219i un punct de \u00eent\u00e2lnire pentru mi\u0219carea paralimpic\u0103, reunind sportul, incluziunea \u0219i performan\u021ba sub aceea\u0219i identitate.<\/p>\n","protected":false},"excerpt":{"rendered":"<p>Ceremonia a avut loc la MINA \u2013 Museum of Immersive New Art, \u00een cea de-a treia zi a competi\u021biei, care se desf\u0103\u0219oar\u0103 \u00eentre 1 \u0219i 5 septembrie. Jocurile Parasport Rom\u00e2nia &hellip; <a href=\"https:\/\/microscopemedia.com\/?p=711493\" class=\"more-link\">Read More<\/a><\/p>\n","protected":false},"author":1,"featured_media":711494,"comment_status":"closed","ping_status":"closed","sticky":false,"template":"Default","format":"standard","meta":[],"categories":[1],"tags":[],"_links":{"self":[{"href":"https:\/\/microscopemedia.com\/index.php?rest_route=\/wp\/v2\/posts\/711493"}],"collection":[{"href":"https:\/\/microscopemedia.com\/index.php?rest_route=\/wp\/v2\/posts"}],"about":[{"href":"https:\/\/microscopemedia.com\/index.php?rest_route=\/wp\/v2\/types\/post"}],"author":[{"embeddable":true,"href":"https:\/\/microscopemedia.com\/index.php?rest_route=\/wp\/v2\/users\/1"}],"replies":[{"embeddable":true,"href":"https:\/\/microscopemedia.com\/index.php?rest_route=%2Fwp%2Fv2%2Fcomments&post=711493"}],"version-history":[{"count":0,"href":"https:\/\/microscopemedia.com\/index.php?rest_route=\/wp\/v2\/posts\/711493\/revisions"}],"wp:featuredmedia":[{"embeddable":true,"href":"https:\/\/microscopemedia.com\/index.php?rest_route=\/wp\/v2\/media\/711494"}],"wp:attachment":[{"href":"https:\/\/microscopemedia.com\/index.php?rest_route=%2Fwp%2Fv2%2Fmedia&parent=711493"}],"wp:term":[{"taxonomy":"category","embeddable":true,"href":"https:\/\/microscopemedia.com\/index.php?rest_route=%2Fwp%2Fv2%2Fcategories&post=711493"},{"taxonomy":"post_tag","embeddable":true,"href":"https:\/\/microscopemedia.com\/index.php?rest_route=%2Fwp%2Fv2%2Ftags&post=711493"}],"curies":[{"name":"wp","href":"https:\/\/api.w.org\/{rel}","templated":true}]}}