{"id":711495,"date":"2026-09-03T22:17:03","date_gmt":"2026-09-03T22:17:03","guid":{"rendered":"https:\/\/microscopemedia.com\/?p=711495"},"modified":"2026-09-03T22:17:03","modified_gmt":"2026-09-03T22:17:03","slug":"netanyahu-rasturnarea-regimului-din-iran-este-misiunea-principala-a-israelului","status":"publish","type":"post","link":"https:\/\/microscopemedia.com\/?p=711495","title":{"rendered":"Netanyahu: R\u0103sturnarea regimului din Iran este \u201emisiunea principal\u0103\u201d a Israelului"},"content":{"rendered":"<div readability=\"46.784469096672\">\n<div class=\"sgb-google-buttons\">\n<div class=\"display-flex justify-center google-logo\"><img decoding=\"async\" loading=\"lazy\" class=\"mg-x-auto\" width=\"30\" height=\"30\" src=\"https:\/\/microscopemedia.com\/wp-content\/uploads\/2026\/09\/netanyahu-rasturnarea-regimului-din-iran-este-misiunea-principala-a-israelului.png\" alt><\/div>\n<\/p><\/div>\n<p id=\"p-0\">Benjamin Netanyahu a f\u0103cut declara\u021biile joi, la Tel Aviv, \u00een cadrul unei \u00eent\u00e2lniri cu oficiali de rang \u00eenalt din domeniul ap\u0103r\u0103rii \u0219i cu conducerea armatei israeliene.<\/p>\n<p id=\"p-1\">\u201eAcest regim se clatin\u0103. Este mai slab ca niciodat\u0103. Lupt\u0103 pentru supravie\u021buire\u201d, a afirmat premierul israelian, citat de <a href=\"https:\/\/www.foxnews.com\/live-news\/us-iran-war-strikes-strait-of-hormuz-09-03-26\" target=\"_blank\" rel=\"noopener\">Fox News<\/a>.<\/p>\n<h2 id=\"chapter-0\">Netanyahu: \u201eNu v\u0103 pune\u021bi cu noi!\u201d<\/h2>\n<p id=\"p-2\">Premierul isrelian consider\u0103 c\u0103 Israelul are capacitatea de a elimina ceea ce consider\u0103 a fi amenin\u021barea reprezentat\u0103 de actuala conducere iranian\u0103.<\/p>\n<p id=\"p-3\">\u201eSunt convins de capacitatea noastr\u0103 de a elimina aceast\u0103 amenin\u021bare o dat\u0103 pentru totdeauna, adic\u0103 de a r\u0103sturna acest regim. Aceasta este principala misiune care ne-a mai r\u0103mas, dar este aproape. Nu este imposibil. Este la \u00eendem\u00e2n\u0103\u201d, a spus Netanyahu.<\/p>\n<p id=\"p-4\">\u0218eful guvernului israelian a transmis \u0219i un avertisment direct adversarilor \u021b\u0103rii sale: \u201eNu v\u0103 pune\u021bi cu noi. Avem puterea, determinarea \u0219i unitatea intern\u0103 pentru a v\u0103 \u00eenvinge\u201d.<\/p>\n<h2 id=\"chapter-1\">R\u0103sturnarea regimului iranian, obiectiv declarat al Israelului<\/h2>\n<p id=\"p-5\">Statele Unite au reluat \u00een aceast\u0103 s\u0103pt\u0103m\u00e2n\u0103 loviturile asupra unor \u021binte iraniene, dup\u0103 aproximativ o lun\u0103 f\u0103r\u0103 ac\u021biuni militare directe, iar Teheranul a r\u0103spuns cu atacuri cu rachete \u0219i drone asupra unor obiective americane \u0219i ale alia\u021bilor Washingtonului din regiune.<\/p>\n<p id=\"p-6\">Conflictul dintre SUA, Israel \u0219i Iran dureaz\u0103 de peste \u0219ase luni. Opera\u021biunile militare americano-israeliene au \u00eenceput la sf\u00e2r\u0219itul lunii februarie. SUA \u0219i Israel au sus\u021binut c\u0103 obiectivul atacurilor este eliminarea amenin\u021b\u0103rii reprezentate de programul nuclear iranian \u0219i sl\u0103birea capacit\u0103\u021bilor militare \u0219i balistice ale Teheranului. \u00cen pofida loviturilor \u0219i a sanc\u021biunilor economice, conducerea iranian\u0103 a r\u0103mas la putere.<\/p>\n<p id=\"p-7\">Nu este pentru prima dat\u0103 c\u00e2nd conducerea israelian\u0103 vorbe\u0219te despre r\u0103sturnarea regimului iranian. \u00cen aprilie, directorul Mossad, Dadi Barnea, declara c\u0103 misiunea Israelului \u00een Iran va fi \u00eencheiat\u0103 numai atunci c\u00e2nd actualul regim va fi \u00eenlocuit.<\/p>\n<p id=\"p-8\">Netanyahu \u00eensu\u0219i a afirmat miercuri c\u0103 Israelul \u201enu \u0219i-a \u00eencheiat \u00eenc\u0103 misiunea\u201d \u00een Iran \u0219i c\u0103 structurile aflate sub conducerea sa lucreaz\u0103 pentru r\u0103sturnarea regimului de la Teheran.<\/p>\n<\/p><\/div>\n","protected":false},"excerpt":{"rendered":"<p>Benjamin Netanyahu a f\u0103cut declara\u021biile joi, la Tel Aviv, \u00een cadrul unei \u00eent\u00e2lniri cu oficiali de rang \u00eenalt din domeniul ap\u0103r\u0103rii \u0219i cu conducerea armatei israeliene. \u201eAcest regim se clatin\u0103. &hellip; <a href=\"https:\/\/microscopemedia.com\/?p=711495\" class=\"more-link\">Read More<\/a><\/p>\n","protected":false},"author":1,"featured_media":711496,"comment_status":"closed","ping_status":"closed","sticky":false,"template":"Default","format":"standard","meta":[],"categories":[1],"tags":[],"_links":{"self":[{"href":"https:\/\/microscopemedia.com\/index.php?rest_route=\/wp\/v2\/posts\/711495"}],"collection":[{"href":"https:\/\/microscopemedia.com\/index.php?rest_route=\/wp\/v2\/posts"}],"about":[{"href":"https:\/\/microscopemedia.com\/index.php?rest_route=\/wp\/v2\/types\/post"}],"author":[{"embeddable":true,"href":"https:\/\/microscopemedia.com\/index.php?rest_route=\/wp\/v2\/users\/1"}],"replies":[{"embeddable":true,"href":"https:\/\/microscopemedia.com\/index.php?rest_route=%2Fwp%2Fv2%2Fcomments&post=711495"}],"version-history":[{"count":0,"href":"https:\/\/microscopemedia.com\/index.php?rest_route=\/wp\/v2\/posts\/711495\/revisions"}],"wp:featuredmedia":[{"embeddable":true,"href":"https:\/\/microscopemedia.com\/index.php?rest_route=\/wp\/v2\/media\/711496"}],"wp:attachment":[{"href":"https:\/\/microscopemedia.com\/index.php?rest_route=%2Fwp%2Fv2%2Fmedia&parent=711495"}],"wp:term":[{"taxonomy":"category","embeddable":true,"href":"https:\/\/microscopemedia.com\/index.php?rest_route=%2Fwp%2Fv2%2Fcategories&post=711495"},{"taxonomy":"post_tag","embeddable":true,"href":"https:\/\/microscopemedia.com\/index.php?rest_route=%2Fwp%2Fv2%2Ftags&post=711495"}],"curies":[{"name":"wp","href":"https:\/\/api.w.org\/{rel}","templated":true}]}}