{"id":711513,"date":"2026-09-04T03:56:03","date_gmt":"2026-09-04T03:56:03","guid":{"rendered":"https:\/\/microscopemedia.com\/?p=711513"},"modified":"2026-09-04T03:56:03","modified_gmt":"2026-09-04T03:56:03","slug":"volkswagen-taie-50-000-de-locuri-de-munca-si-inchide-productia-la-patru-uzine-din-germania","status":"publish","type":"post","link":"https:\/\/microscopemedia.com\/?p=711513","title":{"rendered":"Volkswagen taie 50.000 de locuri de munc\u0103 \u0219i \u00eenchide produc\u021bia la patru uzine din Germania"},"content":{"rendered":"<div class=\"sgb-google-buttons\">\n<div class=\"display-flex justify-center google-logo\"><img decoding=\"async\" loading=\"lazy\" class=\"mg-x-auto\" width=\"30\" height=\"30\" src=\"https:\/\/microscopemedia.com\/wp-content\/uploads\/2026\/09\/volkswagen-taie-50-000-de-locuri-de-munca-si-inchide-productia-la-patru-uzine-din-germania.png\" alt><\/div>\n<\/p><\/div>\n<p id=\"p-0\">Decizia vine \u00eentr-un moment dificil pentru gigantul auto, afectat de concuren\u021ba produc\u0103torilor chinezi \u0219i de presiunea tarifelor americane, transmite <a href=\"https:\/\/apnews.com\/article\/volkswagen-job-cuts-plants-oliver-blume-8ebf1cc6693a06d06b12fac5693c8333\" target=\"_blank\" rel=\"noopener\">AP<\/a>.<\/p>\n<h2 id=\"chapter-0\">Volkswagen renun\u021b\u0103 la 50.000 de posturi<\/h2>\n<p id=\"p-1\">Consiliul de administra\u021bie al Volkswagen a aprobat joi planul propus de CEO-ul Oliver Blume, care prevede reducerea efectivelor cu aproximativ 50.000 de posturi. Volkswagen are \u00een prezent aproximativ 650.000 de angaja\u021bi, ceea ce \u00eenseamn\u0103 c\u0103 restructurarea anun\u021bat\u0103 reprezint\u0103 o schimbare major\u0103 pentru grup. Planul include \u0219i reducerea cu aproximativ 50% a num\u0103rului de modele produse de companie. Ideea conducerii este ca fiecare model r\u0103mas \u00een gam\u0103 s\u0103 fie produs \u00een volume mai mari, ceea ce ar permite companiei s\u0103 reduc\u0103 o parte dintre costurile fixe. Volkswagen inten\u021bioneaz\u0103, de asemenea, s\u0103 simplifice structurile de conducere \u0219i s\u0103 scurteze lan\u021burile de decizie.<\/p>\n<div id=\"attachment_23799293\" class=\"wp-caption aligncenter\" readability=\"32\"><img aria-describedby=\"caption-attachment-23799293\" class=\"size-full wp-image-23799293\" src=\"https:\/\/microscopemedia.com\/wp-content\/uploads\/2026\/09\/volkswagen-taie-50-000-de-locuri-de-munca-si-inchide-productia-la-patru-uzine-din-germania.webp\" alt width=\"900\" height=\"600\" loading=\"lazy\" decoding=\"async\" srcset=\"https:\/\/microscopemedia.com\/wp-content\/uploads\/2026\/09\/volkswagen-taie-50-000-de-locuri-de-munca-si-inchide-productia-la-patru-uzine-din-germania-1.webp 500w, https:\/\/microscopemedia.com\/wp-content\/uploads\/2026\/09\/volkswagen-taie-50-000-de-locuri-de-munca-si-inchide-productia-la-patru-uzine-din-germania.webp 728w\"><\/p>\n<p id=\"caption-attachment-23799293\" class=\"wp-caption-text\"><em>Ma\u0219ini Volkswagen \u00eentr-o fabric\u0103 din Germania. Sursa foto: Hepta\/Mediafax Foto<\/em><\/p>\n<\/div>\n<h2 id=\"chapter-1\">Patru uzine germane pierd produc\u021bia de automobile<\/h2>\n<p id=\"p-2\">Cea mai sensibil\u0103 parte a planului prive\u0219te fabricile Volkswagen din Germania. Compania estimeaz\u0103 c\u0103 are o capacitate de produc\u021bie excedentar\u0103 de aproximativ 500.000 de automobile \u00een Europa. \u00cen cazul uzinelor din Emden, Zwickau, Hanovra \u0219i Neckarsulm, Volkswagen afirm\u0103 c\u0103 nu poate garanta o alocare competitiv\u0103 a produc\u021biei de automobile pentru viitor. Prin urmare, produc\u021bia auto va fi oprit\u0103 la aceste patru fabrici. Volkswagen precizeaz\u0103 \u00eens\u0103 c\u0103 analizeaz\u0103 posibilitatea unor utiliz\u0103ri alternative pentru uzine, astfel \u00eenc\u00e2t acestea s\u0103 nu r\u0103m\u00e2n\u0103 neap\u0103rat f\u0103r\u0103 activitate.<\/p>\n<h2 id=\"chapter-2\">Decizia a venit dup\u0103 negocieri tensionate cu angaja\u021bii<\/h2>\n<p id=\"p-3\">Planul a \u00eent\u00e2mpinat ini\u021bial opozi\u021bie din partea reprezentan\u021bilor angaja\u021bilor \u0219i a autorit\u0103\u021bilor regionale. Reprezentan\u021bii salaria\u021bilor de\u021bin jum\u0103tate dintre locurile din consiliul de administra\u021bie al Volkswagen, iar landul Saxonia Inferioar\u0103, unde compania are sediul, are la r\u00e2ndul s\u0103u dou\u0103 locuri \u00een consiliu \u0219i de\u021bine o participa\u021bie \u00een grup. Daniela Cavallo, principala reprezentant\u0103 a angaja\u021bilor, a criticat puternic planul atunci c\u00e2nd acesta a fost prezentat \u00een var\u0103.<\/p>\n<p id=\"p-4\">Dup\u0103 aprobarea restructur\u0103rii, ea a transmis \u00eens\u0103 c\u0103 m\u0103surile reprezint\u0103 \u201eo necesitate\u201d pentru ca Volkswagen s\u0103 poat\u0103 intra cu succes \u00een urm\u0103torul deceniu. \u0218i guvernatorul Saxoniei Inferioare, Olaf Lies, a recunoscut amploarea problemelor cu care se confrunt\u0103 compania. El a descris planul drept un drum comun c\u0103tre transformarea considerat\u0103 necesar\u0103.<\/p>\n<h2 id=\"chapter-3\">China pune presiune pe gigantul german<\/h2>\n<p id=\"p-5\">Una dintre principalele probleme pentru Volkswagen este pia\u021ba chinez\u0103. V\u00e2nz\u0103rile companiei \u00een China au sc\u0103zut, contribuind la o reducere de 30% a profitului dup\u0103 impozitare \u00een prima jum\u0103tate a anului, potrivit datelor citate de AP. \u00cen acela\u0219i timp, produc\u0103torii chinezi au devenit competitori tot mai puternici, inclusiv pe segmentul automobilelor electrice, unde constructorii europeni \u00eencearc\u0103 s\u0103-\u0219i reduc\u0103 decalajul.<\/p>\n<div id=\"attachment_23801688\" class=\"wp-caption aligncenter\" readability=\"33\"><img loading=\"lazy\" fetchpriority=\"high\" decoding=\"async\" aria-describedby=\"caption-attachment-23801688\" class=\"size-full wp-image-23801688\" src=\"https:\/\/microscopemedia.com\/wp-content\/uploads\/2026\/09\/volkswagen-taie-50-000-de-locuri-de-munca-si-inchide-productia-la-patru-uzine-din-germania.jpg\" alt width=\"688\" height=\"471\" srcset=\"https:\/\/microscopemedia.com\/wp-content\/uploads\/2026\/09\/volkswagen-taie-50-000-de-locuri-de-munca-si-inchide-productia-la-patru-uzine-din-germania.jpg 688w, https:\/\/www.mediafax.ro\/wp-content\/uploads\/2026\/09\/oliver-blume-ceo-volkswagen-300x205.jpg 300w\" sizes=\"(max-width: 688px) 100vw, 688px\"><\/p>\n<p id=\"caption-attachment-23801688\" class=\"wp-caption-text\"><em>CEO-ul Volkswagen, Oliver Blume. Sursa foto: X<\/em><\/p>\n<\/div>\n<p id=\"p-6\">Volkswagen trebuie s\u0103 fac\u0103 fa\u021b\u0103 \u0219i efectelor tarifelor americane, care pun presiune suplimentar\u0103 asupra industriei auto. Oliver Blume sus\u021bine c\u0103 m\u0103surile sunt necesare pentru viitorul grupului \u0219i pentru consolidarea competitivit\u0103\u021bii m\u0103rcilor sale. \u201eEste un semnal puternic pentru viitorul Volkswagen Group\u201d, a transmis CEO-ul.<\/p>\n<h2 id=\"chapter-4\">O schimbare care dep\u0103\u0219e\u0219te marca Volkswagen<\/h2>\n<p id=\"p-7\">Restructurarea nu vizeaz\u0103 doar marca Volkswagen. Grupul german controleaz\u0103 un portofoliu vast de m\u0103rci, printre care Audi, \u0160koda, Porsche \u0219i SEAT. Reducerea num\u0103rului de modele \u0219i a capacit\u0103\u021bii de produc\u021bie arat\u0103 presiunea exercitat\u0103 asupra unuia dintre cei mai mari produc\u0103tori auto din lume pentru a-\u0219i adapta structura de costuri la o pia\u021b\u0103 \u00een schimbare.<\/p>\n<p id=\"p-8\">Pentru industria german\u0103, \u00eenchiderea produc\u021biei de automobile la patru uzine este, de asemenea, un semnal important. Germania se confrunt\u0103 de mai mult timp cu presiuni asupra sectorului industrial, iar Volkswagen este unul dintre cei mai importan\u021bi angajatori \u0219i simboluri ale economiei sale.<\/p>\n<p id=\"p-9\">Planul aprobat joi arat\u0103 c\u0103 transformarea industriei auto nu mai \u00eenseamn\u0103 doar trecerea de la motoarele conven\u021bionale la <a href=\"https:\/\/www.mediafax.ro\/auto\/masini-fara-volan-si-pedale-tesla-prezinta-cybercab-masina-viitorului-23800867\">automobile electrice<\/a>. Pentru constructorii europeni, miza este \u0219i reducerea costurilor, adaptarea capacit\u0103\u021bii de produc\u021bie \u0219i r\u0103spunsul la concuren\u021ba tot mai puternic\u0103 venit\u0103 din China.<\/p>\n","protected":false},"excerpt":{"rendered":"<p>Decizia vine \u00eentr-un moment dificil pentru gigantul auto, afectat de concuren\u021ba produc\u0103torilor chinezi \u0219i de presiunea tarifelor americane, transmite AP. Volkswagen renun\u021b\u0103 la 50.000 de posturi Consiliul de administra\u021bie al &hellip; <a href=\"https:\/\/microscopemedia.com\/?p=711513\" class=\"more-link\">Read More<\/a><\/p>\n","protected":false},"author":1,"featured_media":711514,"comment_status":"closed","ping_status":"closed","sticky":false,"template":"Default","format":"standard","meta":[],"categories":[1],"tags":[],"_links":{"self":[{"href":"https:\/\/microscopemedia.com\/index.php?rest_route=\/wp\/v2\/posts\/711513"}],"collection":[{"href":"https:\/\/microscopemedia.com\/index.php?rest_route=\/wp\/v2\/posts"}],"about":[{"href":"https:\/\/microscopemedia.com\/index.php?rest_route=\/wp\/v2\/types\/post"}],"author":[{"embeddable":true,"href":"https:\/\/microscopemedia.com\/index.php?rest_route=\/wp\/v2\/users\/1"}],"replies":[{"embeddable":true,"href":"https:\/\/microscopemedia.com\/index.php?rest_route=%2Fwp%2Fv2%2Fcomments&post=711513"}],"version-history":[{"count":0,"href":"https:\/\/microscopemedia.com\/index.php?rest_route=\/wp\/v2\/posts\/711513\/revisions"}],"wp:featuredmedia":[{"embeddable":true,"href":"https:\/\/microscopemedia.com\/index.php?rest_route=\/wp\/v2\/media\/711514"}],"wp:attachment":[{"href":"https:\/\/microscopemedia.com\/index.php?rest_route=%2Fwp%2Fv2%2Fmedia&parent=711513"}],"wp:term":[{"taxonomy":"category","embeddable":true,"href":"https:\/\/microscopemedia.com\/index.php?rest_route=%2Fwp%2Fv2%2Fcategories&post=711513"},{"taxonomy":"post_tag","embeddable":true,"href":"https:\/\/microscopemedia.com\/index.php?rest_route=%2Fwp%2Fv2%2Ftags&post=711513"}],"curies":[{"name":"wp","href":"https:\/\/api.w.org\/{rel}","templated":true}]}}