{"id":711515,"date":"2026-09-04T04:27:03","date_gmt":"2026-09-04T04:27:03","guid":{"rendered":"https:\/\/microscopemedia.com\/?p=711515"},"modified":"2026-09-04T04:27:03","modified_gmt":"2026-09-04T04:27:03","slug":"razboi-la-varful-fotbalului-mondial-fifa-acuza-uefa-de-o-campanie-de-denigrare-impotriva-lui-gianni-infantino","status":"publish","type":"post","link":"https:\/\/microscopemedia.com\/?p=711515","title":{"rendered":"R\u0103zboi la v\u00e2rful fotbalului mondial: FIFA acuz\u0103 UEFA de o \u201ecampanie de denigrare\u201d \u00eempotriva lui Gianni Infantino"},"content":{"rendered":"<div class=\"sgb-google-buttons\">\n<div class=\"display-flex justify-center google-logo\"><img decoding=\"async\" loading=\"lazy\" class=\"mg-x-auto\" width=\"30\" height=\"30\" src=\"https:\/\/microscopemedia.com\/wp-content\/uploads\/2026\/09\/razboi-la-varful-fotbalului-mondial-fifa-acuza-uefa-de-o-campanie-de-denigrare-impotriva-lui-gianni-infantino.png\" alt><\/div>\n<\/p><\/div>\n<p id=\"p-0\">Disputa a ajuns deja \u00een instan\u021bele americane \u0219i ar putea avea consecin\u021be asupra viitorului lui Infantino, care urm\u0103re\u0219te s\u0103 ob\u021bin\u0103 un al patrulea mandat la conducerea FIFA, transmite <a href=\"https:\/\/www.reuters.com\/sports\/soccer\/fifa-accuses-uefa-smear-campaign-fight-over-infantino-plan-2026-09-03\/\" target=\"_blank\" rel=\"noopener\">Reuters<\/a>.<\/p>\n<h2 id=\"chapter-0\">FIFA acuz\u0103 UEFA de \u201ecampanie de denigrare\u201d<\/h2>\n<p id=\"p-1\">FIFA a depus la un tribunal federal din New York o solicitare prin care cere am\u00e2narea unei cereri formulate de UEFA sau posibilitatea de a se opune acesteia. Forul mondial sus\u021bine c\u0103 UEFA desf\u0103\u0219oar\u0103 o \u201ecampanie de denigrare\u201d \u00eempotriva FIFA \u0219i a conducerii sale.<\/p>\n<p id=\"p-2\">\u00cen centrul conflictului se afl\u0103 FIFA Forward Enterprise (FFE), o entitate propus\u0103 pentru administrarea unor drepturi comerciale asociate Cupei Mondiale masculine \u0219i feminine. UEFA a solicitat anterior instan\u021bei americane s\u0103 \u00eei permit\u0103 s\u0103 ob\u021bin\u0103 m\u0103rturii \u0219i documente de la entit\u0103\u021bi din Statele Unite. Materialele ar putea fi folosite \u00een eventuale proceduri penale \u00een Elve\u021bia.<\/p>\n<blockquote class=\"twitter-tweet\" data-media-max-width=\"560\" readability=\"12.532258064516\">\n<p dir=\"ltr\" lang=\"es\" id=\"p-3\">Obligado a hacer una declaraci\u00f3n por la filtraci\u00f3n de la carta a las Federaciones, con todo el descaro del mundo Gianni Infantino, llama al FIFA Forward Enterprise parte de un proceso \u201cdemocr\u00e1tico\u201d \u201duna \u201coferta\u201d \u201cuna consulta\u201d pero no \u201cuna obligaci\u00f3n.<br \/>Pero, les dio a las\u2026 <a href=\"https:\/\/t.co\/BQyoDgV0Vv\">pic.twitter.com\/BQyoDgV0Vv<\/a><\/p>\n<p id=\"p-4\">\u2014 Marisa Lara \u26bd\ufe0f (@Larita_511) <a href=\"https:\/\/x.com\/Larita_511\/status\/2082842876245860618?ref_src=twsrc%5Etfw\">July 30, 2026<\/a><\/p>\n<\/blockquote>\n<p id=\"p-5\">FIFA contest\u0103 demersul \u0219i sus\u021bine c\u0103 UEFA \u00eencearc\u0103 s\u0103 ob\u021bin\u0103 informa\u021bii pentru proceduri penale elve\u021biene care, potrivit forului mondial, nici m\u0103car nu exist\u0103 \u00een prezent.<\/p>\n<h2 id=\"chapter-1\">Planul comercial a fost abandonat \u00een iulie<\/h2>\n<p id=\"p-6\">Propunerea FFE a fost retras\u0103 pe 31 iulie, dup\u0103 opozi\u021bia UEFA \u0219i a altor confedera\u021bii regionale. UEFA a criticat proiectul deoarece considera c\u0103 acesta a fost elaborat f\u0103r\u0103 consultarea suficient\u0103 a structurilor de conducere ale FIFA \u0219i a celor 211 federa\u021bii membre.<\/p>\n<p id=\"p-7\">\u00cen schimb, FIFA sus\u021bine c\u0103 UEFA a \u00eencercat s\u0103 \u00eempiedice proiectul \u00eenc\u0103 de la \u00eenceput. Potrivit forului mondial, disputa nu este doar despre o entitate comercial\u0103, ci \u0219i despre modul \u00een care sunt distribuite puterea \u0219i veniturile \u00een fotbalul interna\u021bional. FIFA a sugerat c\u0103 opozi\u021bia UEFA este legat\u0103 de dorin\u021ba de a p\u0103stra influen\u021ba fotbalului european asupra organiza\u021biei mondiale.<\/p>\n<h2 id=\"chapter-2\">Presiunea asupra lui Gianni Infantino cre\u0219te<\/h2>\n<p id=\"p-8\">Conflictul este cu at\u00e2t mai important cu c\u00e2t Gianni Infantino se preg\u0103te\u0219te pentru alegerile FIFA din martie 2027, unde urm\u0103re\u0219te ob\u021binerea celui de-al patrulea mandat. Pozi\u021bia sa a devenit \u00eens\u0103 mai complicat\u0103 dup\u0103 controversa privind FFE.<\/p>\n<p id=\"p-9\">Potrivit Reuters, mai multe \u021b\u0103ri \u0219i-au retras sprijinul pentru candidatura sa, iar trei confedera\u021bii regionale \u2013 UEFA, Confedera\u021bia Asiatic\u0103 de Fotbal \u0219i CONCACAF \u2013 au exercitat presiuni asupra lui pentru a demisiona.<\/p>\n<p id=\"p-10\">Confedera\u021biile au discutat inclusiv posibilitatea unui vot de ne\u00eencredere \u00eempotriva pre\u0219edintelui FIFA. Infantino p\u0103streaz\u0103 \u00eens\u0103 sprijinul confedera\u021biilor din Africa \u0219i America de Sud \u0219i \u00eencearc\u0103 s\u0103 \u00ee\u0219i consolideze pozi\u021bia prin rela\u021bii directe cu federa\u021biile na\u021bionale membre.<\/p>\n<h2 id=\"chapter-3\">UEFA cere reforme \u0219i limite pentru puterea pre\u0219edintelui<\/h2>\n<p id=\"p-11\">UEFA a anun\u021bat c\u0103 va colabora cu alte confedera\u021bii pentru a oferi federa\u021biilor membre o \u201ealternativ\u0103 credibil\u0103\u201d dac\u0103 Infantino va candida pentru un nou mandat.<\/p>\n<p id=\"p-12\">Forul european cere, de asemenea, limitarea puterii pre\u0219edintelui FIFA \u0219i o reform\u0103 a modului \u00een care organiza\u021bia este administrat\u0103. UEFA a solicitat o evaluare extern\u0103, cu adev\u0103rat independent\u0103, a proiectului FFE.<\/p>\n<p id=\"p-13\">Argumentul forului european este c\u0103 FIFA nu ar trebui s\u0103 \u00ee\u0219i investigheze singur\u0103 propria propunere \u0219i apoi s\u0103 a\u0219tepte ca lumea fotbalului s\u0103 accepte concluziile.<\/p>\n<h2 id=\"chapter-4\">Un posibil boicot FIFA a fost suspendat<\/h2>\n<p id=\"p-14\">Conflictul a ajuns at\u00e2t de departe \u00eenc\u00e2t UEFA a discutat \u0219i posibilitatea boicot\u0103rii unor competi\u021bii FIFA. Planurile au fost \u00eens\u0103 suspendate provizoriu, ceea ce permite participarea echipelor europene calificate la urm\u0103toarea Cupa Mondial\u0103 feminin\u0103 Under-20 din Polonia.<\/p>\n<p id=\"p-15\">Turneul ar fi fost primul eveniment major care putea fi afectat direct de confruntarea dintre cele dou\u0103 organisme. Pentru moment, competi\u021biile continu\u0103, dar conflictul institu\u021bional este departe de a fi \u00eencheiat.<\/p>\n<h2 id=\"chapter-5\">Miza dep\u0103\u0219e\u0219te proiectul abandonat<\/h2>\n<p id=\"p-16\">Confruntarea dintre FIFA \u0219i UEFA nu mai este doar o disput\u0103 privind un proiect comercial retras. \u00cen joc se afl\u0103 viitorul conducerii FIFA, raportul de putere dintre forul mondial \u0219i confedera\u021biile regionale \u0219i modul \u00een care sunt gestionate drepturile comerciale ale fotbalului interna\u021bional.<\/p>\n<p id=\"p-17\">Pentru Infantino, apropierea alegerilor din 2027 face ca fiecare conflict institu\u021bional s\u0103 devin\u0103 poten\u021bial important. Pentru UEFA, <a href=\"https:\/\/www.mediafax.ro\/sport\/apropiatul-lui-trump-joshua-kushner-regreta-angajamentul-sau-fata-de-proiectul-infantino-ce-a-dus-la-criza-fifa-23799618\">cazul FFE<\/a> a devenit un punct de plecare pentru o ofensiv\u0103 mai larg\u0103 privind reformarea FIFA \u0219i limitarea puterii pre\u0219edintelui.<\/p>\n<p id=\"p-18\">Deocamdat\u0103, niciuna dintre tabere nu pare dispus\u0103 s\u0103 fac\u0103 un pas decisiv \u00eenapoi, iar disputa juridic\u0103 din Statele Unite poate deschide un nou capitol al confrunt\u0103rii.<\/p>\n","protected":false},"excerpt":{"rendered":"<p>Disputa a ajuns deja \u00een instan\u021bele americane \u0219i ar putea avea consecin\u021be asupra viitorului lui Infantino, care urm\u0103re\u0219te s\u0103 ob\u021bin\u0103 un al patrulea mandat la conducerea FIFA, transmite Reuters. FIFA &hellip; <a href=\"https:\/\/microscopemedia.com\/?p=711515\" class=\"more-link\">Read More<\/a><\/p>\n","protected":false},"author":1,"featured_media":711516,"comment_status":"closed","ping_status":"closed","sticky":false,"template":"Default","format":"standard","meta":[],"categories":[1],"tags":[],"_links":{"self":[{"href":"https:\/\/microscopemedia.com\/index.php?rest_route=\/wp\/v2\/posts\/711515"}],"collection":[{"href":"https:\/\/microscopemedia.com\/index.php?rest_route=\/wp\/v2\/posts"}],"about":[{"href":"https:\/\/microscopemedia.com\/index.php?rest_route=\/wp\/v2\/types\/post"}],"author":[{"embeddable":true,"href":"https:\/\/microscopemedia.com\/index.php?rest_route=\/wp\/v2\/users\/1"}],"replies":[{"embeddable":true,"href":"https:\/\/microscopemedia.com\/index.php?rest_route=%2Fwp%2Fv2%2Fcomments&post=711515"}],"version-history":[{"count":0,"href":"https:\/\/microscopemedia.com\/index.php?rest_route=\/wp\/v2\/posts\/711515\/revisions"}],"wp:featuredmedia":[{"embeddable":true,"href":"https:\/\/microscopemedia.com\/index.php?rest_route=\/wp\/v2\/media\/711516"}],"wp:attachment":[{"href":"https:\/\/microscopemedia.com\/index.php?rest_route=%2Fwp%2Fv2%2Fmedia&parent=711515"}],"wp:term":[{"taxonomy":"category","embeddable":true,"href":"https:\/\/microscopemedia.com\/index.php?rest_route=%2Fwp%2Fv2%2Fcategories&post=711515"},{"taxonomy":"post_tag","embeddable":true,"href":"https:\/\/microscopemedia.com\/index.php?rest_route=%2Fwp%2Fv2%2Ftags&post=711515"}],"curies":[{"name":"wp","href":"https:\/\/api.w.org\/{rel}","templated":true}]}}