{"id":711517,"date":"2026-09-04T04:47:02","date_gmt":"2026-09-04T04:47:02","guid":{"rendered":"https:\/\/microscopemedia.com\/?p=711517"},"modified":"2026-09-04T04:47:02","modified_gmt":"2026-09-04T04:47:02","slug":"incendiu-la-spitalul-de-psihiatrie-din-stei-provocat-intentionat-cinci-angajati-intoxicati-cu-fum-planul-rosu-de-interventie-activat","status":"publish","type":"post","link":"https:\/\/microscopemedia.com\/?p=711517","title":{"rendered":"Incendiu la Spitalul de Psihiatrie din \u0218tei, provocat inten\u021bionat. Cinci angaja\u021bi, intoxica\u021bi cu fum. Planul Ro\u0219u de Interven\u021bie, activat"},"content":{"rendered":"<div readability=\"46.896017699115\">\n<div class=\"sgb-google-buttons\">\n<div class=\"display-flex justify-center google-logo\"><img decoding=\"async\" loading=\"lazy\" class=\"mg-x-auto\" width=\"30\" height=\"30\" src=\"https:\/\/microscopemedia.com\/wp-content\/uploads\/2026\/09\/incendiu-la-spitalul-de-psihiatrie-din-stei-provocat-intentionat-cinci-angajati-intoxicati-cu-fum-planul-rosu-de-interventie-activat.png\" alt><\/div>\n<\/p><\/div>\n<h2 id=\"chapter-0\">UPDATE. Incendiul de la Spitalul de Psihiatrie din \u0218tei a fost provocat inten\u021bionat. Cinci angaja\u021bi au fost intoxica\u021bi u\u0219or cu fum<\/h2>\n<p id=\"p-0\">Potrivit ISU Bihor, incendiul izbucnit la Spitalul de Psihiatrie \u0219i M\u0103suri de Siguran\u021b\u0103 din \u0218tei a fost provocat inten\u021bionat de o pacient\u0103. Este vorba despre o persoan\u0103 de sex feminin, f\u0103r\u0103 discern\u0103m\u00e2nt.<\/p>\n<div class=\"single__inline-gallery color-white mg-bottom-20 bg-black padding-5 md:rounded-10\">\n<div class=\"md:rounded-5 display-grid xs:grid-cols-2 grid-cols-3 gap-5\">\n<div class=\"single__inline-gallery-image relative column-span-2 row-span-2\">\n                <a href=\"https:\/\/www.mediafax.ro\/poze\/incendiu-la-spitalul-de-psihiatrie-din-stei-provocat-intentionat-cinci-angajati-intoxicati-cu-fum-planul-rosu-de-interventie-activat-23801698\"><br \/>\n                    <img decoding=\"async\" loading=\"lazy\" src=\"https:\/\/microscopemedia.com\/wp-content\/uploads\/2026\/09\/incendiu-la-spitalul-de-psihiatrie-din-stei-provocat-intentionat-cinci-angajati-intoxicati-cu-fum-planul-rosu-de-interventie-activat.jpg\" width=\"700\" height=\"450\"><br \/>\n                <\/a>\n                            <\/div>\n<div class=\"single__inline-gallery-image relative \">\n                <a href=\"https:\/\/www.mediafax.ro\/poze\/incendiu-la-spitalul-de-psihiatrie-din-stei-provocat-intentionat-cinci-angajati-intoxicati-cu-fum-planul-rosu-de-interventie-activat-23801698\"><br \/>\n                    <img decoding=\"async\" loading=\"lazy\" src=\"https:\/\/microscopemedia.com\/wp-content\/uploads\/2026\/09\/incendiu-la-spitalul-de-psihiatrie-din-stei-provocat-intentionat-cinci-angajati-intoxicati-cu-fum-planul-rosu-de-interventie-activat-1.jpg\" width=\"700\" height=\"450\"><br \/>\n                <\/a>\n                            <\/div>\n<\/p><\/div>\n<\/p><\/div>\n<p id=\"p-1\">\u00cen urma incendiului, cinci angaja\u021bi ai spitalului, trei femei \u0219i doi b\u0103rba\u021bi, au suferit o u\u0219oar\u0103 intoxica\u021bie cu fum. Ace\u0219tia sunt infirmierii care s-au ocupat de evacuarea pacien\u021bilor de la etajul 1 al cl\u0103dirii.<\/p>\n<p id=\"p-2\">Cele cinci persoane au primit \u00eengrijiri medicale la fa\u021ba locului. Ulterior, toate au refuzat transportul la spital.<\/p>\n<h2 id=\"chapter-1\">\u0218tirea ini\u021bial\u0103<\/h2>\n<p class=\"isSelectedEnd\" id=\"p-3\">Un incendiu a izbucnit \u00een noaptea de joi spre vineri, 4 septembrie, la Spitalul de Psihiatrie \u0219i M\u0103suri de Siguran\u021b\u0103 din \u0218tei, jude\u021bul Bihor. Autorit\u0103\u021bile au activat Planul Ro\u0219u de Interven\u021bie dup\u0103 ce focul a fost semnalat \u00eentr-unul dintre saloanele unit\u0103\u021bii medicale. Acesta a fost ulterior dezactivat.<\/p>\n<p id=\"p-4\">Potrivit primelor informa\u021bii transmise de Ministerul S\u0103n\u0103t\u0103\u021bii, incendiul s-a manifestat la nivelul unui salon, iar primele cercet\u0103ri au indicat posibilitatea ca focul s\u0103 fi fost ini\u021biat de pacien\u021bi.<\/p>\n<p id=\"p-5\">La momentul interven\u021biei, 56 de persoane aflate \u00een interiorul cl\u0103dirii au fost evacuate \u00een siguran\u021b\u0103, potrivit informa\u021biilor trimise de Centrul Operativ pentru Situa\u021bii de Urgen\u021b\u0103 din cadrul Ministerului S\u0103n\u0103t\u0103\u021bii.<\/p>\n<p id=\"p-6\">Ulterior, Ministerul a transmis o actualizare privind interven\u021bia de la spital. Planul Ro\u0219u de Interven\u021bie, activat dup\u0103 izbucnirea incendiului, a fost dezactivat dup\u0103 ce situa\u021bia a fost gestionat\u0103 de echipajele de interven\u021bie.<\/p>\n<p id=\"p-7\">Potrivit ultimelor informa\u021bii, num\u0103rul total al persoanelor evacuate sau care s-au autoevacuat \u00een siguran\u021b\u0103 de la cele dou\u0103 etaje ale cl\u0103dirii a ajuns la 116.<\/p>\n<p id=\"p-8\">\u00cen urma incendiului nu au fost raportate victime.<\/p>\n<\/p><\/div>\n","protected":false},"excerpt":{"rendered":"<p>UPDATE. Incendiul de la Spitalul de Psihiatrie din \u0218tei a fost provocat inten\u021bionat. Cinci angaja\u021bi au fost intoxica\u021bi u\u0219or cu fum Potrivit ISU Bihor, incendiul izbucnit la Spitalul de Psihiatrie &hellip; <a href=\"https:\/\/microscopemedia.com\/?p=711517\" class=\"more-link\">Read More<\/a><\/p>\n","protected":false},"author":1,"featured_media":711518,"comment_status":"closed","ping_status":"closed","sticky":false,"template":"Default","format":"standard","meta":[],"categories":[1],"tags":[],"_links":{"self":[{"href":"https:\/\/microscopemedia.com\/index.php?rest_route=\/wp\/v2\/posts\/711517"}],"collection":[{"href":"https:\/\/microscopemedia.com\/index.php?rest_route=\/wp\/v2\/posts"}],"about":[{"href":"https:\/\/microscopemedia.com\/index.php?rest_route=\/wp\/v2\/types\/post"}],"author":[{"embeddable":true,"href":"https:\/\/microscopemedia.com\/index.php?rest_route=\/wp\/v2\/users\/1"}],"replies":[{"embeddable":true,"href":"https:\/\/microscopemedia.com\/index.php?rest_route=%2Fwp%2Fv2%2Fcomments&post=711517"}],"version-history":[{"count":0,"href":"https:\/\/microscopemedia.com\/index.php?rest_route=\/wp\/v2\/posts\/711517\/revisions"}],"wp:featuredmedia":[{"embeddable":true,"href":"https:\/\/microscopemedia.com\/index.php?rest_route=\/wp\/v2\/media\/711518"}],"wp:attachment":[{"href":"https:\/\/microscopemedia.com\/index.php?rest_route=%2Fwp%2Fv2%2Fmedia&parent=711517"}],"wp:term":[{"taxonomy":"category","embeddable":true,"href":"https:\/\/microscopemedia.com\/index.php?rest_route=%2Fwp%2Fv2%2Fcategories&post=711517"},{"taxonomy":"post_tag","embeddable":true,"href":"https:\/\/microscopemedia.com\/index.php?rest_route=%2Fwp%2Fv2%2Ftags&post=711517"}],"curies":[{"name":"wp","href":"https:\/\/api.w.org\/{rel}","templated":true}]}}