{"id":711523,"date":"2026-09-04T05:36:03","date_gmt":"2026-09-04T05:36:03","guid":{"rendered":"https:\/\/microscopemedia.com\/?p=711523"},"modified":"2026-09-04T05:36:03","modified_gmt":"2026-09-04T05:36:03","slug":"moastele-sfintei-ana-ajung-pentru-prima-data-in-tara-programul-pelerinajului-si-locul-in-care-vor-fi-depuse","status":"publish","type":"post","link":"https:\/\/microscopemedia.com\/?p=711523","title":{"rendered":"Moa\u0219tele Sfintei Ana ajung pentru prima dat\u0103 \u00een \u021bar\u0103. Programul pelerinajului \u0219i locul \u00een care vor fi depuse"},"content":{"rendered":"<div class=\"sgb-google-buttons\">\n<div class=\"display-flex justify-center google-logo\"><img decoding=\"async\" loading=\"lazy\" class=\"mg-x-auto\" width=\"30\" height=\"30\" src=\"https:\/\/microscopemedia.com\/wp-content\/uploads\/2026\/09\/moastele-sfintei-ana-ajung-pentru-prima-data-in-tara-programul-pelerinajului-si-locul-in-care-vor-fi-depuse.png\" alt><\/div>\n<\/p><\/div>\n<p id=\"p-0\">Moa\u0219tele Sfintei Ana, mama Maicii Domnului, vor fi aduse pentru prima dat\u0103 \u00een Rom\u00e2nia de la M\u0103n\u0103stirea Cutlumu\u0219 din Sf\u00e2ntul Munte Athos. Credincio\u0219ii se vor putea \u00eenchina la racl\u0103 \u00een perioada 5-10 septembrie 2026.<\/p>\n<h2 id=\"chapter-0\">Unde vor fi depuse moa\u0219tele Sfintei Ana<\/h2>\n<p id=\"p-1\">Moa\u0219tele Sfintei Ana vor fi depuse&nbsp;la Biserica Sf\u00e2ntul Gheorghe-Nou, cunoscut\u0103 drept \u201eKm. Zero\u201d al Capitalei.<\/p>\n<p id=\"p-2\">\u201eCinstitele moa\u0219te ale Sfintei Ana, Mama N\u0103sc\u0103toarei de Dumnezeu \u0219i Pururea Fecioara Maria \u0219i bunica M\u00e2ntuitorului Iisus Hristos, de la sf\u00e2nta m\u0103n\u0103stire Cutlumu\u0219, din Sf\u00e2ntul Munte Athos, vor ajunge \u00een \u021bara noastr\u0103 pentru \u00eent\u00e2ia dat\u0103 \u00een istorie! Cinstitul odor, aflat de secole \u00een patrimoniul sacru al Sf\u00e2ntului Munte Athos, va fi adus la Biserica Sf\u00e2ntul Gheorghe Nou din Bucure\u0219ti, \u201ckm. Zero\u201d, cu binecuv\u00e2ntarea Preafericitului P\u0103rinte Patriarh Daniel, cu aprobarea Sfintei Chinotite a Sf\u00e2ntului Munte Athos \u0219i desigur, cu binecuv\u00e2ntarea soborului monahal, \u00een frunte cu P\u0103rintele Arhimandrit \u0219i Stare\u021b Nicolae, de la m\u0103n\u0103stirea Cutlumu\u0219\u201d, transmit reprezentan\u021bii bisericii.<\/p>\n<p id=\"p-3\">Moa\u0219tele vor fi \u00eenso\u021bite de o delega\u021bie format\u0103 din cinci monahi de la Sf\u00e2ntul Munte Athos. Ace\u0219tia vor ajunge \u00een Rom\u00e2nia s\u00e2mb\u0103t\u0103, 5 septembrie. \u00cent\u00e2mpinarea oficial\u0103 este programat\u0103 \u00een jurul orei 15:00, la Aeroportul Interna\u021bional Henri Coand\u0103.<\/p>\n<h2 id=\"chapter-1\">C\u00e2nd se pot \u00eenchina credincio\u0219ii la moa\u0219te<\/h2>\n<p id=\"p-4\">Reprezentan\u021bii Bisericii Sf\u00e2ntul Gheorghe-Nou au transmis \u0219i care va fi programul liturgic \u00een perioada 5-10 septembrie, c\u00e2nd \u00een incinta l\u0103ca\u0219ului vor fi moa\u0219tele Sfintei Ana.<\/p>\n<ul>\n<li><strong>S\u00e2mb\u0103t\u0103, 5 septembrie 2026<\/strong><\/li>\n<\/ul>\n<p id=\"p-5\">18:00 \u2013 \u00cent\u00e2mpinarea raclei cu moa\u0219tele Sfintei Ana \u0219i a delega\u021biei de la M\u0103n\u0103stirea Cutlumu\u0219 din Sf\u00e2ntul Munte Athos, \u00een pridvorul Bisericii Voievodale \u201eSf\u00e2ntul Gheorghe-Nou\u201d, \u201eKm. Zero\u201d \u2013 Bucure\u0219ti; slujb\u0103 de mul\u021bumire;<\/p>\n<p id=\"p-6\">18:30 \u2013 Slujba Acatistului Sfin\u021bilor P\u0103rin\u021bi Ioachim \u0219i Ana.<\/p>\n<p id=\"p-7\">19:00 \u2013 Slujba Vecerniei.<\/p>\n<p id=\"p-8\">&nbsp;<\/p>\n<ul>\n<li><strong>Duminic\u0103, 6 septembrie 2026<\/strong><\/li>\n<\/ul>\n<p id=\"p-9\">08:30 \u2013 Acatistul Sfintei Doamne Maria Br\u00e2ncoveanu.<\/p>\n<p id=\"p-10\">09:00 \u2013 Slujba Utreniei.<\/p>\n<p id=\"p-11\">10:00 \u2013 Sf\u00e2nta Liturghie.<\/p>\n<p id=\"p-12\">22:30 \u2013 Slujba de Priveghere (slujb\u0103 de noapte) dedicat\u0103 aducerii cinstitelor moa\u0219te ale Sfintei Ana \u00een Biserica \u201eSf\u00e2ntul Gheorghe-Nou\u201d din Bucure\u0219ti, urmat\u0103, la miezul nop\u021bii, de s\u0103v\u00e2r\u0219irea Liturghiei<\/p>\n<p id=\"p-13\">&nbsp;<\/p>\n<ul>\n<li><strong>Luni, 7 septembrie 2026<\/strong><\/li>\n<\/ul>\n<p id=\"p-14\">10:00 \u2013 Slujba Acatistului Sfin\u021bilor Martiri Br\u00e2ncoveni;<\/p>\n<p id=\"p-15\">18:00 \u2013 Slujba Acatistului Na\u0219terii Maicii Domnului;<\/p>\n<p id=\"p-16\">18:30 \u2013 Slujba Vecerniei dedicat\u0103 Praznicului Na\u0219terii Maicii Domnului.<\/p>\n<p id=\"p-17\">&nbsp;<\/p>\n<ul>\n<li><strong>Mar\u021bi, 8 septembrie 2026<\/strong><\/li>\n<\/ul>\n<p id=\"p-18\">09:00 \u2013 Slujba Utreniei;<\/p>\n<p id=\"p-19\">10:00 \u2013 Sf\u00e2nta Liturghie dedicat\u0103 Praznicului \u00cemp\u0103r\u0103tesc al Na\u0219terii Maicii Domnului;<\/p>\n<p id=\"p-20\">18:00 \u2013 Slujba de Priveghere dedicat\u0103 Praznicului Sfin\u021bilor P\u0103rin\u021bi Ioachim \u0219i Ana;<\/p>\n<p id=\"p-21\">&nbsp;<\/p>\n<ul>\n<li><strong>Miercuri, 9 septembrie 2026<\/strong><\/li>\n<\/ul>\n<p id=\"p-22\">08:30 \u2013 Acatistul Sfin\u021bilor P\u0103rin\u021bi Ioachim \u0219i Ana;<\/p>\n<p id=\"p-23\">09:00 \u2013 Sf\u00e2nta Liturghie din ziua pr\u0103znuirii Sfin\u021bilor P\u0103rin\u021bi Ioachim \u0219i Ana;<\/p>\n<p id=\"p-24\">17:00 \u2013 Taina Sf\u00e2ntului Maslu, s\u0103v\u00e2r\u0219it\u0103 \u00een sobor, cu rostirea rug\u0103ciunilor de binecuv\u00e2ntare \u0219i dezlegare;<\/p>\n<p id=\"p-25\">19:00 \u2013 Slujba Vecerniei.<\/p>\n<p id=\"p-26\">&nbsp;<\/p>\n<ul>\n<li><strong>Joi, 10 septembrie 2026<\/strong><\/li>\n<\/ul>\n<p id=\"p-27\">09:00 \u2013 Slujba Utreniei;<\/p>\n<p id=\"p-28\">10:00 \u2013 Sf\u00e2nta Liturghie;<\/p>\n<p id=\"p-29\">18:00 \u2013 Slujba Acatistului Sfin\u021bilor P\u0103rin\u021bi Ioachim \u0219i Ana;<\/p>\n<p id=\"p-30\">22:00 \u2013 Plecarea delega\u021biei de la M\u0103n\u0103stirea Cutlumu\u0219, \u00eempreun\u0103 cu moa\u0219tele Sfintei Ana, c\u0103tre Sf\u00e2ntul Munte Athos.<\/p>\n<p id=\"p-31\">Reprezentan\u021bii Bisericii Sf\u00e2ntul Gheorghe-Nou mai precizeaz\u0103 c\u0103 l\u0103ca\u0219ul va fi deschis pentru cinstirea sfintelor odoare, zilnic, \u00een perioada <strong>6-10 septembrie 2026<\/strong>, \u00eentre orele <strong>07:00 \u0219i 22:00.<\/strong><\/p>\n<p id=\"p-32\">Dac\u0103 dup\u0103 ora 22:00 vor mai fi&nbsp;credincio\u0219i la r\u00e2nd pentru \u00eenchinare, biserica va r\u0103m\u00e2ne deschis\u0103 p\u00e2n\u0103 c\u00e2nd ultimul credincios aflat la r\u00e2nd va ajunge la racla cu moa\u0219tele Sfintei Ana.<\/p>\n","protected":false},"excerpt":{"rendered":"<p>Moa\u0219tele Sfintei Ana, mama Maicii Domnului, vor fi aduse pentru prima dat\u0103 \u00een Rom\u00e2nia de la M\u0103n\u0103stirea Cutlumu\u0219 din Sf\u00e2ntul Munte Athos. Credincio\u0219ii se vor putea \u00eenchina la racl\u0103 \u00een &hellip; <a href=\"https:\/\/microscopemedia.com\/?p=711523\" class=\"more-link\">Read More<\/a><\/p>\n","protected":false},"author":1,"featured_media":711524,"comment_status":"closed","ping_status":"closed","sticky":false,"template":"Default","format":"standard","meta":[],"categories":[1],"tags":[],"_links":{"self":[{"href":"https:\/\/microscopemedia.com\/index.php?rest_route=\/wp\/v2\/posts\/711523"}],"collection":[{"href":"https:\/\/microscopemedia.com\/index.php?rest_route=\/wp\/v2\/posts"}],"about":[{"href":"https:\/\/microscopemedia.com\/index.php?rest_route=\/wp\/v2\/types\/post"}],"author":[{"embeddable":true,"href":"https:\/\/microscopemedia.com\/index.php?rest_route=\/wp\/v2\/users\/1"}],"replies":[{"embeddable":true,"href":"https:\/\/microscopemedia.com\/index.php?rest_route=%2Fwp%2Fv2%2Fcomments&post=711523"}],"version-history":[{"count":0,"href":"https:\/\/microscopemedia.com\/index.php?rest_route=\/wp\/v2\/posts\/711523\/revisions"}],"wp:featuredmedia":[{"embeddable":true,"href":"https:\/\/microscopemedia.com\/index.php?rest_route=\/wp\/v2\/media\/711524"}],"wp:attachment":[{"href":"https:\/\/microscopemedia.com\/index.php?rest_route=%2Fwp%2Fv2%2Fmedia&parent=711523"}],"wp:term":[{"taxonomy":"category","embeddable":true,"href":"https:\/\/microscopemedia.com\/index.php?rest_route=%2Fwp%2Fv2%2Fcategories&post=711523"},{"taxonomy":"post_tag","embeddable":true,"href":"https:\/\/microscopemedia.com\/index.php?rest_route=%2Fwp%2Fv2%2Ftags&post=711523"}],"curies":[{"name":"wp","href":"https:\/\/api.w.org\/{rel}","templated":true}]}}