{"id":711529,"date":"2026-09-04T06:07:03","date_gmt":"2026-09-04T06:07:03","guid":{"rendered":"https:\/\/microscopemedia.com\/?p=711529"},"modified":"2026-09-04T06:07:03","modified_gmt":"2026-09-04T06:07:03","slug":"adolescent-de-17-ani-retinut-dupa-ce-ar-fi-incalcat-un-ordin-de-protectie-a-amenintat-doua-femei-si-a-taiat-anvelopele-unei-masini","status":"publish","type":"post","link":"https:\/\/microscopemedia.com\/?p=711529","title":{"rendered":"Adolescent de 17 ani, re\u021binut dup\u0103 ce ar fi \u00eenc\u0103lcat un ordin de protec\u021bie. A amenin\u021bat dou\u0103 femei \u0219i a t\u0103iat anvelopele unei ma\u0219ini"},"content":{"rendered":"<div class=\"sgb-google-buttons\">\n<div class=\"display-flex justify-center google-logo\"><img decoding=\"async\" loading=\"lazy\" class=\"mg-x-auto\" width=\"30\" height=\"30\" src=\"https:\/\/microscopemedia.com\/wp-content\/uploads\/2026\/09\/adolescent-de-17-ani-retinut-dupa-ce-ar-fi-incalcat-un-ordin-de-protectie-a-amenintat-doua-femei-si-a-taiat-anvelopele-unei-masini.png\" alt><\/div>\n<\/p><\/div>\n<p data-start=\"553\" data-end=\"860\" id=\"p-0\">Poli\u021bi\u0219tii Sec\u021biei 20 din cadrul Direc\u021biei Generale de Poli\u021bie a Municipiului Bucure\u0219ti au fost sesiza\u021bi, miercuri, 2 septembrie, prin 112, de o femeie \u00een v\u00e2rst\u0103 de 46 de ani. Aceasta a reclamat c\u0103 ea \u0219i fiica sa, \u00een v\u00e2rst\u0103 de 19 ani, ar fi fost amenin\u021bate cu acte de violen\u021b\u0103 de fostul partener al tinerei.<\/p>\n<p data-start=\"862\" data-end=\"1048\" id=\"p-1\">Din primele verific\u0103ri a rezultat c\u0103, \u00een jurul orei 16.00, adolescentul s-ar fi prezentat la poarta imobilului \u00een care se aflau cele dou\u0103 femei \u0219i le-ar fi amenin\u021bat cu acte de violen\u021b\u0103.<\/p>\n<p data-start=\"1050\" data-end=\"1178\" id=\"p-2\">De asemenea, t\u00e2n\u0103rul ar fi provocat distrugeri autoturismului femeii de 46 de ani, prin t\u0103ierea anvelopelor din partea din fa\u021b\u0103.<\/p>\n<p data-start=\"1180\" data-end=\"1287\" id=\"p-3\">Poli\u021bi\u0219tii l-au depistat pe adolescent \u0219i l-au condus la sediul Sec\u021biei 20 pentru continuarea cercet\u0103rilor.<\/p>\n<p data-start=\"1289\" data-end=\"1503\" id=\"p-4\">\u00cen cazul tinerei de 19 ani a fost completat Formularul de Evaluare a Riscului, iar rezultatul a indicat existen\u021ba unui risc iminent. Poli\u021bi\u0219tii au emis un ordin de protec\u021bie provizoriu, cu monitorizare electronic\u0103.<\/p>\n<p data-start=\"1505\" data-end=\"1719\" id=\"p-5\">Femeii de 46 de ani i-au fost comunicate prevederile legale privind posibilitatea emiterii unui ordin de protec\u021bie extins, \u00een baza Legii nr. 26\/2024, \u00eens\u0103 aceasta nu a dorit s\u0103 formuleze o solicitare \u00een acest sens.<\/p>\n<p data-start=\"1721\" data-end=\"2018\" id=\"p-6\">Ulterior, \u00een noaptea de 2 spre 3 septembrie, \u00een jurul orei 03.05, poli\u021bi\u0219tii Sec\u021biei 20 au fost sesiza\u021bi de Dispeceratul SIME cu privire la faptul c\u0103 persoana monitorizat\u0103 ar fi \u00eenc\u0103lcat m\u0103surile stabilite prin ordinul de protec\u021bie, apropiindu-se de domiciliul persoanei protejate, din Sectorul 6.<\/p>\n<p data-start=\"2020\" data-end=\"2154\" id=\"p-7\">Poli\u021bi\u0219tii au intervenit \u0219i l-au depistat pe adolescent. \u00cen urma unui control corporal sumar, asupra acestuia a fost g\u0103sit un briceag.<\/p>\n<p data-start=\"2156\" data-end=\"2330\" id=\"p-8\">T\u00e2n\u0103rul a fost dus la sediul poli\u021biei, iar \u00een urma administr\u0103rii probatoriului a fost re\u021binut pentru 24 de ore. El urmeaz\u0103 s\u0103 fie prezentat magistra\u021bilor.<\/p>\n<p data-start=\"2332\" data-end=\"2550\" id=\"p-9\">Cercet\u0103rile sunt continuate de poli\u021bi\u0219tii Sec\u021biei 20, sub supravegherea Parchetului de pe l\u00e2ng\u0103 Judec\u0103toria Sectorului 6, pentru s\u0103v\u00e2r\u0219irea infrac\u021biunilor de amenin\u021bare, distrugere \u0219i \u00eenc\u0103lcarea ordinului de protec\u021bie.<\/p>\n","protected":false},"excerpt":{"rendered":"<p>Poli\u021bi\u0219tii Sec\u021biei 20 din cadrul Direc\u021biei Generale de Poli\u021bie a Municipiului Bucure\u0219ti au fost sesiza\u021bi, miercuri, 2 septembrie, prin 112, de o femeie \u00een v\u00e2rst\u0103 de 46 de ani. Aceasta &hellip; <a href=\"https:\/\/microscopemedia.com\/?p=711529\" class=\"more-link\">Read More<\/a><\/p>\n","protected":false},"author":1,"featured_media":711530,"comment_status":"closed","ping_status":"closed","sticky":false,"template":"Default","format":"standard","meta":[],"categories":[1],"tags":[],"_links":{"self":[{"href":"https:\/\/microscopemedia.com\/index.php?rest_route=\/wp\/v2\/posts\/711529"}],"collection":[{"href":"https:\/\/microscopemedia.com\/index.php?rest_route=\/wp\/v2\/posts"}],"about":[{"href":"https:\/\/microscopemedia.com\/index.php?rest_route=\/wp\/v2\/types\/post"}],"author":[{"embeddable":true,"href":"https:\/\/microscopemedia.com\/index.php?rest_route=\/wp\/v2\/users\/1"}],"replies":[{"embeddable":true,"href":"https:\/\/microscopemedia.com\/index.php?rest_route=%2Fwp%2Fv2%2Fcomments&post=711529"}],"version-history":[{"count":0,"href":"https:\/\/microscopemedia.com\/index.php?rest_route=\/wp\/v2\/posts\/711529\/revisions"}],"wp:featuredmedia":[{"embeddable":true,"href":"https:\/\/microscopemedia.com\/index.php?rest_route=\/wp\/v2\/media\/711530"}],"wp:attachment":[{"href":"https:\/\/microscopemedia.com\/index.php?rest_route=%2Fwp%2Fv2%2Fmedia&parent=711529"}],"wp:term":[{"taxonomy":"category","embeddable":true,"href":"https:\/\/microscopemedia.com\/index.php?rest_route=%2Fwp%2Fv2%2Fcategories&post=711529"},{"taxonomy":"post_tag","embeddable":true,"href":"https:\/\/microscopemedia.com\/index.php?rest_route=%2Fwp%2Fv2%2Ftags&post=711529"}],"curies":[{"name":"wp","href":"https:\/\/api.w.org\/{rel}","templated":true}]}}