{"id":711535,"date":"2026-09-04T06:47:03","date_gmt":"2026-09-04T06:47:03","guid":{"rendered":"https:\/\/microscopemedia.com\/?p=711535"},"modified":"2026-09-04T06:47:03","modified_gmt":"2026-09-04T06:47:03","slug":"marius-budai-acuza-pnl-si-usr-ca-se-lupta-pentru-functii-boicot-la-tribuna-prezenta-la-bani","status":"publish","type":"post","link":"https:\/\/microscopemedia.com\/?p=711535","title":{"rendered":"Marius Bud\u0103i acuz\u0103 PNL \u0219i USR c\u0103 se lupt\u0103 pentru func\u021bii: Boicot la tribun\u0103, prezen\u021b\u0103 la bani"},"content":{"rendered":"<div><img decoding=\"async\" src=\"https:\/\/microscopemedia.com\/wp-content\/uploads\/2026\/09\/marius-budai-acuza-pnl-si-usr-ca-se-lupta-pentru-functii-boicot-la-tribuna-prezenta-la-bani.jpg\" class=\"ff-og-image-inserted\"><\/div>\n<p data-start=\"461\" data-end=\"603\" id=\"p-0\">Bud\u0103i a publicat, vineri, un mesaj pe Facebook \u00een care critic\u0103 modul \u00een care PNL \u0219i USR gestioneaz\u0103 conflictul privind func\u021biile parlamentare.<\/p>\n<p data-start=\"605\" data-end=\"780\" id=\"p-1\">\u201eRom\u00e2nii au taxe mai mari, pre\u021buri mai mari, mai pu\u021bini bani \u00een buzunar, mai multe griji. PNL \u0219i USR au o singur\u0103 mare preocupare: cine prinde func\u021bia\u201d, a scris deputatul PSD.<\/p>\n<p data-start=\"782\" data-end=\"930\" id=\"p-2\">Social-democratul sus\u021bine c\u0103 \u00een Parlament s-ar fi declan\u0219at o disput\u0103 pentru \u201escaune, func\u021bii \u0219i pozi\u021bii\u201d, \u00eenso\u021bit\u0103 de acuza\u021bii \u0219i atacuri politice.<\/p>\n<p data-start=\"932\" data-end=\"1108\" id=\"p-3\">\u201eS-a pornit o adev\u0103rat\u0103 cafteal\u0103 parlamentar\u0103 pentru scaune, func\u021bii \u0219i pozi\u021bii. Scandal c\u00e2t cuprinde. Acuza\u021bii. Punctaje politice. Indignare. Revolt\u0103\u201d, a afirmat Marius Bud\u0103i.<\/p>\n<h2 data-start=\"1110\" data-end=\"1287\" id=\"chapter-0\">Bud\u0103i critic\u0103 boicotul PNL \u0219i USR din Parlament<\/h2>\n<p data-start=\"1110\" data-end=\"1287\" id=\"p-4\">Deputatul PSD a criticat \u0219i decizia PNL \u0219i USR de a boicota \u0219edin\u021bele Camerei Deputa\u021bilor, sus\u021bin\u00e2nd c\u0103 unii parlamentari ar fi fost prezen\u021bi pentru a beneficia de indemniza\u021bii.<\/p>\n<p data-start=\"1289\" data-end=\"1557\" id=\"p-5\">\u201ePartea cea mai frumoas\u0103 abia acum vine. PNL \u0219i USR au anun\u021bat solemn c\u0103 boicoteaz\u0103 \u0219edin\u021bele Camerei Deputa\u021bilor. Foarte bine. Numai c\u0103 unii dintre marii boicotori au avut grij\u0103 s\u0103 treac\u0103 pe la condica de prezen\u021b\u0103. Boicot la tribun\u0103, prezen\u021b\u0103 la bani\u201d, a scris Bud\u0103i.<\/p>\n<p data-start=\"1559\" data-end=\"1763\" id=\"p-6\">\u00cen mesajul s\u0103u, social-democratul ironizeaz\u0103 situa\u021bia \u0219i sus\u021bine c\u0103 parlamentarii ar fi interesa\u021bi s\u0103 p\u0103streze beneficiile financiare ale func\u021biilor, chiar dac\u0103 aleg s\u0103 nu participe la lucr\u0103rile plenului.<\/p>\n<p data-start=\"1765\" data-end=\"1956\" id=\"p-7\">\u201eNu particip\u0103m la \u0219edin\u021b\u0103, dar particip\u0103m la indemniza\u021bie. Nu muncim, dar semn\u0103m. Nu ne place Parlamentul, dar ne place foarte mult ce se vireaz\u0103 la sf\u00e2r\u0219itul lunii\u201d, a ad\u0103ugat deputatul PSD.<\/p>\n<p data-start=\"1958\" data-end=\"2124\" id=\"p-8\">Bud\u0103i a legat disputa din Parlament de m\u0103surile economice promovate de Guvernul condus de Ilie Bolojan, sus\u021bin\u00e2nd c\u0103 rom\u00e2nii sunt cei care suport\u0103 costurile acestora.<\/p>\n<p data-start=\"2126\" data-end=\"2353\" id=\"p-9\">\u201eAsta este adev\u0103rata imagine a guvern\u0103rii Bolojan: rom\u00e2nii se lupt\u0103 cu scumpirile, ei se lupt\u0103 pentru func\u021bii. Rom\u00e2nii \u00ee\u0219i calculeaz\u0103 banii de la o lun\u0103 la alta, ei \u00ee\u0219i calculeaz\u0103 c\u00e2te func\u021bii mai pot ob\u021bine\u201d, a afirmat acesta.<\/p>\n<p data-start=\"2355\" data-end=\"2468\" id=\"p-10\">Deputatul PSD a f\u0103cut referire \u0219i la situa\u021bia de la Senat, unde PSD ar fi pierdut o func\u021bie \u00een urma repartiz\u0103rii.<\/p>\n<p data-start=\"2470\" data-end=\"2637\" id=\"p-11\">\u201ePSD a pierdut o func\u021bie la Senat \u00een urma repartiz\u0103rii. Nu a f\u0103cut scandal. Nu a acuzat pe toat\u0103 lumea de conspira\u021bii. Nu a inventat alian\u021be\u201d, a sus\u021binut Marius Bud\u0103i.<\/p>\n<p data-start=\"2639\" data-end=\"2834\" id=\"p-12\">\u00cen final, parlamentarul PSD afirm\u0103 c\u0103 disputa privind func\u021biile demonstreaz\u0103, \u00een opinia sa, contradic\u021bia dintre discursul despre reform\u0103 \u0219i interesele politice ale partidelor aflate la guvernare.<\/p>\n<p data-start=\"2836\" data-end=\"2993\" data-is-last-node data-is-only-node id=\"p-13\">\u201eC\u00e2nd vine vorba despre rom\u00e2ni, PNL \u0219i USR ne cer s\u0103 str\u00e2ngem cureaua, c\u00e2nd vine vorba despre ei, se lupt\u0103 s\u0103 nu le str\u00e2ng\u0103 nimeni scaunul\u201d, a conchis Bud\u0103i.<\/p>\n","protected":false},"excerpt":{"rendered":"<p>Bud\u0103i a publicat, vineri, un mesaj pe Facebook \u00een care critic\u0103 modul \u00een care PNL \u0219i USR gestioneaz\u0103 conflictul privind func\u021biile parlamentare. \u201eRom\u00e2nii au taxe mai mari, pre\u021buri mai mari, &hellip; <a href=\"https:\/\/microscopemedia.com\/?p=711535\" class=\"more-link\">Read More<\/a><\/p>\n","protected":false},"author":1,"featured_media":711536,"comment_status":"closed","ping_status":"closed","sticky":false,"template":"Default","format":"standard","meta":[],"categories":[1],"tags":[],"_links":{"self":[{"href":"https:\/\/microscopemedia.com\/index.php?rest_route=\/wp\/v2\/posts\/711535"}],"collection":[{"href":"https:\/\/microscopemedia.com\/index.php?rest_route=\/wp\/v2\/posts"}],"about":[{"href":"https:\/\/microscopemedia.com\/index.php?rest_route=\/wp\/v2\/types\/post"}],"author":[{"embeddable":true,"href":"https:\/\/microscopemedia.com\/index.php?rest_route=\/wp\/v2\/users\/1"}],"replies":[{"embeddable":true,"href":"https:\/\/microscopemedia.com\/index.php?rest_route=%2Fwp%2Fv2%2Fcomments&post=711535"}],"version-history":[{"count":0,"href":"https:\/\/microscopemedia.com\/index.php?rest_route=\/wp\/v2\/posts\/711535\/revisions"}],"wp:featuredmedia":[{"embeddable":true,"href":"https:\/\/microscopemedia.com\/index.php?rest_route=\/wp\/v2\/media\/711536"}],"wp:attachment":[{"href":"https:\/\/microscopemedia.com\/index.php?rest_route=%2Fwp%2Fv2%2Fmedia&parent=711535"}],"wp:term":[{"taxonomy":"category","embeddable":true,"href":"https:\/\/microscopemedia.com\/index.php?rest_route=%2Fwp%2Fv2%2Fcategories&post=711535"},{"taxonomy":"post_tag","embeddable":true,"href":"https:\/\/microscopemedia.com\/index.php?rest_route=%2Fwp%2Fv2%2Ftags&post=711535"}],"curies":[{"name":"wp","href":"https:\/\/api.w.org\/{rel}","templated":true}]}}