{"id":711541,"date":"2026-09-04T07:26:03","date_gmt":"2026-09-04T07:26:03","guid":{"rendered":"https:\/\/microscopemedia.com\/?p=711541"},"modified":"2026-09-04T07:26:03","modified_gmt":"2026-09-04T07:26:03","slug":"un-tantar-rezistent-la-frig-se-raspandeste-in-europa-insecta-starneste-ingrijorarea-expertilor","status":"publish","type":"post","link":"https:\/\/microscopemedia.com\/?p=711541","title":{"rendered":"Un \u021b\u00e2n\u021bar rezistent la frig se r\u0103sp\u00e2nde\u0219te \u00een Europa. Insecta st\u00e2rne\u0219te \u00eengrijorarea exper\u021bilor"},"content":{"rendered":"<div readability=\"18.996466431095\">\n<div class=\"sgb-google-buttons\">\n<div class=\"display-flex justify-center google-logo\"><img decoding=\"async\" loading=\"lazy\" class=\"mg-x-auto\" width=\"30\" height=\"30\" src=\"https:\/\/microscopemedia.com\/wp-content\/uploads\/2026\/09\/un-tantar-rezistent-la-frig-se-raspandeste-in-europa-insecta-starneste-ingrijorarea-expertilor.png\" alt><\/div>\n<\/p><\/div>\n<p id=\"p-0\">\u021a\u00e2n\u021barul Aedes koreicus este o specie nativ\u0103 din Asia de Est (China, Coreea, Japonia \u0219i estul Rusiei).<\/p>\n<p id=\"p-1\">Prima apari\u021bie \u00een Europa a fost \u00een Belgia, \u00een anul 2008. Ulterior, prezen\u021ba sa a fost confirmat\u0103 \u00een numeroase alte \u021b\u0103ri europene, printre care Italia (din 2011), Elve\u021bia \u0219i Slovenia (din 2013), Germania (din 2015), Ungaria (din 2016), Austria (din 2018), Cehia (din 2021) \u0219i Slovacia (din 2024).<\/p>\n<p id=\"p-2\">\u021a\u00e2n\u021barul este foarte rezistent la frig ceea cea a atras aten\u021bia speciali\u0219tilor. Insecta ar putea transmite mai multe boli periculoase.<\/p>\n<p id=\"p-3\">Continuarea pe <a href=\"https:\/\/www.mediafax.ro\/it\/noul-inamic-al-iernii-in-italia-tantarul-care-supravietuieste-la-temperaturi-scazute-si-se-raspandeste-rapid-1134\">Mediafax Italia<\/a>.<\/p>\n<\/p><\/div>\n","protected":false},"excerpt":{"rendered":"<p>\u021a\u00e2n\u021barul Aedes koreicus este o specie nativ\u0103 din Asia de Est (China, Coreea, Japonia \u0219i estul Rusiei). Prima apari\u021bie \u00een Europa a fost \u00een Belgia, \u00een anul 2008. Ulterior, prezen\u021ba &hellip; <a href=\"https:\/\/microscopemedia.com\/?p=711541\" class=\"more-link\">Read More<\/a><\/p>\n","protected":false},"author":1,"featured_media":711542,"comment_status":"closed","ping_status":"closed","sticky":false,"template":"Default","format":"standard","meta":[],"categories":[1],"tags":[],"_links":{"self":[{"href":"https:\/\/microscopemedia.com\/index.php?rest_route=\/wp\/v2\/posts\/711541"}],"collection":[{"href":"https:\/\/microscopemedia.com\/index.php?rest_route=\/wp\/v2\/posts"}],"about":[{"href":"https:\/\/microscopemedia.com\/index.php?rest_route=\/wp\/v2\/types\/post"}],"author":[{"embeddable":true,"href":"https:\/\/microscopemedia.com\/index.php?rest_route=\/wp\/v2\/users\/1"}],"replies":[{"embeddable":true,"href":"https:\/\/microscopemedia.com\/index.php?rest_route=%2Fwp%2Fv2%2Fcomments&post=711541"}],"version-history":[{"count":0,"href":"https:\/\/microscopemedia.com\/index.php?rest_route=\/wp\/v2\/posts\/711541\/revisions"}],"wp:featuredmedia":[{"embeddable":true,"href":"https:\/\/microscopemedia.com\/index.php?rest_route=\/wp\/v2\/media\/711542"}],"wp:attachment":[{"href":"https:\/\/microscopemedia.com\/index.php?rest_route=%2Fwp%2Fv2%2Fmedia&parent=711541"}],"wp:term":[{"taxonomy":"category","embeddable":true,"href":"https:\/\/microscopemedia.com\/index.php?rest_route=%2Fwp%2Fv2%2Fcategories&post=711541"},{"taxonomy":"post_tag","embeddable":true,"href":"https:\/\/microscopemedia.com\/index.php?rest_route=%2Fwp%2Fv2%2Ftags&post=711541"}],"curies":[{"name":"wp","href":"https:\/\/api.w.org\/{rel}","templated":true}]}}