{"id":711545,"date":"2026-09-04T07:56:03","date_gmt":"2026-09-04T07:56:03","guid":{"rendered":"https:\/\/microscopemedia.com\/?p=711545"},"modified":"2026-09-04T07:56:03","modified_gmt":"2026-09-04T07:56:03","slug":"un-ucrainean-care-incerca-sa-treaca-granita-cu-20-000-de-euro-s-a-ales-cu-banii-confiscati","status":"publish","type":"post","link":"https:\/\/microscopemedia.com\/?p=711545","title":{"rendered":"Un ucrainean care \u00eencerca s\u0103 treac\u0103 grani\u021ba cu 20.000 de euro s-a ales cu banii confisca\u021bi"},"content":{"rendered":"<div readability=\"22.071107110711\">\n<div class=\"sgb-google-buttons\">\n<div class=\"display-flex justify-center google-logo\"><img decoding=\"async\" loading=\"lazy\" class=\"mg-x-auto\" width=\"30\" height=\"30\" src=\"https:\/\/microscopemedia.com\/wp-content\/uploads\/2026\/09\/un-ucrainean-care-incerca-sa-treaca-granita-cu-20-000-de-euro-s-a-ales-cu-banii-confiscati.png\" alt><\/div>\n<\/p><\/div>\n<p id=\"p-0\">Fapta s-a \u00eent\u00e2mplat, joi. Ucraineanul de 43 de ani s-a prezentat la grani\u021b\u0103 pentru control. Acesta conducea un camion cu remorc\u0103 \u0219i inten\u021biona s\u0103 intre \u00een Rom\u00e2nia.<\/p>\n<p id=\"p-1\"><em>\u201eEchipa comun\u0103 de control din cadrul Punctului de Trecere a Frontierei Albi\u0163a a descoperit, la controlul de frontier\u0103, asupra unui cet\u0103\u021bean ucrainean, suma de 20.000 de euro, nedeclarat\u0103 \u0219i ascuns\u0103, \u00een vederea sustragerii de la controlul vamal, \u00een bagajele personale\u201d<\/em>, transmite Poli\u021bia de Frontier\u0103.<\/p>\n<p id=\"p-2\">Banii au fost descoperi\u021bi \u00een urma controlului am\u0103nun\u021bit at\u00e2t al camionului, c\u00e2t \u0219i al persoanei. Suma de bani era nedeclarat\u0103, potrivit sursei citate.<\/p>\n<p id=\"p-3\">Banii cet\u0103\u021beanului ucrainean au fost confisca\u021bi, iar acesta a primit o amend\u0103 de 3.000 de lei, potrivit Poli\u021bi\u0219tilor de Frontier\u0103.<\/p>\n<\/p><\/div>\n","protected":false},"excerpt":{"rendered":"<p>Fapta s-a \u00eent\u00e2mplat, joi. Ucraineanul de 43 de ani s-a prezentat la grani\u021b\u0103 pentru control. Acesta conducea un camion cu remorc\u0103 \u0219i inten\u021biona s\u0103 intre \u00een Rom\u00e2nia. \u201eEchipa comun\u0103 de &hellip; <a href=\"https:\/\/microscopemedia.com\/?p=711545\" class=\"more-link\">Read More<\/a><\/p>\n","protected":false},"author":1,"featured_media":711546,"comment_status":"closed","ping_status":"closed","sticky":false,"template":"Default","format":"standard","meta":[],"categories":[1],"tags":[],"_links":{"self":[{"href":"https:\/\/microscopemedia.com\/index.php?rest_route=\/wp\/v2\/posts\/711545"}],"collection":[{"href":"https:\/\/microscopemedia.com\/index.php?rest_route=\/wp\/v2\/posts"}],"about":[{"href":"https:\/\/microscopemedia.com\/index.php?rest_route=\/wp\/v2\/types\/post"}],"author":[{"embeddable":true,"href":"https:\/\/microscopemedia.com\/index.php?rest_route=\/wp\/v2\/users\/1"}],"replies":[{"embeddable":true,"href":"https:\/\/microscopemedia.com\/index.php?rest_route=%2Fwp%2Fv2%2Fcomments&post=711545"}],"version-history":[{"count":0,"href":"https:\/\/microscopemedia.com\/index.php?rest_route=\/wp\/v2\/posts\/711545\/revisions"}],"wp:featuredmedia":[{"embeddable":true,"href":"https:\/\/microscopemedia.com\/index.php?rest_route=\/wp\/v2\/media\/711546"}],"wp:attachment":[{"href":"https:\/\/microscopemedia.com\/index.php?rest_route=%2Fwp%2Fv2%2Fmedia&parent=711545"}],"wp:term":[{"taxonomy":"category","embeddable":true,"href":"https:\/\/microscopemedia.com\/index.php?rest_route=%2Fwp%2Fv2%2Fcategories&post=711545"},{"taxonomy":"post_tag","embeddable":true,"href":"https:\/\/microscopemedia.com\/index.php?rest_route=%2Fwp%2Fv2%2Ftags&post=711545"}],"curies":[{"name":"wp","href":"https:\/\/api.w.org\/{rel}","templated":true}]}}