{"id":711549,"date":"2026-09-04T08:17:02","date_gmt":"2026-09-04T08:17:02","guid":{"rendered":"https:\/\/microscopemedia.com\/?p=711549"},"modified":"2026-09-04T08:17:02","modified_gmt":"2026-09-04T08:17:02","slug":"canicula-revine-in-mai-multe-judete-din-romania-anm-temperaturile-vor-ajunge-la-36-de-grade-cum-va-fi-vremea-in-capitala","status":"publish","type":"post","link":"https:\/\/microscopemedia.com\/?p=711549","title":{"rendered":"Canicula revine \u00een mai multe jude\u021be din Rom\u00e2nia. ANM: Temperaturile vor ajunge la 36 de grade. Cum va fi vremea \u00een Capital\u0103"},"content":{"rendered":"<div readability=\"35.415271265908\">\n<div class=\"sgb-google-buttons\">\n<div class=\"display-flex justify-center google-logo\"><img decoding=\"async\" loading=\"lazy\" class=\"mg-x-auto\" width=\"30\" height=\"30\" src=\"https:\/\/microscopemedia.com\/wp-content\/uploads\/2026\/09\/canicula-revine-in-mai-multe-judete-din-romania-anm-temperaturile-vor-ajunge-la-36-de-grade-cum-va-fi-vremea-in-capitala.png\" alt><\/div>\n<\/p><\/div>\n<p id=\"p-0\">Administra\u021bia Na\u021bional\u0103 de Meteorologie (ANM) a emis, vineri, un cod galben de canicul\u0103, care va fi \u00een vigoare \u00een cursul zilei de s\u00e2mb\u0103t\u0103, \u00een intervalul 10:00 \u2013 21:00.<\/p>\n<p id=\"p-1\">Cea mai mare parte a \u021b\u0103rii este vizat\u0103 de aceast\u0103 aten\u021bionare meteorologic\u0103.<\/p>\n<p id=\"p-2\">\u201eS\u00e2mb\u0103t\u0103 (5 septembrie) \u00een Banat, Oltenia, Muntenia, Dobrogea, cea mai mare parte a Moldovei, sudul Cri\u0219anei \u0219i al Transilvaniei, vor fi temperaturi deosebit de ridicate \u0219i local canicul\u0103\u201d, informeaz\u0103 ANM.<\/p>\n<p id=\"p-3\">De asemenea, disconfortul termic va fi ridicat, iar indicele temperatur\u0103-umezeal\u0103 (ITU) se va situa \u00een jurul pragului critic de 80 de unit\u0103\u021bi.<\/p>\n<p id=\"p-4\">Potrivit ANM, temperaturile maxime se vor situa \u00eentre 30 \u0219i 36 de grade Celsius, cele mai mari valori urm\u00e2nd s\u0103 se \u00eenregistreze \u00een Banat \u0219i Oltenia.<\/p>\n<div id=\"attachment_23801803\" class=\"wp-caption alignnone\"><img aria-describedby=\"caption-attachment-23801803\" class=\"size-full wp-image-23801803\" src=\"https:\/\/microscopemedia.com\/wp-content\/uploads\/2026\/09\/canicula-revine-in-mai-multe-judete-din-romania-anm-temperaturile-vor-ajunge-la-36-de-grade-cum-va-fi-vremea-in-capitala.webp\" alt width=\"900\" height=\"488\" loading=\"lazy\" decoding=\"async\" srcset=\"https:\/\/microscopemedia.com\/wp-content\/uploads\/2026\/09\/canicula-revine-in-mai-multe-judete-din-romania-anm-temperaturile-vor-ajunge-la-36-de-grade-cum-va-fi-vremea-in-capitala-1.webp 500w, https:\/\/microscopemedia.com\/wp-content\/uploads\/2026\/09\/canicula-revine-in-mai-multe-judete-din-romania-anm-temperaturile-vor-ajunge-la-36-de-grade-cum-va-fi-vremea-in-capitala.webp 728w\"><\/p>\n<p id=\"caption-attachment-23801803\" class=\"wp-caption-text\">Sursa foto: ANM<\/p>\n<\/div>\n<h2 id=\"chapter-0\">Cum va fi vremea \u00een Bucure\u0219ti<\/h2>\n<p id=\"p-5\">\u0218i Capitala este vizat\u0103 de codul galben de canicul\u0103. S\u00e2mb\u0103t\u0103, temperaturile vor urca la 34-35 de grade Celsius. \u0218i aici, disconfortul termic va fi ridicat dup\u0103 amiaza, c\u00e2nd indicele temperatur\u0103-umezeal\u0103 (ITU) se va apropia de pragul critic de 80 de unit\u0103\u021bi.<\/p>\n<p id=\"p-6\">Cerul va fi mai mult senin, iar v\u00e2ntul va sufla slab \u0219i moderat.<\/p>\n<\/p><\/div>\n","protected":false},"excerpt":{"rendered":"<p>Administra\u021bia Na\u021bional\u0103 de Meteorologie (ANM) a emis, vineri, un cod galben de canicul\u0103, care va fi \u00een vigoare \u00een cursul zilei de s\u00e2mb\u0103t\u0103, \u00een intervalul 10:00 \u2013 21:00. Cea mai &hellip; <a href=\"https:\/\/microscopemedia.com\/?p=711549\" class=\"more-link\">Read More<\/a><\/p>\n","protected":false},"author":1,"featured_media":711550,"comment_status":"closed","ping_status":"closed","sticky":false,"template":"Default","format":"standard","meta":[],"categories":[1],"tags":[],"_links":{"self":[{"href":"https:\/\/microscopemedia.com\/index.php?rest_route=\/wp\/v2\/posts\/711549"}],"collection":[{"href":"https:\/\/microscopemedia.com\/index.php?rest_route=\/wp\/v2\/posts"}],"about":[{"href":"https:\/\/microscopemedia.com\/index.php?rest_route=\/wp\/v2\/types\/post"}],"author":[{"embeddable":true,"href":"https:\/\/microscopemedia.com\/index.php?rest_route=\/wp\/v2\/users\/1"}],"replies":[{"embeddable":true,"href":"https:\/\/microscopemedia.com\/index.php?rest_route=%2Fwp%2Fv2%2Fcomments&post=711549"}],"version-history":[{"count":0,"href":"https:\/\/microscopemedia.com\/index.php?rest_route=\/wp\/v2\/posts\/711549\/revisions"}],"wp:featuredmedia":[{"embeddable":true,"href":"https:\/\/microscopemedia.com\/index.php?rest_route=\/wp\/v2\/media\/711550"}],"wp:attachment":[{"href":"https:\/\/microscopemedia.com\/index.php?rest_route=%2Fwp%2Fv2%2Fmedia&parent=711549"}],"wp:term":[{"taxonomy":"category","embeddable":true,"href":"https:\/\/microscopemedia.com\/index.php?rest_route=%2Fwp%2Fv2%2Fcategories&post=711549"},{"taxonomy":"post_tag","embeddable":true,"href":"https:\/\/microscopemedia.com\/index.php?rest_route=%2Fwp%2Fv2%2Ftags&post=711549"}],"curies":[{"name":"wp","href":"https:\/\/api.w.org\/{rel}","templated":true}]}}