{"id":711569,"date":"2026-09-04T10:47:03","date_gmt":"2026-09-04T10:47:03","guid":{"rendered":"https:\/\/microscopemedia.com\/?p=711569"},"modified":"2026-09-04T10:47:03","modified_gmt":"2026-09-04T10:47:03","slug":"off-the-record-dezvaluirile-lui-calin-nistor-fost-procuror-sef-dna-ar-trebui-sa-revina-competenta-de-cercetare-a-magistratilor","status":"publish","type":"post","link":"https:\/\/microscopemedia.com\/?p=711569","title":{"rendered":"OFF The Record. Dezv\u0103luirile lui C\u0103lin Nistor, fost procuror \u0219ef DNA: Ar trebui s\u0103 revin\u0103 competen\u021ba de cercetare a magistra\u021bilor"},"content":{"rendered":"<div readability=\"47.656675749319\">\n<div class=\"sgb-google-buttons\">\n<div class=\"display-flex justify-center google-logo\"><img decoding=\"async\" loading=\"lazy\" class=\"mg-x-auto\" width=\"30\" height=\"30\" src=\"https:\/\/microscopemedia.com\/wp-content\/uploads\/2026\/09\/off-the-record-dezvaluirile-lui-calin-nistor-fost-procuror-sef-dna-ar-trebui-sa-revina-competenta-de-cercetare-a-magistratilor.png\" alt><\/div>\n<\/p><\/div>\n<h2 id=\"chapter-0\">C\u0103lin Nistor, fost \u0219ef al DNA, despre structura care ancheteaz\u0103 magistra\u021bii<\/h2>\n<p id=\"p-0\">Fostul procuror \u0219ef al DNA C\u0103lin Nistor a vorbit, vineri, la emisiunea <a href=\"https:\/\/www.mediafax.ro\/off-the-record\/calin-nistor-fost-sef-al-dna-despre-structura-care-ancheteaza-magistratii-vazand-ca-structura-nu-functioneaza-ar-trebui-sa-revina-competenta-de-cercetare-a-magistratilor-23801867\">OFF The Record de la Mediafax<\/a>, despre structura special\u0103 din cadrul Parchetului General care investigheaz\u0103 infrac\u021biunile comise de magistra\u021bi.<\/p>\n<p id=\"p-1\">Acesta spune c\u0103 pre\u0219edintele Rom\u00e2niei ar putea participa mai des la \u0219edin\u021bele CSM pentru a \u00een\u021belege problemele sistemului judiciar \u0219i pentru a contribui la g\u0103sirea unor solu\u021bii.<\/p>\n<p id=\"p-2\">\u201eDa, pre\u0219edintele prin normele constitu\u021bionale are prerogativa s\u0103 prezideze \u0219edin\u021bele atunci c\u00e2nd \u00een\u021belege s\u0103 participe. C\u0103 nu e obligat s\u0103 participe la acele \u0219edin\u021be, le prezideaz\u0103, nu are drept de vot. Practic, e un atribut constitu\u021bional. Dac\u0103 pre\u0219edintele alege s\u0103 \u00eel exercite bine, dac\u0103 nu, iar bine. Poate c\u0103 ar fi bine s\u0103 participe mai des la astfel de \u0219edin\u021be, s\u0103 \u00een\u021beleag\u0103 problemele sistemului judiciar, s\u0103 \u00eencerce o rezolvare a acestor probleme\u201d, a declarat C\u0103lin Nistor la Mediafax.<\/p>\n<hr>\n<h2 id=\"chapter-1\">\u0218tirea ini\u021bial\u0103<\/h2>\n<p id=\"p-3\">Atacurile politicului la adresa sistemului judiciar au ca scop sl\u0103birea Justi\u021biei \u00een ochii cet\u0103\u021beanului, arat\u0103 CSM. Numai c\u0103, spre deosebire de al\u021bi ani, acum atacurile au venit din partea dreapt\u0103 a e\u0219icherului politic, nu din partea st\u00e2ng\u0103.<\/p>\n<p id=\"p-4\">C\u00e2t de influen\u021ba\u021bi sunt procurorii \u0219i judec\u0103torii de atacurile politicienilor? De ce fo\u0219tii procurori \u0219efi ai DNA nu s-au pozi\u021bionat pe nicio list\u0103 a nemul\u021bumi\u021bilor din Justi\u021bie? Cum vede un fost \u0219ef al DNA documentarul Recorder \u0219i campania \u00eempotriva Justi\u021biei? Ce a rezolvat t\u0103ierea pensiilor magistra\u021bilor \u00een economia pensiilor speciale din Rom\u00e2nia? C\u00e2t adev\u0103r \u0219i c\u00e2t\u0103 legend\u0103 este \u00een campania \u201esun\u0103 Lia\u201d? Cum se poate rezolva problema prescrip\u021biei? Dup\u0103 noile numiri \u00een fruntea parchetelor, mai are DNA independen\u021ba \u0219i for\u021ba institu\u021bional\u0103 din trecut?<\/p>\n<p id=\"p-5\">C\u00e2t corupe Puterea \u0219i c\u00e2t Opozi\u021bia? Cum afecteaz\u0103 lipsa de personal \u0219i slaba preg\u0103tire a magistra\u021bilor celeritatea proceselor? C\u00e2t de mult s-a ideologizat Justi\u021bia? Care sunt cele mai mari probleme ale sistemului judiciar?<\/p>\n<p id=\"p-6\">La toate aceste \u00eentreb\u0103ri \u0219i multe altele \u2013 r\u0103spunde C\u0103lin Nistor, fost procuror \u0219ef al DNA.<\/p>\n<p id=\"p-7\">Vineri, \u00een exclusivitate, pe <a href=\"https:\/\/www.youtube.com\/@MediafaxRO\">Mediafax<\/a>.<\/p>\n<\/p><\/div>\n","protected":false},"excerpt":{"rendered":"<p>C\u0103lin Nistor, fost \u0219ef al DNA, despre structura care ancheteaz\u0103 magistra\u021bii Fostul procuror \u0219ef al DNA C\u0103lin Nistor a vorbit, vineri, la emisiunea OFF The Record de la Mediafax, despre &hellip; <a href=\"https:\/\/microscopemedia.com\/?p=711569\" class=\"more-link\">Read More<\/a><\/p>\n","protected":false},"author":1,"featured_media":711570,"comment_status":"closed","ping_status":"closed","sticky":false,"template":"Default","format":"standard","meta":[],"categories":[1],"tags":[],"_links":{"self":[{"href":"https:\/\/microscopemedia.com\/index.php?rest_route=\/wp\/v2\/posts\/711569"}],"collection":[{"href":"https:\/\/microscopemedia.com\/index.php?rest_route=\/wp\/v2\/posts"}],"about":[{"href":"https:\/\/microscopemedia.com\/index.php?rest_route=\/wp\/v2\/types\/post"}],"author":[{"embeddable":true,"href":"https:\/\/microscopemedia.com\/index.php?rest_route=\/wp\/v2\/users\/1"}],"replies":[{"embeddable":true,"href":"https:\/\/microscopemedia.com\/index.php?rest_route=%2Fwp%2Fv2%2Fcomments&post=711569"}],"version-history":[{"count":0,"href":"https:\/\/microscopemedia.com\/index.php?rest_route=\/wp\/v2\/posts\/711569\/revisions"}],"wp:featuredmedia":[{"embeddable":true,"href":"https:\/\/microscopemedia.com\/index.php?rest_route=\/wp\/v2\/media\/711570"}],"wp:attachment":[{"href":"https:\/\/microscopemedia.com\/index.php?rest_route=%2Fwp%2Fv2%2Fmedia&parent=711569"}],"wp:term":[{"taxonomy":"category","embeddable":true,"href":"https:\/\/microscopemedia.com\/index.php?rest_route=%2Fwp%2Fv2%2Fcategories&post=711569"},{"taxonomy":"post_tag","embeddable":true,"href":"https:\/\/microscopemedia.com\/index.php?rest_route=%2Fwp%2Fv2%2Ftags&post=711569"}],"curies":[{"name":"wp","href":"https:\/\/api.w.org\/{rel}","templated":true}]}}