{"id":711571,"date":"2026-09-04T11:06:04","date_gmt":"2026-09-04T11:06:04","guid":{"rendered":"https:\/\/microscopemedia.com\/?p=711571"},"modified":"2026-09-04T11:06:04","modified_gmt":"2026-09-04T11:06:04","slug":"fostul-procuror-sef-dna-critica-decizia-guvernului-bolojan-de-a-taia-pensiile-speciale-nu-inteleg-de-ce-prioritatea-acestui-guvern-au-fost-pensiile-magistratilor","status":"publish","type":"post","link":"https:\/\/microscopemedia.com\/?p=711571","title":{"rendered":"Fostul procuror \u0219ef DNA critic\u0103 decizia guvernului Bolojan de a t\u0103ia pensiile speciale: Nu \u00een\u021beleg de ce prioritatea acestui Guvern au fost pensiile magistra\u021bilor"},"content":{"rendered":"<div class=\"sgb-google-buttons\">\n<div class=\"display-flex justify-center google-logo\"><img decoding=\"async\" loading=\"lazy\" class=\"mg-x-auto\" width=\"30\" height=\"30\" src=\"https:\/\/microscopemedia.com\/wp-content\/uploads\/2026\/09\/fostul-procuror-sef-dna-critica-decizia-guvernului-bolojan-de-a-taia-pensiile-speciale-nu-inteleg-de-ce-prioritatea-acestui-guvern-au-fost-pensiile-magistratilor.png\" alt><\/div>\n<\/p><\/div>\n<p id=\"p-0\">Fostul procuror \u0219ef al DNA, C\u0103lin Nistor, critic\u0103 decizia guvernului Bolojan de a t\u0103ia pensiile speciale ale magistra\u021bilor, \u00eentr-un interviu acordat \u00een exclusivitate Mediafax, la emisiunea OFF The Record. Reforma, asumat\u0103 ca dintr-un jalon important din PNRR, a decis ca specialii s\u0103 \u00eencaseze pensii de 70% din ultimul salariu net, fa\u021b\u0103 de 80% din ultimul salariu brut, c\u00e2t mai primesc magistra\u021bii p\u00e2n\u0103 la finalul anului.<\/p>\n<p id=\"p-1\"><span class=\"cursor-pointer group\" title=\"Reda\u021bi \u00eencep\u00e2nd de la 0:31\"><span class=\"group-hover:bg-base-200 rounded p-0.5 -m-0.5\" data-start=\"30600\" data-end=\"47020\">\u201ePrin 2020, Curtea Constitu\u021bional\u0103 a pronun\u021bat o decizie 900 pe 2020, privind un act normativ prin care se supraimpozitau acele pensii de serviciu.<\/span><\/span>&nbsp;<span class=\"cursor-pointer group\" title=\"Reda\u021bi \u00eencep\u00e2nd de la 0:47\"><span class=\"group-hover:bg-base-200 rounded p-0.5 -m-0.5\" data-start=\"47020\" data-end=\"54780\">Practic demol\u00e2nd teza pensiei de serviciu<\/span><\/span>&nbsp;<span class=\"cursor-pointer group\" title=\"Reda\u021bi \u00eencep\u00e2nd de la 0:55\"><span class=\"group-hover:bg-base-200 rounded p-0.5 -m-0.5\" data-start=\"54780\" data-end=\"65140\">Curtea f\u0103cea o analiz\u0103 a pensiilor de serviciu. Erau peste 215.000 de pensii de serviciu \u00een Rom\u00e2nia<\/span><\/span>&nbsp;<span class=\"cursor-pointer group\" title=\"Reda\u021bi \u00eencep\u00e2nd de la 1:05\"><span class=\"group-hover:bg-base-200 rounded p-0.5 -m-0.5\" data-start=\"65140\" data-end=\"69460\">Cele ale magistra\u021bilor erau vreo 4.000 \u0219i ceva.<\/span><\/span>&nbsp;<span class=\"cursor-pointer group\" title=\"Reda\u021bi \u00eencep\u00e2nd de la 1:12\"><span class=\"group-hover:bg-base-200 rounded p-0.5 -m-0.5\" data-start=\"71860\" data-end=\"77400\">Economia pentru buget era insignificant\u0103.<\/span><\/span>&nbsp;<span class=\"cursor-pointer group\" title=\"Reda\u021bi \u00eencep\u00e2nd de la 1:17\"><span class=\"group-hover:bg-base-200 rounded p-0.5 -m-0.5\" data-start=\"77400\" data-end=\"87140\">Dac\u0103 statul nu \u00ee\u0219i permite s\u0103 proteasc\u0103 pensii de serviciu, care din punctul meu de vedere \u021bine de componenta independen\u021bei justi\u021biei.<\/span><\/span>&nbsp;<span class=\"cursor-pointer group\" title=\"Reda\u021bi \u00eencep\u00e2nd de la 1:29\"><span class=\"group-hover:bg-base-200 rounded p-0.5 -m-0.5\" data-start=\"89280\" data-end=\"103580\">Dar a fost speculat\u0103 pur politic. Au fost manipula\u021bi cet\u0103\u021benii, crez\u00e2nd c\u0103 dac\u0103 se taie pensiile de serviciu, societatea va merge ca un ceas elve\u021bian.<\/span><\/span>&nbsp;<span class=\"cursor-pointer group\" title=\"Reda\u021bi \u00eencep\u00e2nd de la 1:45\"><span class=\"group-hover:bg-base-200 rounded p-0.5 -m-0.5\" data-start=\"105320\" data-end=\"109160\">Actul legislativ a fost adoptat.<\/span><\/span>&nbsp;<span class=\"cursor-pointer group\" title=\"Reda\u021bi \u00eencep\u00e2nd de la 1:49\"><span class=\"group-hover:bg-base-200 rounded p-0.5 -m-0.5\" data-start=\"109160\" data-end=\"121460\">S-a \u00eent\u00e2mplat ceva? Am ajuns la PIB-ul Japoniei, pensiile celelalte au crescut de 10 ori, nu mai avem infla\u021bie \u0219i avem defla\u021bie?\u201d, a declarat C\u0103lin Nistor, \u00een emisiunea OFF The Record.&nbsp;<\/span><\/span><\/p>\n<h2 id=\"chapter-0\">Reforma pensiilor speciale a dus la plec\u0103ri din magistratur\u0103<\/h2>\n<p id=\"p-2\"><span class=\"cursor-pointer group\" title=\"Reda\u021bi \u00eencep\u00e2nd de la 1:42\"><span class=\"group-hover:bg-base-200 rounded p-0.5 -m-0.5 bg-primary\/25 transition-all duration-200\" data-start=\"101710\" data-end=\"120470\" data-active>\u201eEu nu \u00een\u021beleg pozi\u021bia asta de revenire a practicii judiciare la nivelul Cur\u021bii Constitu\u021bionale legate de pensiile de serviciu.<\/span><\/span>&nbsp;<span class=\"cursor-pointer group\" title=\"Reda\u021bi \u00eencep\u00e2nd de la 2:00\"><span class=\"group-hover:bg-base-200 rounded p-0.5 -m-0.5\" data-start=\"120470\" data-end=\"128810\">Una erau cele stipulate \u00een acea decizie \u0219i numai acea decizie, c\u0103 sunt vreo 4-5 decizii. <\/span><\/span><span class=\"cursor-pointer group\" title=\"Reda\u021bi \u00eencep\u00e2nd de la 2:09\"><span class=\"group-hover:bg-base-200 rounded p-0.5 -m-0.5\" data-start=\"128810\" data-end=\"133810\">\u0218i alta s-a \u00eent\u00e2mplat ulterior<\/span><\/span><\/p>\n<p id=\"p-3\"><span class=\"cursor-pointer group\" title=\"Reda\u021bi \u00eencep\u00e2nd de la 2:55\"><span class=\"group-hover:bg-base-200 rounded p-0.5 -m-0.5\" data-start=\"175430\" data-end=\"182250\">Pensiile astea de serviciu ale magistra\u021biei au fost modificate<\/span><\/span>&nbsp;<span class=\"cursor-pointer group\" title=\"Reda\u021bi \u00eencep\u00e2nd de la 3:04\"><span class=\"group-hover:bg-base-200 rounded p-0.5 -m-0.5\" data-start=\"184370\" data-end=\"190050\">\u00cen ultimii 5-6 ani cred c\u0103 de vreo 4-5 ori s-a intervenit legislativ.<\/span><\/span><\/p>\n<p id=\"p-4\"><span class=\"cursor-pointer group\" title=\"Reda\u021bi \u00eencep\u00e2nd de la 3:04\"><span class=\"group-hover:bg-base-200 rounded p-0.5 -m-0.5\" data-start=\"184370\" data-end=\"190050\"><span class=\"cursor-pointer group\" title=\"Reda\u021bi \u00eencep\u00e2nd de la 3:13\">Eu cred c\u0103 cumva v\u00e2rsta de pensionare trebuia crescut\u0103. <\/span><span class=\"cursor-pointer group\" title=\"Reda\u021bi \u00eencep\u00e2nd de la 3:19\">Cu asta-s de acord.<\/span>&nbsp;<span class=\"cursor-pointer group\" title=\"Reda\u021bi \u00eencep\u00e2nd de la 3:20\">Dar nu-s de acord cu modificarea pe cuantumul pensiei.<\/span>&nbsp;<span class=\"cursor-pointer group\" title=\"Reda\u021bi \u00eencep\u00e2nd de la 3:28\">E adev\u0103rat c\u0103 ea nu ar trebui s\u0103 dep\u0103\u0219easc\u0103 salariul \u00een plat\u0103. <\/span><span class=\"cursor-pointer group\" title=\"Reda\u021bi \u00eencep\u00e2nd de la 3:35\">Aici \u021bine de alte mecanisme care au func\u021bionat gre\u0219it.<\/span>&nbsp;<span class=\"cursor-pointer group\" title=\"Reda\u021bi \u00eencep\u00e2nd de la 3:42\">\u0218i erau la \u00eendem\u00e2na statului s\u0103 regleze astfel. <\/span><span class=\"cursor-pointer group\" title=\"Reda\u021bi \u00eencep\u00e2nd de la 3:44\">Practic oricum le \u0219i reglase prin legea din 2023, d<\/span><span class=\"cursor-pointer group\" title=\"Reda\u021bi \u00eencep\u00e2nd de la 3:51\">ar v\u00e2rsta de pensionare cu 25 n-au stabilit-o tot politicienii la un moment dat?\u201d, a mai declarat fostul procuror \u0219ef al DNA.<\/span><\/span><\/span><\/p>\n<h2 id=\"chapter-1\">\u201e<span class=\"cursor-pointer group\" title=\"Reda\u021bi \u00eencep\u00e2nd de la 4:49\"><span class=\"group-hover:bg-base-200 rounded p-0.5 -m-0.5\" data-start=\"288790\" data-end=\"298030\">P\u0103rerea mea e c\u0103 a fost o politic\u0103 deliberat\u0103 la un moment dat s\u0103 scape de anumiti magistra\u021bi\u201d<\/span><\/span><\/h2>\n<p id=\"p-5\"><span class=\"cursor-pointer group\" title=\"Reda\u021bi \u00eencep\u00e2nd de la 3:04\"><span class=\"group-hover:bg-base-200 rounded p-0.5 -m-0.5\" data-start=\"184370\" data-end=\"190050\"><span class=\"cursor-pointer group\" title=\"Reda\u021bi \u00eencep\u00e2nd de la 3:59\">\u201eV\u0103 m\u0103 aminti\u021bi c\u0103 \u00een 2018 \u00een misteriatul fostului ministru Tudorel Toader<\/span> v<span class=\"cursor-pointer group\" title=\"Reda\u021bi \u00eencep\u00e2nd de la 4:09\">echimea necesar\u0103 pentru pensionare era redus\u0103 la 20 de ani?<\/span>&nbsp;<span class=\"cursor-pointer group\" title=\"Reda\u021bi \u00eencep\u00e2nd de la 4:15\">E adev\u0103rat c\u0103 textul respectiv n-a intrat niciodat\u0103 \u00een vigoare, p<\/span><span class=\"cursor-pointer group\" title=\"Reda\u021bi \u00eencep\u00e2nd de la 4:20\">entru c\u0103 a fost am\u00e2nat\u0103 intrarea lui \u00een vigoare, i<\/span><span class=\"cursor-pointer group\" title=\"Reda\u021bi \u00eencep\u00e2nd de la 4:22\">ar \u00een 2023 practic a fost abrogat. <\/span><span class=\"cursor-pointer group\" title=\"Reda\u021bi \u00eencep\u00e2nd de la 4:25\">De ce era necesar \u00een 2018 s\u0103 apar\u0103 un text care reducea v\u00e2rsta, vechimea de pensionare la 20 de ani?<\/span>&nbsp;<span class=\"cursor-pointer group\" title=\"Reda\u021bi \u00eencep\u00e2nd de la 4:36\"><span class=\"group-hover:bg-base-200 rounded p-0.5 -m-0.5 bg-primary\/25 transition-all duration-200\" data-start=\"275930\" data-end=\"287730\" data-active>Nu era cumva o invita\u021bie a politicienilor s\u0103 scape de anumite categorii de magistra\u021bii \u00een activitate care probabil \u00eei deranjau? P\u0103rerea mea e c\u0103 a fost o politic\u0103 deliberat\u0103, la un moment dat s\u0103 scape de anumiti magistra\u021bi\u201d, a concluzionat Nistor.&nbsp;<\/span><\/span><\/span><\/span><\/p>\n","protected":false},"excerpt":{"rendered":"<p>Fostul procuror \u0219ef al DNA, C\u0103lin Nistor, critic\u0103 decizia guvernului Bolojan de a t\u0103ia pensiile speciale ale magistra\u021bilor, \u00eentr-un interviu acordat \u00een exclusivitate Mediafax, la emisiunea OFF The Record. Reforma, &hellip; <a href=\"https:\/\/microscopemedia.com\/?p=711571\" class=\"more-link\">Read More<\/a><\/p>\n","protected":false},"author":1,"featured_media":711572,"comment_status":"closed","ping_status":"closed","sticky":false,"template":"Default","format":"standard","meta":[],"categories":[1],"tags":[],"_links":{"self":[{"href":"https:\/\/microscopemedia.com\/index.php?rest_route=\/wp\/v2\/posts\/711571"}],"collection":[{"href":"https:\/\/microscopemedia.com\/index.php?rest_route=\/wp\/v2\/posts"}],"about":[{"href":"https:\/\/microscopemedia.com\/index.php?rest_route=\/wp\/v2\/types\/post"}],"author":[{"embeddable":true,"href":"https:\/\/microscopemedia.com\/index.php?rest_route=\/wp\/v2\/users\/1"}],"replies":[{"embeddable":true,"href":"https:\/\/microscopemedia.com\/index.php?rest_route=%2Fwp%2Fv2%2Fcomments&post=711571"}],"version-history":[{"count":0,"href":"https:\/\/microscopemedia.com\/index.php?rest_route=\/wp\/v2\/posts\/711571\/revisions"}],"wp:featuredmedia":[{"embeddable":true,"href":"https:\/\/microscopemedia.com\/index.php?rest_route=\/wp\/v2\/media\/711572"}],"wp:attachment":[{"href":"https:\/\/microscopemedia.com\/index.php?rest_route=%2Fwp%2Fv2%2Fmedia&parent=711571"}],"wp:term":[{"taxonomy":"category","embeddable":true,"href":"https:\/\/microscopemedia.com\/index.php?rest_route=%2Fwp%2Fv2%2Fcategories&post=711571"},{"taxonomy":"post_tag","embeddable":true,"href":"https:\/\/microscopemedia.com\/index.php?rest_route=%2Fwp%2Fv2%2Ftags&post=711571"}],"curies":[{"name":"wp","href":"https:\/\/api.w.org\/{rel}","templated":true}]}}