{"id":711573,"date":"2026-09-04T11:16:03","date_gmt":"2026-09-04T11:16:03","guid":{"rendered":"https:\/\/microscopemedia.com\/?p=711573"},"modified":"2026-09-04T11:16:03","modified_gmt":"2026-09-04T11:16:03","slug":"fost-sef-dna-despre-lia-savonea-nu-am-discutat-niciodata-nu-m-a-sunat-ce-spune-despre-independenta-magistratilor-dar-si-delegari","status":"publish","type":"post","link":"https:\/\/microscopemedia.com\/?p=711573","title":{"rendered":"Fost \u0219ef DNA, despre Lia Savonea: Nu am discutat niciodat\u0103, nu m-a sunat. Ce spune despre independen\u021ba magistra\u021bilor dar \u0219i deleg\u0103ri?"},"content":{"rendered":"<div class=\"sgb-google-buttons\">\n<div class=\"display-flex justify-center google-logo\"><img decoding=\"async\" loading=\"lazy\" class=\"mg-x-auto\" width=\"30\" height=\"30\" src=\"https:\/\/microscopemedia.com\/wp-content\/uploads\/2026\/09\/fost-sef-dna-despre-lia-savonea-nu-am-discutat-niciodata-nu-m-a-sunat-ce-spune-despre-independenta-magistratilor-dar-si-delegari.png\" alt><\/div>\n<\/p><\/div>\n<p id=\"p-0\"><em>\u201eAcum, \u00een mod normal, magistra\u021bii, judec\u0103torii \u0219i procurorii chiar \u0219i pe solu\u021bii au suficiente garan\u021bii de independen\u021b\u0103 conferite de lege. Capturat po\u021bi fii dac\u0103 vrei, dac\u0103 nu, actul normativ \u00ee\u021bi permite s\u0103 fii destul de independent\u201d<\/em>, a declarat fostul procuror \u0219ef al DNA, C\u0103lin-Nistor.<\/p>\n<p id=\"p-1\">\u00centrebat dac\u0103 a sim\u021bit la DNA influen\u021ba Liei Savonea, pre\u0219edinta \u00cenaltei Cur\u021bi de Casa\u021bie \u0219i Justi\u021bie, fostul procuror \u0219ef C\u0103lin Nistor a declarat:<\/p>\n<p id=\"p-2\"><em><span class=\"cursor-pointer group\" title=\"Reda\u021bi \u00eencep\u00e2nd de la 3:34\"><span class=\"group-hover:bg-base-200 rounded p-0.5 -m-0.5\" data-start=\"214350\" data-end=\"218570\">\u201eDoamna Savonea a fost pre\u0219edintele CSM \u00een 2019.<\/span><\/span>&nbsp;<span class=\"cursor-pointer group\" title=\"Reda\u021bi \u00eencep\u00e2nd de la 3:39\"><span class=\"group-hover:bg-base-200 rounded p-0.5 -m-0.5\" data-start=\"218570\" data-end=\"221990\">Nu am discutat niciodat\u0103 cu dumneaei. N-am discutat niciodat\u0103, nu m-a sunat, nu ne-am cunoscut\u201d, <\/span><\/span><\/em><span class=\"cursor-pointer group\" title=\"Reda\u021bi \u00eencep\u00e2nd de la 3:39\"><span class=\"group-hover:bg-base-200 rounded p-0.5 -m-0.5\" data-start=\"218570\" data-end=\"221990\">a declarat fostul \u0219ef DNA, C\u0103lin Nistor. <\/span><\/span><\/p>\n<p id=\"p-3\">Acesta a precizat, \u00een schimb, c\u0103 a \u021binut leg\u0103tura cu vicepre\u0219edintele CSM, Andrei Solomon, dar \u0219i c\u0103 \u201eplenul de judec\u0103tori al CSM nu avea niciun fel de atribu\u021bii legate de activitatea DNA\u201d.<\/p>\n<h2 id=\"chapter-0\">Ce spune fostul \u0219ef DNA despre deleg\u0103ri?<\/h2>\n<p id=\"p-4\">C\u0103lin Nistor a vorbit \u0219i despre deleg\u0103rile judec\u0103torilor, dar \u0219i despre prescrip\u021bie. Acesta a precizat c\u0103, \u00een mod normal, deleg\u0103rile \u201ese regleaz\u0103\u201d prin lege \u0219i c\u0103 acestea nu se pot face dec\u00e2t cu acordul scris al magistratului.<\/p>\n<p id=\"p-5\"><em>\u201e<span class=\"cursor-pointer group\" title=\"Reda\u021bi \u00eencep\u00e2nd de la 1:11\"><span class=\"group-hover:bg-base-200 rounded p-0.5 -m-0.5\" data-start=\"71050\" data-end=\"75290\">Dac\u0103 sunt probleme de deleg\u0103ri, le regleaz\u0103 imediat prin lege. (\u2026) <\/span><\/span> <span class=\"cursor-pointer group\" title=\"Reda\u021bi \u00eencep\u00e2nd de la 1:22\"><span class=\"group-hover:bg-base-200 rounded p-0.5 -m-0.5\" data-start=\"82110\" data-end=\"91730\">Eu m\u0103 \u00eentreb, ca magistrat, dac\u0103 ai un dosar important repartizat, cum zicea o persoan\u0103 \u00een acel interviu,<\/span><\/span>&nbsp;<\/em><span class=\"cursor-pointer group\" title=\"Reda\u021bi \u00eencep\u00e2nd de la 1:33\"><span class=\"group-hover:bg-base-200 rounded p-0.5 -m-0.5\" data-start=\"92730\" data-end=\"104130\"><em>de ce nu r\u0103m\u00e2i s\u0103 solu\u021bionezi acel dosar \u0219i accep\u021bi s\u0103 pleci prin delegare \u0219tiind c\u0103 delegarea e o schimbare temporar\u0103 a locului de munc\u0103?\u201d<\/em>, a declarat C\u0103lin Nistor.&nbsp;<\/span><\/span><\/p>\n<p id=\"p-6\">\u00centrebat dac\u0103 un judec\u0103tor poate fi mutat f\u0103r\u0103 acordul s\u0103u, C\u0103lin Nistor a afirmat c\u0103 un magistrat poate fi delegat doar cu acordul s\u0103u.<\/p>\n<p id=\"p-7\"><em>\u201e<span class=\"cursor-pointer group\" title=\"Reda\u021bi \u00eencep\u00e2nd de la 2:21\"><span class=\"group-hover:bg-base-200 rounded p-0.5 -m-0.5\" data-start=\"141490\" data-end=\"144850\">Doar cu acordul scris poate fi delegat.<\/span><\/span>&nbsp;<span class=\"cursor-pointer group\" title=\"Reda\u021bi \u00eencep\u00e2nd de la 2:27\"><span class=\"group-hover:bg-base-200 rounded p-0.5 -m-0.5\" data-start=\"146510\" data-end=\"156750\">A fost o dispozi\u021bie \u00een lege, dar a fost abrogat\u0103 de mult, care permitea mutarea pentru dou\u0103 luni de zile f\u0103r\u0103 acordul magistra\u021bilor.<\/span><\/span>&nbsp;<\/em><span class=\"cursor-pointer group\" title=\"Reda\u021bi \u00eencep\u00e2nd de la 2:38\"><span class=\"group-hover:bg-base-200 rounded p-0.5 -m-0.5\" data-start=\"157750\" data-end=\"161750\"><em>Dispozi\u021bia respectiv\u0103 e modificat\u0103 de prin 2005.&nbsp;<\/em><span class=\"cursor-pointer group\" title=\"Reda\u021bi \u00eencep\u00e2nd de la 2:43\"><em>F\u0103r\u0103 acordul scris, f\u0103r\u0103 acordul t\u0103u, nu po\u021bi fi mutat prin delegare sau deta\u0219are\u201d<\/em>, a declarat Nistor.&nbsp;<\/span><\/span><\/span><\/p>\n<p id=\"p-8\">\u00centregul episod al emisiunii <strong>OFF The Record<\/strong> cu Sorina Matei poate fi <span><a href=\"https:\/\/www.youtube.com\/watch?v=3aJ0z4D_06w\" target=\"_blank\" rel=\"noopener\"><strong>urm\u0103rit pe YouTube.&nbsp;<\/strong><\/a><\/span><\/p>\n","protected":false},"excerpt":{"rendered":"<p>\u201eAcum, \u00een mod normal, magistra\u021bii, judec\u0103torii \u0219i procurorii chiar \u0219i pe solu\u021bii au suficiente garan\u021bii de independen\u021b\u0103 conferite de lege. Capturat po\u021bi fii dac\u0103 vrei, dac\u0103 nu, actul normativ \u00ee\u021bi &hellip; <a href=\"https:\/\/microscopemedia.com\/?p=711573\" class=\"more-link\">Read More<\/a><\/p>\n","protected":false},"author":1,"featured_media":711574,"comment_status":"closed","ping_status":"closed","sticky":false,"template":"Default","format":"standard","meta":[],"categories":[1],"tags":[],"_links":{"self":[{"href":"https:\/\/microscopemedia.com\/index.php?rest_route=\/wp\/v2\/posts\/711573"}],"collection":[{"href":"https:\/\/microscopemedia.com\/index.php?rest_route=\/wp\/v2\/posts"}],"about":[{"href":"https:\/\/microscopemedia.com\/index.php?rest_route=\/wp\/v2\/types\/post"}],"author":[{"embeddable":true,"href":"https:\/\/microscopemedia.com\/index.php?rest_route=\/wp\/v2\/users\/1"}],"replies":[{"embeddable":true,"href":"https:\/\/microscopemedia.com\/index.php?rest_route=%2Fwp%2Fv2%2Fcomments&post=711573"}],"version-history":[{"count":0,"href":"https:\/\/microscopemedia.com\/index.php?rest_route=\/wp\/v2\/posts\/711573\/revisions"}],"wp:featuredmedia":[{"embeddable":true,"href":"https:\/\/microscopemedia.com\/index.php?rest_route=\/wp\/v2\/media\/711574"}],"wp:attachment":[{"href":"https:\/\/microscopemedia.com\/index.php?rest_route=%2Fwp%2Fv2%2Fmedia&parent=711573"}],"wp:term":[{"taxonomy":"category","embeddable":true,"href":"https:\/\/microscopemedia.com\/index.php?rest_route=%2Fwp%2Fv2%2Fcategories&post=711573"},{"taxonomy":"post_tag","embeddable":true,"href":"https:\/\/microscopemedia.com\/index.php?rest_route=%2Fwp%2Fv2%2Ftags&post=711573"}],"curies":[{"name":"wp","href":"https:\/\/api.w.org\/{rel}","templated":true}]}}