{"id":711575,"date":"2026-09-04T11:27:04","date_gmt":"2026-09-04T11:27:04","guid":{"rendered":"https:\/\/microscopemedia.com\/?p=711575"},"modified":"2026-09-04T11:27:04","modified_gmt":"2026-09-04T11:27:04","slug":"calin-nistor-fost-sef-al-dna-despre-numirile-marilor-parchete-daca-presedintele-refuza-sa-numeasca-nu-stiu-ce-se-intampla-nu-va-focalizati-pe-cazurile-de-coruptie","status":"publish","type":"post","link":"https:\/\/microscopemedia.com\/?p=711575","title":{"rendered":"C\u0103lin Nistor, fost \u0219ef al DNA, despre numirile marilor parchete: Dac\u0103 pre\u0219edintele refuza s\u0103 numeasc\u0103, nu \u0219tiu ce se \u00eent\u00e2mpla \/ Nu v\u0103 focaliza\u021bi pe cazurile de corup\u021bie"},"content":{"rendered":"<div class=\"sgb-google-buttons\">\n<div class=\"display-flex justify-center google-logo\"><img decoding=\"async\" loading=\"lazy\" class=\"mg-x-auto\" width=\"30\" height=\"30\" src=\"https:\/\/microscopemedia.com\/wp-content\/uploads\/2026\/09\/calin-nistor-fost-sef-al-dna-despre-numirile-marilor-parchete-daca-presedintele-refuza-sa-numeasca-nu-stiu-ce-se-intampla-nu-va-focalizati-pe-cazurile-de-coruptie.png\" alt><\/div>\n<\/p><\/div>\n<p class=\"isSelectedEnd\" id=\"p-0\">C\u0103lin Nistor, fost procuror \u0219ef al DNA, a vorbit, vineri, la emisiunea OFF The Record de la Mediafax, despre situa\u021bia actual\u0103 a Direc\u021biei Na\u021bionale Anticorup\u021bie (DNA) \u0219i despre numirile de la conducerea marilor parchete, f\u0103cute de pre\u0219edintele Nicu\u0219or Dan.<\/p>\n<p id=\"p-1\">\u00centrebat dac\u0103 DNA mai este preg\u0103tit\u0103 s\u0103 fac\u0103 anchetele mari pe care le f\u0103cea \u00een anii anteriori \u0219i ce \u00eei lipse\u0219te institu\u021biei pentru a fi eficient\u0103, Nistor a spus c\u0103 situa\u021bia are leg\u0103tur\u0103 cu oamenii din interiorul institu\u021biei.<\/p>\n<p class=\"isSelectedEnd\" id=\"p-2\">Fostul \u0219ef al DNA a spus c\u0103 nu este nevoie ca to\u021bi cei 195 de procurori prev\u0103zu\u021bi \u00een schem\u0103 s\u0103 fie procurori de excep\u021bie, dar institu\u021bia trebuie s\u0103 aib\u0103 un grup de anchetatori foarte bine preg\u0103ti\u021bi.<\/p>\n<p id=\"p-3\">\u201eCe ar lipsi s\u0103 nu fac\u0103? \u0218tiu structura din interior de la un moment dat. Nu discut chestiuni de interne. O institu\u021bie s\u0103 fie eficient\u0103 la nivel de DNA trebuie s\u0103 ai oameni foarte bine preg\u0103ti\u021bi, procurori. Nu to\u021bi. C\u0103 n-ai de unde s\u0103 g\u0103se\u0219ti 195 de procurori c\u0103 sunt pe schem\u0103 s\u0103 fie Giovanni Falcone. Dar m\u0103car s\u0103 ai 10-15 procurori foarte buni pe care te po\u021bi baza s\u0103 fac\u0103 cazuri mari. S\u0103 fie procurori de anvergur\u0103, de anduran\u021b\u0103, s\u0103 piard\u0103 nop\u021bi. S\u0103 fie pragmatici \u00een aprecierea probelor, \u00een identificarea faptei\u201d, a declarat C\u0103lin Nistor.<\/p>\n<h2 id=\"chapter-0\">Nistor, despre numirile de la conducerea parchetelor<\/h2>\n<p class=\"isSelectedEnd\" id=\"p-4\">Fostul procuror \u0219ef al DNA a fost \u00eentrebat \u0219i despre numirile f\u0103cute la conducerea marilor parchete \u0219i despre rolul pe care pre\u0219edintelui Nicu\u0219or Dan l-a avut \u00een acest proces.<\/p>\n<p id=\"p-5\">El a spus c\u0103 numirile au fost necesare din punct de vedere legal.<\/p>\n<p id=\"p-6\">\u201eErau obliga\u021bi prin lege. Alt\u0103 prostie au f\u0103cut-o \u00een 2023. \u00cen 2023 au interzis delegarea pe func\u021biile de conducere la marile parchete. De\u0219i poate ap\u0103rea o situa\u021bie de criz\u0103, cum spune\u021bi dumneavoastr\u0103, s\u0103 expire mandatele \u0219efului \u0219i adjunctului \u00een acela\u0219i timp sau destul de rapid \u0219i s\u0103 te treze\u0219ti f\u0103r\u0103 conducere la nivelul direc\u021biei. Legea zice c\u0103 trebuie s\u0103 demarez procedura cu 60 de zile anterior expir\u0103rii mandatului\u201d, a explicat Nistor.<\/p>\n<p class=\"isSelectedEnd\" id=\"p-7\">El a spus c\u0103, \u00een cazul \u00een care pre\u0219edintele ar fi refuzat s\u0103 fac\u0103 numirea, procedura ar fi trebuit reluat\u0103, ceea ce ar fi putut l\u0103sa institu\u021bia f\u0103r\u0103 conducere pentru o perioad\u0103.<\/p>\n<p id=\"p-8\">\u201eDac\u0103 pre\u0219edintele refuza numirea, nu \u0219tiu ce se \u00eent\u00e2mpla. Pentru c\u0103 expirau mandatele. Trebuia reluat\u0103 procedura, erau termene pe care trebuie s\u0103 le respec\u021bi. \u0218i probabil ar fi r\u0103mas f\u0103r\u0103 conducere o perioad\u0103. Dar legat de numiri nu m\u0103 voi pronun\u021ba \u00een niciun sens\u201d, a mai spus fostul procuror \u0219ef al DNA.<\/p>\n<h2 id=\"chapter-1\">C\u0103lin Nistor: \u201eNu v\u0103 focaliza\u021bi pe cazurile de corup\u021bie\u201d<\/h2>\n<p class=\"isSelectedEnd\" id=\"p-9\">\u00cen cadrul emisiunii, Nistor a mai spus c\u0103 discu\u021biile despre justi\u021bie nu ar trebui s\u0103 se concentreze exclusiv pe dosarele de corup\u021bie, chiar dac\u0103 acestea sunt cele mai vizibile \u00een spa\u021biul public.<\/p>\n<p class=\"isSelectedEnd\" id=\"p-10\">\u201eNu v\u0103 focaliza\u021bi pe cazurile de corup\u021bie. E adev\u0103rat c\u0103 astea sunt \u00een aten\u021bia public\u0103, dar \u00een Rom\u00e2nia sunt multe cauze de alt gen, care \u0219i alea trebuie rezolvate, cumva, ar trebui v\u0103zute parchetele \u00een ansamblu, cum func\u021bioneaz\u0103 parchetele, poli\u021bia, pentru c\u0103 \u00een \u021bara asta sunt 1.700.000 de dosare, din c\u00e2te \u0219tiu eu de solu\u021bionat, \u0219i vreo 2.300 de procurori. Nu le lucreaz\u0103 ei, le lucreaz\u0103 cu lucr\u0103torii de poli\u021bie judiciar\u0103\u201d, a declarat C\u0103lin Nistor.<\/p>\n","protected":false},"excerpt":{"rendered":"<p>C\u0103lin Nistor, fost procuror \u0219ef al DNA, a vorbit, vineri, la emisiunea OFF The Record de la Mediafax, despre situa\u021bia actual\u0103 a Direc\u021biei Na\u021bionale Anticorup\u021bie (DNA) \u0219i despre numirile de &hellip; <a href=\"https:\/\/microscopemedia.com\/?p=711575\" class=\"more-link\">Read More<\/a><\/p>\n","protected":false},"author":1,"featured_media":711576,"comment_status":"closed","ping_status":"closed","sticky":false,"template":"Default","format":"standard","meta":[],"categories":[1],"tags":[],"_links":{"self":[{"href":"https:\/\/microscopemedia.com\/index.php?rest_route=\/wp\/v2\/posts\/711575"}],"collection":[{"href":"https:\/\/microscopemedia.com\/index.php?rest_route=\/wp\/v2\/posts"}],"about":[{"href":"https:\/\/microscopemedia.com\/index.php?rest_route=\/wp\/v2\/types\/post"}],"author":[{"embeddable":true,"href":"https:\/\/microscopemedia.com\/index.php?rest_route=\/wp\/v2\/users\/1"}],"replies":[{"embeddable":true,"href":"https:\/\/microscopemedia.com\/index.php?rest_route=%2Fwp%2Fv2%2Fcomments&post=711575"}],"version-history":[{"count":0,"href":"https:\/\/microscopemedia.com\/index.php?rest_route=\/wp\/v2\/posts\/711575\/revisions"}],"wp:featuredmedia":[{"embeddable":true,"href":"https:\/\/microscopemedia.com\/index.php?rest_route=\/wp\/v2\/media\/711576"}],"wp:attachment":[{"href":"https:\/\/microscopemedia.com\/index.php?rest_route=%2Fwp%2Fv2%2Fmedia&parent=711575"}],"wp:term":[{"taxonomy":"category","embeddable":true,"href":"https:\/\/microscopemedia.com\/index.php?rest_route=%2Fwp%2Fv2%2Fcategories&post=711575"},{"taxonomy":"post_tag","embeddable":true,"href":"https:\/\/microscopemedia.com\/index.php?rest_route=%2Fwp%2Fv2%2Ftags&post=711575"}],"curies":[{"name":"wp","href":"https:\/\/api.w.org\/{rel}","templated":true}]}}