{"id":711591,"date":"2026-09-04T13:37:02","date_gmt":"2026-09-04T13:37:02","guid":{"rendered":"https:\/\/microscopemedia.com\/?p=711591"},"modified":"2026-09-04T13:37:02","modified_gmt":"2026-09-04T13:37:02","slug":"comisia-europeana-lanseaza-doua-manuale-pentru-promovarea-vietii-evreiesti-in-europa","status":"publish","type":"post","link":"https:\/\/microscopemedia.com\/?p=711591","title":{"rendered":"Comisia European\u0103 lanseaz\u0103 dou\u0103 manuale pentru promovarea vie\u021bii evreie\u0219ti \u00een Europa"},"content":{"rendered":"<div class=\"sgb-google-buttons\">\n<div class=\"display-flex justify-center google-logo\"><img decoding=\"async\" loading=\"lazy\" class=\"mg-x-auto\" width=\"30\" height=\"30\" src=\"https:\/\/microscopemedia.com\/wp-content\/uploads\/2026\/09\/comisia-europeana-lanseaza-doua-manuale-pentru-promovarea-vietii-evreiesti-in-europa.png\" alt><\/div>\n<\/p><\/div>\n<p id=\"p-0\">\u00cen perspectiva acestei zile, Comisia European\u0103 a publicat dou\u0103 manuale care ofer\u0103 instrumente practice \u0219i orient\u0103ri pentru sprijinirea culturii, patrimoniului \u0219i vie\u021bii de zi cu zi a comunit\u0103\u021bilor evreie\u0219ti din Europa. Documentele se adreseaz\u0103 at\u00e2t autorit\u0103\u021bilor publice, c\u00e2t \u0219i publicului larg \u0219i urm\u0103resc s\u0103 contribuie la o mai bun\u0103 vizibilitate \u0219i \u00een\u021belegere a vie\u021bii \u0219i patrimoniului evreiesc.<\/p>\n<p id=\"p-1\">Ini\u021biativele fac parte din angajamentele asumate prin Strategia UE privind combaterea antisemitismului \u0219i sus\u021binerea vie\u021bii evreie\u0219ti pentru perioada 2021-2030.<\/p>\n<h2 id=\"chapter-0\">\u201eVia\u021ba evreiasc\u0103 face parte din Europa \u0219i trebuie v\u0103zut\u0103, cunoscut\u0103 \u0219i protejat\u0103\u201d<\/h2>\n<p id=\"p-2\">Magnus Brunner, comisarul european pentru afaceri interne \u0219i migra\u021bie, a subliniat contribu\u021bia comunit\u0103\u021bilor evreie\u0219ti la istoria Europei \u0219i importan\u021ba protej\u0103rii acestui patrimoniu.<\/p>\n<p id=\"p-3\">\u201eDe peste 2 000 de ani, comunit\u0103\u021bile evreie\u0219ti contribuie la modelarea Europei. Via\u021ba evreiasc\u0103 face parte din Europa \u0219i trebuie v\u0103zut\u0103, cunoscut\u0103 \u0219i protejat\u0103. A promova via\u021ba evreiasc\u0103 \u00eenseamn\u0103 a p\u0103stra milenii de patrimoniu cultural bogat\u201d, a declarat Brunner.<\/p>\n<p id=\"p-4\">Acesta a ad\u0103ugat c\u0103 promovarea vie\u021bii evreie\u0219ti reprezint\u0103 \u0219i un instrument de combatere a antisemitismului, prin \u00eenlocuirea prejudec\u0103\u021bilor cu \u00een\u021belegerea \u0219i prin crearea unui mediu \u00een care comunit\u0103\u021bile evreie\u0219ti s\u0103 se simt\u0103 \u00een siguran\u021b\u0103 \u0219i apreciate.<\/p>\n<p id=\"p-5\">\u201eA promova via\u021ba evreiasc\u0103 \u00eenseamn\u0103 a p\u0103stra milenii de patrimoniu cultural bogat. Acest lucru este \u00eens\u0103 mai mult dec\u00e2t un act de rememorare, deoarece combate activ antisemitismul prin \u00eenlocuirea prejudec\u0103\u021bilor cu \u00een\u021belegere, asigur\u00e2nd faptul c\u0103, astfel, comunit\u0103\u021bile evreie\u0219ti se simt \u00een siguran\u021b\u0103 \u0219i apreciate. Ca atare, este o investi\u021bie \u00een democra\u021bie\u201d.<\/p>\n<h2 id=\"chapter-1\">Dou\u0103 manuale pentru protejarea patrimoniului evreiesc<\/h2>\n<p id=\"p-6\">Manualul \u201ePrezen\u021b\u0103, pluralitate, continuitate\u201d ofer\u0103 autorit\u0103\u021bilor publice, \u00een special celor de la nivel local, recomand\u0103ri pentru crearea unui mediu \u00een care evreii s\u0103 poat\u0103 tr\u0103i \u00een mod deschis \u0219i \u00een siguran\u021b\u0103.<\/p>\n<p id=\"p-7\">Cel de-al doilea manual, \u201eO poveste vie \u00een \u00eentreaga Europ\u0103\u201d, cartografiaz\u0103 siturile de patrimoniu evreiesc din 30 de \u021b\u0103ri europene. Printre acestea se num\u0103r\u0103 sinagogi, cimitire, muzee, \u0219coli \u0219i foste cartiere evreie\u0219ti.<\/p>\n<p id=\"p-8\">Documentul prezint\u0103 contribu\u021bia acestor locuri la cultura, istoria \u0219i structura social\u0103 a Europei \u0219i analizeaz\u0103, totodat\u0103, mecanismele existente pentru conservarea patrimoniului evreiesc.<\/p>\n<h2 id=\"chapter-2\">Primul premiu Simone Veil va fi acordat \u00een decembrie<\/h2>\n<p id=\"p-9\">Comisia European\u0103 va decerna, la 3 decembrie 2026, primul premiu Simone Veil. Distinc\u021bia va recompensa activitatea cet\u0103\u021benilor, organiza\u021biilor societ\u0103\u021bii civile, factorilor de decizie politic\u0103 \u0219i liderilor comunitari care contribuie la p\u0103strarea patrimoniului evreiesc din Europa.<\/p>\n","protected":false},"excerpt":{"rendered":"<p>\u00cen perspectiva acestei zile, Comisia European\u0103 a publicat dou\u0103 manuale care ofer\u0103 instrumente practice \u0219i orient\u0103ri pentru sprijinirea culturii, patrimoniului \u0219i vie\u021bii de zi cu zi a comunit\u0103\u021bilor evreie\u0219ti din &hellip; <a href=\"https:\/\/microscopemedia.com\/?p=711591\" class=\"more-link\">Read More<\/a><\/p>\n","protected":false},"author":1,"featured_media":711592,"comment_status":"closed","ping_status":"closed","sticky":false,"template":"Default","format":"standard","meta":[],"categories":[1],"tags":[],"_links":{"self":[{"href":"https:\/\/microscopemedia.com\/index.php?rest_route=\/wp\/v2\/posts\/711591"}],"collection":[{"href":"https:\/\/microscopemedia.com\/index.php?rest_route=\/wp\/v2\/posts"}],"about":[{"href":"https:\/\/microscopemedia.com\/index.php?rest_route=\/wp\/v2\/types\/post"}],"author":[{"embeddable":true,"href":"https:\/\/microscopemedia.com\/index.php?rest_route=\/wp\/v2\/users\/1"}],"replies":[{"embeddable":true,"href":"https:\/\/microscopemedia.com\/index.php?rest_route=%2Fwp%2Fv2%2Fcomments&post=711591"}],"version-history":[{"count":0,"href":"https:\/\/microscopemedia.com\/index.php?rest_route=\/wp\/v2\/posts\/711591\/revisions"}],"wp:featuredmedia":[{"embeddable":true,"href":"https:\/\/microscopemedia.com\/index.php?rest_route=\/wp\/v2\/media\/711592"}],"wp:attachment":[{"href":"https:\/\/microscopemedia.com\/index.php?rest_route=%2Fwp%2Fv2%2Fmedia&parent=711591"}],"wp:term":[{"taxonomy":"category","embeddable":true,"href":"https:\/\/microscopemedia.com\/index.php?rest_route=%2Fwp%2Fv2%2Fcategories&post=711591"},{"taxonomy":"post_tag","embeddable":true,"href":"https:\/\/microscopemedia.com\/index.php?rest_route=%2Fwp%2Fv2%2Ftags&post=711591"}],"curies":[{"name":"wp","href":"https:\/\/api.w.org\/{rel}","templated":true}]}}