{"id":711603,"date":"2026-09-04T15:07:02","date_gmt":"2026-09-04T15:07:02","guid":{"rendered":"https:\/\/microscopemedia.com\/?p=711603"},"modified":"2026-09-04T15:07:02","modified_gmt":"2026-09-04T15:07:02","slug":"rusia-acuza-ucraina-dupa-ce-zelenski-a-avertizat-ca-spatiul-aerian-rusesc-este-nesigur","status":"publish","type":"post","link":"https:\/\/microscopemedia.com\/?p=711603","title":{"rendered":"Rusia acuz\u0103 Ucraina dup\u0103 ce Zelenski a avertizat c\u0103 spa\u021biul aerian rusesc este nesigur"},"content":{"rendered":"<div class=\"sgb-google-buttons\">\n<div class=\"display-flex justify-center google-logo\"><img decoding=\"async\" loading=\"lazy\" class=\"mg-x-auto\" width=\"30\" height=\"30\" src=\"https:\/\/microscopemedia.com\/wp-content\/uploads\/2026\/09\/rusia-acuza-ucraina-dupa-ce-zelenski-a-avertizat-ca-spatiul-aerian-rusesc-este-nesigur.png\" alt><\/div>\n<\/p><\/div>\n<p id=\"p-0\">Kievul a notificat oficial ICAO, pe 2 septembrie, \u0219i a \u00eendemnat operatorii s\u0103 evite spa\u021biul aerian al Rusiei. Moscova respinge categoric aceste avertismente \u0219i acuz\u0103 Ucraina c\u0103 amenin\u021b\u0103 avia\u021bia civil\u0103.<\/p>\n<p id=\"p-1\">Ministerul rus de Externe a anun\u021bat vineri c\u0103 autorit\u0103\u021bile competente de la Moscova sunt \u00een contact cu conducerea ICAO, cu sediul la Montreal, \u00een leg\u0103tur\u0103 cu ceea ce Rusia descrie drept \u201eamenin\u021b\u0103ri directe la adresa avia\u021biei civile\u201d.<\/p>\n<p id=\"p-2\">\u201e\u00cen leg\u0103tur\u0103 cu declara\u021biile ucrainene care vizeaz\u0103 crearea unor amenin\u021b\u0103ri directe pentru avia\u021bia civil\u0103, autorit\u0103\u021bile competente din Rusia sunt \u00een contact cu conducerea Organiza\u021biei Avia\u021biei Civile Interna\u021bionale\u201d, a transmis Ministerul rus de Externe.<\/p>\n<p id=\"p-3\">Potrivit Moscovei, o solicitare urgent\u0103 \u00een acest sens a fost trimis\u0103 secretarului general al ICAO, Juan Carlos Salazar.<\/p>\n<h2 id=\"chapter-0\">Rusia respinge avertismentele Ucrainei<\/h2>\n<p id=\"p-4\">Ministerul rus de Externe afirm\u0103 c\u0103 Federa\u021bia Rus\u0103 a formulat un \u201eprotest ferm\u201d fa\u021b\u0103 de ceea ce nume\u0219te \u201eac\u021biunile teroriste nechibzuite ale Ucrainei\u201d, despre care sus\u021bine c\u0103 ar fi contrare dreptului interna\u021bional.<\/p>\n<p id=\"p-5\">Moscova respinge, de asemenea, avizele NOTAM, prin care sunt transmise informa\u021bii importante pentru siguran\u021ba \u0219i operarea zborurilor, emise de autorit\u0103\u021bile ucrainene prin care acestea avertizeaz\u0103 c\u0103 spa\u021biul aerian rusesc nu este sigur pentru avia\u021bia civil\u0103.<\/p>\n<p id=\"p-6\">\u201eAcestea nu au for\u021b\u0103 juridic\u0103, denatureaz\u0103 situa\u021bia real\u0103 \u0219i induc \u00een eroare utilizatorii spa\u021biului aerian rusesc\u201d, sus\u021bine Ministerul rus de Externe.<\/p>\n<p id=\"p-7\">Autorit\u0103\u021bile ruse afirm\u0103 c\u0103 i-au cerut secretarului general al ICAO \u201es\u0103 condamne interferen\u021ba ilegal\u0103 a regimului de la Kiev \u00een avia\u021bia civil\u0103 \u0219i amenin\u021b\u0103rile directe pe care acesta le creeaz\u0103\u201d.<\/p>\n<h2 id=\"chapter-1\">Ce a spus Ucraina<\/h2>\n<p id=\"p-8\">Conflictul privind siguran\u021ba spa\u021biului aerian rusesc a \u00eenceput dup\u0103 avertismentul transmis \u00een urm\u0103 cu trei zile de pre\u0219edintele ucrainean Volodimir Zelenski companiilor aeriene, asigur\u0103torilor \u0219i celor care utilizeaz\u0103 principalele aeroporturi din Rusia.<\/p>\n<p id=\"p-9\">Zelenski a sus\u021binut c\u0103 spa\u021biul aerian rusesc devine \u201ecomplet nesigur\u201d pe fondul extinderii opera\u021biunilor cu drone ucrainene pe teritoriul Rusiei. Pre\u0219edintele ucrainean a insistat \u00eens\u0103 c\u0103 Ucraina nu vizeaz\u0103 avia\u021bia civil\u0103 \u0219i c\u0103 avertismentele au rolul de a preveni incidente \u00een care ar putea fi implicate aeronave civile.<\/p>\n<p id=\"p-10\">La scurt timp dup\u0103 declara\u021biile lui Zelenski, ministrul ucrainean de Externe, Andrii Sybiha, a anun\u021bat c\u0103 Kievul a informat oficial ICAO c\u0103 spa\u021biul aerian al Rusiei nu este sigur pentru avia\u021bia civil\u0103 \u0219i a \u00eendemnat companiile aeriene s\u0103 \u00eel evite. Sybiha a sus\u021binut c\u0103 intensificarea activit\u0103\u021bii militare cre\u0219te riscurile pentru aeronavele civile.<\/p>\n<p id=\"p-11\">Avertismentele au venit \u00eentr-un moment \u00een care atacurile cu drone asupra teritoriului rus au provocat deja perturb\u0103ri ale traficului aerian. Aeroporturile din zona Moscovei au introdus temporar restric\u021bii asupra sosirilor \u0219i plec\u0103rilor, iar mai multe zboruri au fost anulate sau \u00eent\u00e2rziate.<\/p>\n","protected":false},"excerpt":{"rendered":"<p>Kievul a notificat oficial ICAO, pe 2 septembrie, \u0219i a \u00eendemnat operatorii s\u0103 evite spa\u021biul aerian al Rusiei. Moscova respinge categoric aceste avertismente \u0219i acuz\u0103 Ucraina c\u0103 amenin\u021b\u0103 avia\u021bia civil\u0103. &hellip; <a href=\"https:\/\/microscopemedia.com\/?p=711603\" class=\"more-link\">Read More<\/a><\/p>\n","protected":false},"author":1,"featured_media":711604,"comment_status":"closed","ping_status":"closed","sticky":false,"template":"Default","format":"standard","meta":[],"categories":[1],"tags":[],"_links":{"self":[{"href":"https:\/\/microscopemedia.com\/index.php?rest_route=\/wp\/v2\/posts\/711603"}],"collection":[{"href":"https:\/\/microscopemedia.com\/index.php?rest_route=\/wp\/v2\/posts"}],"about":[{"href":"https:\/\/microscopemedia.com\/index.php?rest_route=\/wp\/v2\/types\/post"}],"author":[{"embeddable":true,"href":"https:\/\/microscopemedia.com\/index.php?rest_route=\/wp\/v2\/users\/1"}],"replies":[{"embeddable":true,"href":"https:\/\/microscopemedia.com\/index.php?rest_route=%2Fwp%2Fv2%2Fcomments&post=711603"}],"version-history":[{"count":0,"href":"https:\/\/microscopemedia.com\/index.php?rest_route=\/wp\/v2\/posts\/711603\/revisions"}],"wp:featuredmedia":[{"embeddable":true,"href":"https:\/\/microscopemedia.com\/index.php?rest_route=\/wp\/v2\/media\/711604"}],"wp:attachment":[{"href":"https:\/\/microscopemedia.com\/index.php?rest_route=%2Fwp%2Fv2%2Fmedia&parent=711603"}],"wp:term":[{"taxonomy":"category","embeddable":true,"href":"https:\/\/microscopemedia.com\/index.php?rest_route=%2Fwp%2Fv2%2Fcategories&post=711603"},{"taxonomy":"post_tag","embeddable":true,"href":"https:\/\/microscopemedia.com\/index.php?rest_route=%2Fwp%2Fv2%2Ftags&post=711603"}],"curies":[{"name":"wp","href":"https:\/\/api.w.org\/{rel}","templated":true}]}}