{"id":711609,"date":"2026-09-04T15:57:02","date_gmt":"2026-09-04T15:57:02","guid":{"rendered":"https:\/\/microscopemedia.com\/?p=711609"},"modified":"2026-09-04T15:57:02","modified_gmt":"2026-09-04T15:57:02","slug":"denis-dragus-primele-declaratii-ca-jucator-al-fcsb-sunt-la-o-echipa-pe-care-toata-lumea-o-iubeste","status":"publish","type":"post","link":"https:\/\/microscopemedia.com\/?p=711609","title":{"rendered":"Denis Dr\u0103gu\u0219, primele declara\u021bii ca juc\u0103tor al FCSB: Sunt la o echip\u0103 pe care toat\u0103 lumea o iube\u0219te"},"content":{"rendered":"<div class=\"sgb-google-buttons\">\n<div class=\"display-flex justify-center google-logo\"><img decoding=\"async\" loading=\"lazy\" class=\"mg-x-auto\" width=\"30\" height=\"30\" src=\"https:\/\/microscopemedia.com\/wp-content\/uploads\/2026\/09\/denis-dragus-primele-declaratii-ca-jucator-al-fcsb-sunt-la-o-echipa-pe-care-toata-lumea-o-iubeste.png\" alt><\/div>\n<\/p><\/div>\n<p id=\"p-0\">\u201eM\u0103 simt emo\u021bionat pentru faptul c\u0103 o s\u0103 joc acas\u0103 \u0219i m\u0103 bucur c\u0103 m-am \u00eentors \u00een Rom\u00e2nia\u201d, a declarat atacantul Denis Dr\u0103gu\u0219, \u00eentr-un interviu pentru FCSB.<\/p>\n<p id=\"p-1\">Denis Dr\u0103gu\u0219, \u00een v\u00e2rst\u0103 de 27 de ani, \u0219i-a \u00eenceput cariera la Academia Gheorghe Hagi \u0219i a debutat la seniori pentru Viitorul Constan\u021ba, \u00eenainte de a pleca \u00een str\u0103in\u0103tate, la Standard Liege, \u00een 2019. A mai evoluat sub form\u0103 de \u00eemprumut la Crotone \u0219i Genoa, iar ulterior a ajuns la Gaziantep, \u00eenainte de transferul la Trabzonspor, \u00een 2024. Interna\u021bionalul rom\u00e2n s-a desp\u0103r\u021bit joi de Trabzonspor, prin rezilierea de comun acord a contractului, pentru a reveni \u00een Rom\u00e2nia \u0219i a semna cu FCSB.<\/p>\n<p id=\"p-2\">\u00centrebat ce l-a convins s\u0103 aleag\u0103 FCSB, Dr\u0103gu\u0219 a indicat \u00een primul r\u00e2nd \u00eencrederea pe care a sim\u021bit-o din partea oamenilor din club.<\/p>\n<p id=\"p-3\">\u201e\u00cencrederea pe care am sim\u021bit-o din partea tuturor \u0219i, c\u00e2nd i-am spus feti\u021bei mele c\u0103 s-ar putea s\u0103 se \u00eent\u00e2mple s\u0103 fiu \u00eenapoi acas\u0103, mi-a spus c\u0103 ar fi cel mai tare lucru din via\u021ba ei. Nu cred c\u0103 mai era ceva de ad\u0103ugat\u201d, a spus fotbalistul.<\/p>\n<h2 id=\"chapter-0\">\u201eAcum sunt acas\u0103\u201d<\/h2>\n<p id=\"p-4\">Dr\u0103gu\u0219, care a petrecut ultimii \u0219apte ani \u00een afara Rom\u00e2niei, a subliniat importan\u021ba revenirii acas\u0103.<\/p>\n<p id=\"p-5\">\u201e\u00cen ultimii \u0219apte ani am fost \u00een afara \u021b\u0103rii. Chiar dac\u0103 am fost la Constan\u021ba \u00eenainte s\u0103 plec din Rom\u00e2nia, eram \u00een alt ora\u0219, nu eram la mine acas\u0103. Acum sunt acas\u0103, sunt la o echip\u0103 pe care toat\u0103 lumea o iube\u0219te, toat\u0103 lumea o simpatizeaz\u0103. Chiar \u0219i eu, c\u00e2nd eram mic, urm\u0103ream cu foarte mare admira\u021bie meciurile Stelei \u0219i m\u0103 bucur c\u0103 fac parte din aceast\u0103 echip\u0103\u201d, a afirmat Dr\u0103gu\u0219.<\/p>\n<p id=\"p-6\">Dr\u0103gu\u0219 s-a descris drept un atacant versatil, mobil \u0219i rapid, indic\u00e2nd \u201eambi\u021bia\u201d drept principala sa calitate.<\/p>\n<p id=\"p-7\">\u00centrebat despre idolul s\u0103u din copil\u0103rie \u0219i atacantul s\u0103u preferat din toate timpurile, l-a indicat pe Cristiano Ronaldo.<\/p>\n<p id=\"p-8\">\u201eO s\u0103 dau totul pe teren, asta e cel mai important. E important s\u0103 la\u0219i tot acolo. Asta vreau s\u0103 \u0219tie (n.r. \u2013 suporterii), c\u0103 indiferent de ce ar fi, nu m-am menajat niciodat\u0103\u201d, a \u00eencheiat Dr\u0103gu\u0219.<\/p>\n<p id=\"p-9\">Interna\u021bionalul rom\u00e2n poate debuta la FCSB chiar \u00een marele derby contra Dinamo Bucure\u0219ti. Cele dou\u0103 echipe sunt programate s\u0103 joace pe terenul lui Dinamo, s\u00e2mb\u0103t\u0103, de la ora 20:30, \u00een cadrul etapei a 8-a din Superliga.<\/p>\n","protected":false},"excerpt":{"rendered":"<p>\u201eM\u0103 simt emo\u021bionat pentru faptul c\u0103 o s\u0103 joc acas\u0103 \u0219i m\u0103 bucur c\u0103 m-am \u00eentors \u00een Rom\u00e2nia\u201d, a declarat atacantul Denis Dr\u0103gu\u0219, \u00eentr-un interviu pentru FCSB. Denis Dr\u0103gu\u0219, \u00een &hellip; <a href=\"https:\/\/microscopemedia.com\/?p=711609\" class=\"more-link\">Read More<\/a><\/p>\n","protected":false},"author":1,"featured_media":711610,"comment_status":"closed","ping_status":"closed","sticky":false,"template":"Default","format":"standard","meta":[],"categories":[1],"tags":[],"_links":{"self":[{"href":"https:\/\/microscopemedia.com\/index.php?rest_route=\/wp\/v2\/posts\/711609"}],"collection":[{"href":"https:\/\/microscopemedia.com\/index.php?rest_route=\/wp\/v2\/posts"}],"about":[{"href":"https:\/\/microscopemedia.com\/index.php?rest_route=\/wp\/v2\/types\/post"}],"author":[{"embeddable":true,"href":"https:\/\/microscopemedia.com\/index.php?rest_route=\/wp\/v2\/users\/1"}],"replies":[{"embeddable":true,"href":"https:\/\/microscopemedia.com\/index.php?rest_route=%2Fwp%2Fv2%2Fcomments&post=711609"}],"version-history":[{"count":0,"href":"https:\/\/microscopemedia.com\/index.php?rest_route=\/wp\/v2\/posts\/711609\/revisions"}],"wp:featuredmedia":[{"embeddable":true,"href":"https:\/\/microscopemedia.com\/index.php?rest_route=\/wp\/v2\/media\/711610"}],"wp:attachment":[{"href":"https:\/\/microscopemedia.com\/index.php?rest_route=%2Fwp%2Fv2%2Fmedia&parent=711609"}],"wp:term":[{"taxonomy":"category","embeddable":true,"href":"https:\/\/microscopemedia.com\/index.php?rest_route=%2Fwp%2Fv2%2Fcategories&post=711609"},{"taxonomy":"post_tag","embeddable":true,"href":"https:\/\/microscopemedia.com\/index.php?rest_route=%2Fwp%2Fv2%2Ftags&post=711609"}],"curies":[{"name":"wp","href":"https:\/\/api.w.org\/{rel}","templated":true}]}}