{"id":711617,"date":"2026-09-04T16:47:03","date_gmt":"2026-09-04T16:47:03","guid":{"rendered":"https:\/\/microscopemedia.com\/?p=711617"},"modified":"2026-09-04T16:47:03","modified_gmt":"2026-09-04T16:47:03","slug":"nicusor-dan-a-primit-noii-ambasadori-ai-17-tari-ce-a-discutat-cu-reprezentantii-iranului-canadei-si-danemarcei","status":"publish","type":"post","link":"https:\/\/microscopemedia.com\/?p=711617","title":{"rendered":"Nicu\u0219or Dan a primit noii ambasadori ai 17 \u021b\u0103ri. Ce a discutat cu reprezentan\u021bii Iranului, Canadei \u0219i Danemarcei"},"content":{"rendered":"<div class=\"sgb-google-buttons\">\n<div class=\"display-flex justify-center google-logo\"><img decoding=\"async\" loading=\"lazy\" class=\"mg-x-auto\" width=\"30\" height=\"30\" src=\"https:\/\/microscopemedia.com\/wp-content\/uploads\/2026\/09\/nicusor-dan-a-primit-noii-ambasadori-ai-17-tari-ce-a-discutat-cu-reprezentantii-iranului-canadei-si-danemarcei.png\" alt><\/div>\n<\/p><\/div>\n<p class=\"isSelectedEnd\" id=\"p-0\">Printre diploma\u021bii primi\u021bi de \u0219eful statului s-au num\u0103rat noii ambasadori ai Vietnamului, Arabiei Saudite, Iranului, Coreei de Sud, Serbiei, Algeriei, Danemarcei, Chile, Kazahstanului \u0219i Canadei.<\/p>\n<p class=\"isSelectedEnd\" id=\"p-1\">La Cotroceni \u0219i-au mai prezentat scrisorile de acreditare reprezentan\u021bii diplomatici ai Thailandei, C\u00f4te d\u2019Ivoire, Panama, Cambodgiei, Guatemalei, El Salvadorului \u0219i Ghanei. Nicu\u0219or Dan le-a urat succes \u00een exercitarea mandatelor \u0219i i-a asigurat de sprijinul autorit\u0103\u021bilor rom\u00e2ne.<\/p>\n<h2 id=\"chapter-0\">Mesaj privind Iranul: este nevoie de o solu\u021bie diplomatic\u0103<\/h2>\n<p class=\"isSelectedEnd\" id=\"p-2\">Una dintre \u00eentrevederile cu o miz\u0103 interna\u021bional\u0103 important\u0103 a fost cea cu noul ambasador al Iranului \u00een Rom\u00e2nia, Seyed Mohsen Emadi.<\/p>\n<p class=\"isSelectedEnd\" id=\"p-3\">Nicu\u0219or Dan a evocat rela\u021bia tradi\u021bional\u0103 dintre Bucure\u0219ti \u0219i Teheran, iar cele dou\u0103 p\u0103r\u021bi au subliniat necesitatea identific\u0103rii unei solu\u021bii diplomatice pentru conflictul din regiune, astfel \u00eenc\u00e2t tensiunile s\u0103 fie reduse \u0219i stabilitatea regional\u0103 consolidat\u0103.<\/p>\n<p class=\"isSelectedEnd\" id=\"p-4\">\u00cen discu\u021bia cu ambasadorul Arabiei Saudite, Khalid bin Eid Al-Shammari, pre\u0219edintele a eviden\u021biat statutul regatului de partener-cheie al Rom\u00e2niei \u00een Orientul Mijlociu \u0219i \u00een regiunea Golfului. Bucure\u0219tiul urm\u0103re\u0219te dezvoltarea cooper\u0103rii inclusiv \u00een energie, agricultur\u0103, securitate alimentar\u0103, ap\u0103rare \u0219i afaceri interne.<\/p>\n<h2 id=\"chapter-1\">R\u0103zboiul din Ucraina \u0219i securitatea la Marea Neagr\u0103<\/h2>\n<p class=\"isSelectedEnd\" id=\"p-5\">Temele de securitate au ocupat un loc important \u0219i \u00een \u00eentrevederea cu ambasadorul Danemarcei, Stig Paolo Piras. Discu\u021biile s-au concentrat asupra securit\u0103\u021bii la Marea Neagr\u0103 \u0219i consecin\u021belor r\u0103zboiului declan\u0219at de Rusia \u00eempotriva Ucrainei.<\/p>\n<p class=\"isSelectedEnd\" id=\"p-6\">Cele dou\u0103 p\u0103r\u021bi au reconfirmat viziunea comun\u0103 asupra securit\u0103\u021bii Flancului Estic \u0219i asupra amenin\u021b\u0103rilor la adresa Europei \u0219i NATO. Nicu\u0219or Dan a reiterat, totodat\u0103, importan\u021ba pe care Rom\u00e2nia o acord\u0103 parcursului european al Republicii Moldova.<\/p>\n<p class=\"isSelectedEnd\" id=\"p-7\">Sprijinul acordat Ucrainei a ap\u0103rut \u0219i \u00een discu\u021bia cu ambasadorul Canadei, Kevin Rex. Pe agend\u0103 s-au aflat eficien\u021ba NATO, securitatea energetic\u0103 \u0219i cooperarea bilateral\u0103 \u00een domeniul securit\u0103\u021bii. A fost men\u021bionat\u0103 inclusiv participarea Canadei la activit\u0103\u021bile Grupului operativ pentru combaterea minelor din Marea Neagr\u0103.<\/p>\n<h2 id=\"chapter-2\">Autostrada Timi\u0219oara \u2013 Belgrad, discutat\u0103 cu ambasadorul Serbiei<\/h2>\n<p class=\"isSelectedEnd\" id=\"p-8\">\u00cen rela\u021bia cu Serbia, Nicu\u0219or Dan \u0219i ambasadorul Dragan Simeunovi\u0107 au abordat dou\u0103 proiecte majore de conectivitate: autostrada Timi\u0219oara-Belgrad \u0219i gazoductul Arad-Mokrin.<\/p>\n<p class=\"isSelectedEnd\" id=\"p-9\">Discu\u021biile au vizat \u0219i situa\u021bia minorit\u0103\u021bii rom\u00e2ne din Serbia, precum \u0219i rolul comunit\u0103\u021bii s\u00e2rbe din Rom\u00e2nia \u00een apropierea celor dou\u0103 \u021b\u0103ri.<\/p>\n<p class=\"isSelectedEnd\" id=\"p-10\">Cu ambasadorul Coreei de Sud, Hur Seung-chul, pre\u0219edintele a discutat despre Parteneriatul Strategic \u0219i cooperarea \u00een industria de ap\u0103rare, energia nuclear\u0103 civil\u0103 \u0219i infrastructur\u0103.<\/p>\n<p id=\"p-11\">Agenda diplomatic\u0103 a inclus, de asemenea, dezvoltarea schimburilor comerciale \u0219i a investi\u021biilor cu celelalte state reprezentate, precum \u0219i cooperarea \u00een domenii precum energia, agricultura, educa\u021bia, tehnologia \u0219i securitatea cibernetic\u0103.<\/p>\n","protected":false},"excerpt":{"rendered":"<p>Printre diploma\u021bii primi\u021bi de \u0219eful statului s-au num\u0103rat noii ambasadori ai Vietnamului, Arabiei Saudite, Iranului, Coreei de Sud, Serbiei, Algeriei, Danemarcei, Chile, Kazahstanului \u0219i Canadei. La Cotroceni \u0219i-au mai prezentat &hellip; <a href=\"https:\/\/microscopemedia.com\/?p=711617\" class=\"more-link\">Read More<\/a><\/p>\n","protected":false},"author":1,"featured_media":711618,"comment_status":"closed","ping_status":"closed","sticky":false,"template":"Default","format":"standard","meta":[],"categories":[1],"tags":[],"_links":{"self":[{"href":"https:\/\/microscopemedia.com\/index.php?rest_route=\/wp\/v2\/posts\/711617"}],"collection":[{"href":"https:\/\/microscopemedia.com\/index.php?rest_route=\/wp\/v2\/posts"}],"about":[{"href":"https:\/\/microscopemedia.com\/index.php?rest_route=\/wp\/v2\/types\/post"}],"author":[{"embeddable":true,"href":"https:\/\/microscopemedia.com\/index.php?rest_route=\/wp\/v2\/users\/1"}],"replies":[{"embeddable":true,"href":"https:\/\/microscopemedia.com\/index.php?rest_route=%2Fwp%2Fv2%2Fcomments&post=711617"}],"version-history":[{"count":0,"href":"https:\/\/microscopemedia.com\/index.php?rest_route=\/wp\/v2\/posts\/711617\/revisions"}],"wp:featuredmedia":[{"embeddable":true,"href":"https:\/\/microscopemedia.com\/index.php?rest_route=\/wp\/v2\/media\/711618"}],"wp:attachment":[{"href":"https:\/\/microscopemedia.com\/index.php?rest_route=%2Fwp%2Fv2%2Fmedia&parent=711617"}],"wp:term":[{"taxonomy":"category","embeddable":true,"href":"https:\/\/microscopemedia.com\/index.php?rest_route=%2Fwp%2Fv2%2Fcategories&post=711617"},{"taxonomy":"post_tag","embeddable":true,"href":"https:\/\/microscopemedia.com\/index.php?rest_route=%2Fwp%2Fv2%2Ftags&post=711617"}],"curies":[{"name":"wp","href":"https:\/\/api.w.org\/{rel}","templated":true}]}}