{"id":711623,"date":"2026-09-04T17:27:03","date_gmt":"2026-09-04T17:27:03","guid":{"rendered":"https:\/\/microscopemedia.com\/?p=711623"},"modified":"2026-09-04T17:27:03","modified_gmt":"2026-09-04T17:27:03","slug":"harta-lumii-se-schimba-dupa-aproape-500-de-ani-onu-a-votat-pentru-renuntarea-la-proiectia-mercator","status":"publish","type":"post","link":"https:\/\/microscopemedia.com\/?p=711623","title":{"rendered":"Harta lumii se schimb\u0103 dup\u0103 aproape 500 de ani. ONU a votat pentru renun\u021barea la proiec\u021bia Mercator"},"content":{"rendered":"<div class=\"sgb-google-buttons\">\n<div class=\"display-flex justify-center google-logo\"><img decoding=\"async\" loading=\"lazy\" class=\"mg-x-auto\" width=\"30\" height=\"30\" src=\"https:\/\/microscopemedia.com\/wp-content\/uploads\/2026\/09\/harta-lumii-se-schimba-dupa-aproape-500-de-ani-onu-a-votat-pentru-renuntarea-la-proiectia-mercator.png\" alt><\/div>\n<\/p><\/div>\n<p class=\"isSelectedEnd\" id=\"p-0\">Schimbarea ar putea modifica inclusiv felul \u00een care genera\u021biile viitoare vor vedea harta lumii \u00een \u0219coli \u0219i pe dispozitivele digitale.<\/p>\n<p class=\"isSelectedEnd\" id=\"p-1\">Rezolu\u021bia a fost adoptat\u0103 la sediul Organiza\u021biei Na\u021biunilor Unite din New York, dup\u0103 o campanie sus\u021binut\u0103 de Togo \u00een numele Uniunii Africane, relateaz\u0103 <a href=\"https:\/\/www.theguardian.com\/world\/2026\/sep\/04\/un-vote-world-map-mercator-equal-earth-africa\" target=\"_blank\" rel=\"noopener\">The Guardian<\/a>.<\/p>\n<p class=\"isSelectedEnd\" id=\"p-2\">Un num\u0103r de 164 de state au votat \u00een favoarea documentului, \u0219ase s-au ab\u021binut, iar Statele Unite au fost singura \u021bar\u0103 care a votat \u00eempotriv\u0103. Reprezentantul american a argumentat c\u0103 rezolu\u021bia este inutil\u0103.<\/p>\n<p class=\"isSelectedEnd\" id=\"p-3\">Documentul sus\u021bine \u00eenlocuirea treptat\u0103 a proiec\u021biei Mercator cu reprezent\u0103ri mai exacte ale suprafe\u021belor, printre modelele promovate afl\u00e2ndu-se proiec\u021bia Equal Earth, realizat\u0103 \u00een 2018.<\/p>\n<h2 id=\"chapter-0\">Africa este de 14 ori mai mare dec\u00e2t Groenlanda<\/h2>\n<p class=\"isSelectedEnd\" id=\"p-4\">Problema h\u0103r\u021bii Mercator vine din modul \u00een care suprafa\u021ba sferic\u0103 a P\u0103m\u00e2ntului este transpus\u0103 pe un plan.<\/p>\n<p class=\"isSelectedEnd\" id=\"p-5\">Proiec\u021bia a fost introdus\u0103 \u00een 1569 de cartograful flamand Gerardus Mercator, \u00een primul r\u00e2nd pentru a facilita naviga\u021bia maritim\u0103. Modelul s-a r\u0103sp\u00e2ndit ulterior \u0219i a devenit una dintre cele mai cunoscute reprezent\u0103ri ale lumii.<\/p>\n<p class=\"isSelectedEnd\" id=\"p-6\">Distorsiunile sunt \u00eens\u0103 considerabile. Regiunile situate la latitudini ridicate sunt reprezentate dispropor\u021bionat de mari, \u00een timp ce suprafe\u021bele din apropierea Ecuatorului par mai mici dec\u00e2t sunt \u00een realitate.<\/p>\n<p class=\"isSelectedEnd\" id=\"p-7\">Unul dintre cele mai spectaculoase exemple este compara\u021bia dintre Africa \u0219i Groenlanda. Pe o hart\u0103 Mercator, cele dou\u0103 teritorii pot p\u0103rea apropiate ca dimensiune. \u00cen realitate, suprafa\u021ba Africii este de aproximativ 14 ori mai mare dec\u00e2t cea a Groenlandei.<\/p>\n<h2 id=\"chapter-1\">De ce statele africane vor schimbarea h\u0103r\u021bii<\/h2>\n<p class=\"isSelectedEnd\" id=\"p-8\">Togo \u0219i sus\u021bin\u0103torii campaniei sus\u021bin c\u0103 reprezent\u0103rile cartografice dispropor\u021bionate au avut de-a lungul timpului efecte educa\u021bionale, culturale, geopolitice \u0219i socioeconomice, diminu\u00e2nd \u00een percep\u021bia public\u0103 <a href=\"https:\/\/www.mediafax.ro\/externe\/onu-va-vota-o-rezolutie-privind-o-noua-harta-a-lumii-care-sa-reflecte-dimensiunea-reala-a-africii-23801744\" target=\"_blank\" rel=\"noopener\">dimensiunea Africii<\/a> \u0219i a altor regiuni.<\/p>\n<p class=\"isSelectedEnd\" id=\"p-9\">Ministrul de Externe al statului Togo, Robert Dussey, a insistat \u00eenaintea votului c\u0103 problema trebuie privit\u0103 \u00een primul r\u00e2nd din perspectiv\u0103 \u0219tiin\u021bific\u0103, nu politic\u0103.<\/p>\n<p class=\"isSelectedEnd\" id=\"p-10\">Campania #CorrectTheMap promoveaz\u0103 proiec\u021bia Equal Earth, dezvoltat\u0103 \u00een 2018 de o echip\u0103 interna\u021bional\u0103 de cartografi. Sus\u021bin\u0103torii acesteia consider\u0103 c\u0103 noul model poate oferi o imagine mai corect\u0103 asupra dimensiunilor continentelor.<\/p>\n<p class=\"isSelectedEnd\" id=\"p-11\">Fran\u021ba a anun\u021bat deja c\u0103 va renun\u021ba la Mercator \u00een favoarea proiec\u021biei Eckert IV, apropiat\u0103 de principiul reprezent\u0103rii suprafe\u021belor promovat prin rezolu\u021bia ONU.<\/p>\n<h2 id=\"chapter-2\">Rezolu\u021bia ONU nu oblig\u0103 statele s\u0103 renun\u021be la vechile h\u0103r\u021bi<\/h2>\n<p class=\"isSelectedEnd\" id=\"p-12\">Votul de la New York nu \u00eenseamn\u0103 \u00eens\u0103 c\u0103 h\u0103r\u021bile Mercator vor disp\u0103rea imediat.<\/p>\n<p class=\"isSelectedEnd\" id=\"p-13\">Rezolu\u021biile de acest tip ale Adun\u0103rii Generale nu au caracter obligatoriu, astfel c\u0103 statele \u0219i institu\u021biile nu sunt constr\u00e2nse s\u0103 utilizeze exclusiv noua reprezentare \u0219i nici nu le este interzis s\u0103 continue folosirea proiec\u021biei Mercator.<\/p>\n<p class=\"isSelectedEnd\" id=\"p-14\">Decizia ar putea avea totu\u0219i efecte asupra materialelor educa\u021bionale \u0219i asupra tehnologiilor \u00een care h\u0103r\u021bile sunt utilizate pe scar\u0103 larg\u0103.<\/p>\n<p id=\"p-15\">Autorit\u0103\u021bile din Togo inten\u021bioneaz\u0103 s\u0103 organizeze, \u00een primul trimestru al anului viitor, o reuniune la Lom\u00e9 \u00eempreun\u0103 cu UNESCO, Uniunea African\u0103 \u0219i companii din domeniul tehnologiei, pentru a discuta punerea \u00een practic\u0103 a principiilor promovate prin rezolu\u021bie.<\/p>\n","protected":false},"excerpt":{"rendered":"<p>Schimbarea ar putea modifica inclusiv felul \u00een care genera\u021biile viitoare vor vedea harta lumii \u00een \u0219coli \u0219i pe dispozitivele digitale. Rezolu\u021bia a fost adoptat\u0103 la sediul Organiza\u021biei Na\u021biunilor Unite din &hellip; <a href=\"https:\/\/microscopemedia.com\/?p=711623\" class=\"more-link\">Read More<\/a><\/p>\n","protected":false},"author":1,"featured_media":711624,"comment_status":"closed","ping_status":"closed","sticky":false,"template":"Default","format":"standard","meta":[],"categories":[1],"tags":[],"_links":{"self":[{"href":"https:\/\/microscopemedia.com\/index.php?rest_route=\/wp\/v2\/posts\/711623"}],"collection":[{"href":"https:\/\/microscopemedia.com\/index.php?rest_route=\/wp\/v2\/posts"}],"about":[{"href":"https:\/\/microscopemedia.com\/index.php?rest_route=\/wp\/v2\/types\/post"}],"author":[{"embeddable":true,"href":"https:\/\/microscopemedia.com\/index.php?rest_route=\/wp\/v2\/users\/1"}],"replies":[{"embeddable":true,"href":"https:\/\/microscopemedia.com\/index.php?rest_route=%2Fwp%2Fv2%2Fcomments&post=711623"}],"version-history":[{"count":0,"href":"https:\/\/microscopemedia.com\/index.php?rest_route=\/wp\/v2\/posts\/711623\/revisions"}],"wp:featuredmedia":[{"embeddable":true,"href":"https:\/\/microscopemedia.com\/index.php?rest_route=\/wp\/v2\/media\/711624"}],"wp:attachment":[{"href":"https:\/\/microscopemedia.com\/index.php?rest_route=%2Fwp%2Fv2%2Fmedia&parent=711623"}],"wp:term":[{"taxonomy":"category","embeddable":true,"href":"https:\/\/microscopemedia.com\/index.php?rest_route=%2Fwp%2Fv2%2Fcategories&post=711623"},{"taxonomy":"post_tag","embeddable":true,"href":"https:\/\/microscopemedia.com\/index.php?rest_route=%2Fwp%2Fv2%2Ftags&post=711623"}],"curies":[{"name":"wp","href":"https:\/\/api.w.org\/{rel}","templated":true}]}}