{"id":711627,"date":"2026-09-04T17:56:03","date_gmt":"2026-09-04T17:56:03","guid":{"rendered":"https:\/\/microscopemedia.com\/?p=711627"},"modified":"2026-09-04T17:56:03","modified_gmt":"2026-09-04T17:56:03","slug":"muntii-europei-se-inverzesc-pe-masura-ce-planeta-se-incalzeste-ce-se-intampla-cu-plantele-de-la-altitudine","status":"publish","type":"post","link":"https:\/\/microscopemedia.com\/?p=711627","title":{"rendered":"Mun\u021bii Europei se \u00eenverzesc pe m\u0103sur\u0103 ce planeta se \u00eenc\u0103lze\u0219te. Ce se \u00eent\u00e2mpl\u0103 cu plantele de la altitudine"},"content":{"rendered":"<div class=\"sgb-google-buttons\">\n<div class=\"display-flex justify-center google-logo\"><img decoding=\"async\" loading=\"lazy\" class=\"mg-x-auto\" width=\"30\" height=\"30\" src=\"https:\/\/microscopemedia.com\/wp-content\/uploads\/2026\/09\/muntii-europei-se-inverzesc-pe-masura-ce-planeta-se-incalzeste-ce-se-intampla-cu-plantele-de-la-altitudine.png\" alt><\/div>\n<\/p><\/div>\n<p class=\"isSelectedEnd\" id=\"p-0\">Concluzia rezult\u0103 dintr-o cercetare interna\u021bional\u0103 care a urm\u0103rit timp de peste dou\u0103 decenii modific\u0103rile vegeta\u021biei de pe 62 de v\u00e2rfuri montane din Europa, relateaz\u0103 <a href=\"https:\/\/www.focus.de\/earth\/europas-berge-werden-gruener-die-artenvielfalt-schrumpft_d57460ea-21c5-4241-9fb0-1b0099fe541c.html\" target=\"_blank\" rel=\"noopener\">Focus<\/a>.<\/p>\n<p class=\"isSelectedEnd\" id=\"p-1\">Oamenii de \u0219tiin\u021b\u0103 au analizat 896 de suprafe\u021be marcate permanent, r\u0103sp\u00e2ndite \u00een 16 regiuni montane. Acestea au fost evaluate de patru ori \u00eentre 2001 \u0219i 2022, ceea ce le-a permis cercet\u0103torilor s\u0103 observe at\u00e2t speciile nou-ap\u0103rute, c\u00e2t \u0219i plantele care nu au mai fost g\u0103site \u00een anumite locuri. Rezultatele au fost publicate \u00een revista \u0219tiin\u021bific\u0103 Science.<\/p>\n<h2 id=\"chapter-0\">Plantele din zonele joase urc\u0103 pe munte<\/h2>\n<p class=\"isSelectedEnd\" id=\"p-2\">Cre\u0219terea temperaturilor modific\u0103 barierele naturale existente deasupra limitei p\u0103durii. Frigul, \u00eenghe\u021bul \u0219i perioadele scurte \u00een care plantele se pot dezvolta \u00eempiedicau \u00een trecut numeroase specii de la altitudini mai mici s\u0103 colonizeze v\u00e2rfurile.<\/p>\n<p class=\"isSelectedEnd\" id=\"p-3\">Odat\u0103 cu \u00eenc\u0103lzirea, unele dintre aceste plante pot ajunge la altitudini mai mari, iar vegeta\u021bia devine mai dens\u0103.<\/p>\n<p class=\"isSelectedEnd\" id=\"p-4\">Situa\u021bia poate crea impresia unei biodiversit\u0103\u021bi \u00een cre\u0219tere. Cercetarea arat\u0103 \u00eens\u0103 c\u0103, \u00een paralel, speciile adaptate \u00een mod special frigului extrem \u00eencep s\u0103 piard\u0103 teren.<\/p>\n<p class=\"isSelectedEnd\" id=\"p-5\">Pe suprafe\u021bele monitorizate, propor\u021bia speciilor care nu au mai fost g\u0103site la verific\u0103rile ulterioare a crescut de la aproximativ 11% la aproape 16%. La nivelul \u00eentregului v\u00e2rf, pierderile locale s-au situat \u00eentre aproximativ 7% \u0219i 10%.<\/p>\n<p class=\"isSelectedEnd\" id=\"p-6\">Cercet\u0103torii atrag aten\u021bia c\u0103 o dispari\u021bie local\u0103 nu \u00eenseamn\u0103 automat extinc\u021bia unei specii. O plant\u0103 poate s\u0103 nu mai existe pe parcela monitorizat\u0103, dar s\u0103 supravie\u021buiasc\u0103 \u00een alte zone ale aceluia\u0219i munte sau \u00een regiunea respectiv\u0103.<\/p>\n<h2 id=\"chapter-1\">Cu c\u00e2t temperatura cre\u0219te mai mult, cu at\u00e2t sunt mai mari pierderile<\/h2>\n<p class=\"isSelectedEnd\" id=\"p-7\">Una dintre cele mai importante concluzii ale studiului prive\u0219te leg\u0103tura dintre \u00eenc\u0103lzire \u0219i dispari\u021biile locale.<\/p>\n<p class=\"isSelectedEnd\" id=\"p-8\">Pentru fiecare 0,1 grade Celsius suplimentare de \u00eenc\u0103lzire, propor\u021bia pierderilor locale a crescut, \u00een func\u021bie de nivelul analizat, cu aproximativ 1-1,6%. V\u00e2rfurile unde temperatura a urcat mai puternic au \u00eenregistrat \u0219i pierderi mai mari \u00een r\u00e2ndul plantelor care existau anterior acolo.<\/p>\n<p class=\"isSelectedEnd\" id=\"p-9\">Cele mai vulnerabile sunt popula\u021biile aflate la limita inferioar\u0103, mai cald\u0103, a arealului lor. Pe m\u0103sur\u0103 ce temperaturile cresc, aceast\u0103 limit\u0103 se deplaseaz\u0103 c\u0103tre altitudini mai mari.<\/p>\n<p class=\"isSelectedEnd\" id=\"p-10\">Problema pentru plantele care tr\u0103iesc deja aproape de cele mai \u00eenalte puncte ale mun\u021bilor este evident\u0103: spa\u021biul disponibil pentru retragerea spre zone \u0219i mai reci devine din ce \u00een ce mai redus.<\/p>\n<h2 id=\"chapter-2\">Unele efecte pot ap\u0103rea dup\u0103 zeci de ani<\/h2>\n<p class=\"isSelectedEnd\" id=\"p-11\">Studiul indic\u0103 \u0219i posibilitatea unui efect \u00eent\u00e2rziat al schimb\u0103rilor climatice.<\/p>\n<p class=\"isSelectedEnd\" id=\"p-12\">Plantele alpine sunt adesea longevive \u0219i pot supravie\u021bui mult timp \u00een condi\u021bii care devin treptat nefavorabile. Cercet\u0103torii au constatat c\u0103 speciile a c\u0103ror acoperire vegetal\u0103 sc\u0103zuse \u00eentre 2001 \u0219i 2015 aveau o probabilitate mai mare s\u0103 nu mai fie g\u0103site \u00een 2022.<\/p>\n<p class=\"isSelectedEnd\" id=\"p-13\">Aproximativ 58% dintre pierderile locale fuseser\u0103 precedate de reducerea suprafe\u021bei ocupate de plantele respective.<\/p>\n<p class=\"isSelectedEnd\" id=\"p-14\">Ecologii descriu un asemenea fenomen prin conceptul de \u201edatorie de extinc\u021bie\u201d: o specie poate continua s\u0103 existe ani sau chiar decenii \u00eentr-un anumit loc dup\u0103 ce condi\u021biile necesare supravie\u021buirii sale pe termen lung s-au deteriorat. Cercet\u0103torii consider\u0103 posibil ca unele dintre pierderile observate ast\u0103zi s\u0103 aib\u0103 leg\u0103tur\u0103 cu \u00eenc\u0103lzirea accelerat\u0103 \u00eenceput\u0103 \u00een deceniile precedente, \u00eens\u0103 aceast\u0103 ipotez\u0103 necesit\u0103 investiga\u021bii suplimentare.<\/p>\n<p id=\"p-15\">Topirea mai timpurie a z\u0103pezii, schimbarea disponibilit\u0103\u021bii apei \u0219i concuren\u021ba tot mai puternic\u0103 exercitat\u0103 de speciile care urc\u0103 din zonele joase ar putea contribui, de asemenea, la transformarea ecosistemelor montane.<\/p>\n","protected":false},"excerpt":{"rendered":"<p>Concluzia rezult\u0103 dintr-o cercetare interna\u021bional\u0103 care a urm\u0103rit timp de peste dou\u0103 decenii modific\u0103rile vegeta\u021biei de pe 62 de v\u00e2rfuri montane din Europa, relateaz\u0103 Focus. Oamenii de \u0219tiin\u021b\u0103 au analizat &hellip; <a href=\"https:\/\/microscopemedia.com\/?p=711627\" class=\"more-link\">Read More<\/a><\/p>\n","protected":false},"author":1,"featured_media":711628,"comment_status":"closed","ping_status":"closed","sticky":false,"template":"Default","format":"standard","meta":[],"categories":[1],"tags":[],"_links":{"self":[{"href":"https:\/\/microscopemedia.com\/index.php?rest_route=\/wp\/v2\/posts\/711627"}],"collection":[{"href":"https:\/\/microscopemedia.com\/index.php?rest_route=\/wp\/v2\/posts"}],"about":[{"href":"https:\/\/microscopemedia.com\/index.php?rest_route=\/wp\/v2\/types\/post"}],"author":[{"embeddable":true,"href":"https:\/\/microscopemedia.com\/index.php?rest_route=\/wp\/v2\/users\/1"}],"replies":[{"embeddable":true,"href":"https:\/\/microscopemedia.com\/index.php?rest_route=%2Fwp%2Fv2%2Fcomments&post=711627"}],"version-history":[{"count":0,"href":"https:\/\/microscopemedia.com\/index.php?rest_route=\/wp\/v2\/posts\/711627\/revisions"}],"wp:featuredmedia":[{"embeddable":true,"href":"https:\/\/microscopemedia.com\/index.php?rest_route=\/wp\/v2\/media\/711628"}],"wp:attachment":[{"href":"https:\/\/microscopemedia.com\/index.php?rest_route=%2Fwp%2Fv2%2Fmedia&parent=711627"}],"wp:term":[{"taxonomy":"category","embeddable":true,"href":"https:\/\/microscopemedia.com\/index.php?rest_route=%2Fwp%2Fv2%2Fcategories&post=711627"},{"taxonomy":"post_tag","embeddable":true,"href":"https:\/\/microscopemedia.com\/index.php?rest_route=%2Fwp%2Fv2%2Ftags&post=711627"}],"curies":[{"name":"wp","href":"https:\/\/api.w.org\/{rel}","templated":true}]}}