{"id":711631,"date":"2026-09-04T18:17:03","date_gmt":"2026-09-04T18:17:03","guid":{"rendered":"https:\/\/microscopemedia.com\/?p=711631"},"modified":"2026-09-04T18:17:03","modified_gmt":"2026-09-04T18:17:03","slug":"zelenski-spune-ca-emisarii-americani-vor-vizita-moscova-si-kievul-duminica-solicita-oprirea-atacurilor-ruse","status":"publish","type":"post","link":"https:\/\/microscopemedia.com\/?p=711631","title":{"rendered":"Zelenski spune c\u0103 emisarii americani vor vizita Moscova \u0219i Kievul, duminic\u0103. Solicit\u0103 oprirea atacurilor ruse"},"content":{"rendered":"<div class=\"sgb-google-buttons\">\n<div class=\"display-flex justify-center google-logo\"><img decoding=\"async\" loading=\"lazy\" class=\"mg-x-auto\" width=\"30\" height=\"30\" src=\"https:\/\/microscopemedia.com\/wp-content\/uploads\/2026\/09\/zelenski-spune-ca-emisarii-americani-vor-vizita-moscova-si-kievul-duminica-solicita-oprirea-atacurilor-ruse.png\" alt><\/div>\n<\/p><\/div>\n<p id=\"p-0\">\u201eAst\u0103zi s-a stabilit clar c\u0103 emisarii americani vor fi \u00een Ucraina \u00een zilele urm\u0103toare \u0219i, de asemenea, \u00een Rusia. Avem detaliile din partea echipei pre\u0219edintelui SUA. Am discutat ast\u0103zi c\u0103 Steve Witkoff \u0219i Jared Kushner vor vizita Moscova \u0219i apoi, duminic\u0103, Kievul\u201d, a declarat Zelenski, pe re\u021belele de socializare.<\/p>\n<p id=\"p-1\">Pre\u0219edintele ucrainean a spus c\u0103 autorit\u0103\u021bile de la Kiev se preg\u0103tesc pentru vizita delega\u021biei americane \u0219i c\u0103 a avut loc o reuniune cu echipa diplomatic\u0103 ucrainean\u0103 care lucreaz\u0103 cu Statele Unite ale Americii.<\/p>\n<p id=\"p-2\">\u201eLa fel cum am f\u0103cut \u0219i \u00een timpul vizitelor diplomatice americane anterioare, vom asigura func\u021bionarea normal\u0103 a spa\u021biului aerian rusesc, astfel \u00eenc\u00e2t negociatorii s\u0103 poat\u0103 ajunge \u00een siguran\u021b\u0103\u201d, a afirmat Zelenski.<\/p>\n<h2 id=\"chapter-0\">Zelenski cere Rusiei s\u0103 opreasc\u0103 atacurile aeriene<\/h2>\n<p id=\"p-3\">Liderul ucrainean a subliniat c\u0103 m\u0103surile de siguran\u021b\u0103 nu sunt luate pentru Rusia, ci pentru reprezentan\u021bii americani care particip\u0103 la negocieri.<\/p>\n<p id=\"p-4\">\u201eAvem grij\u0103 de ei, nu de Rusia\u201d, a spus Zelenski.<\/p>\n<p id=\"p-5\">El a precizat c\u0103 Ucraina nu va efectua lovituri aeriene \u00eempotriva Rusiei \u00een perioada necesar\u0103 vizitei \u0219i a cerut Moscovei s\u0103 adopte aceea\u0219i pozi\u021bie.<\/p>\n<p id=\"p-6\">\u201eNu vor exista lovituri aeriene din partea noastr\u0103, iar Rusia trebuie s\u0103 fac\u0103 acela\u0219i lucru, asigur\u00e2ndu-se c\u0103 nu vor exista lovituri aeriene din partea sa pentru perioada necesar\u0103 desf\u0103\u0219ur\u0103rii acestor discu\u021bii \u0219i rezolv\u0103rii problemelor logistice legate de aceast\u0103 vizit\u0103 american\u0103\u201d, a declarat pre\u0219edintele ucrainean.<\/p>\n<p id=\"p-7\">Solicitarea vine \u00een timp ce Rusia \u0219i Ucraina continu\u0103 s\u0103 efectueze atacuri aeriene, inclusiv asupra unor zone aflate \u00een interiorul teritoriului celeilalte \u021b\u0103ri. Vineri, un atac cu dron\u0103 rusesc a lovit sediul Serviciului de Securitate al Ucrainei din centrul Kievului.<\/p>\n<h2 id=\"chapter-1\">\u201eTrebuie s\u0103 c\u0103ut\u0103m op\u021biuni reale pentru a pune cap\u0103t r\u0103zboiului\u201d<\/h2>\n<p id=\"p-8\">Zelenski a declarat c\u0103 obiectivul Kievului este ca vizita \u0219i negocierile cu partea american\u0103 s\u0103 fie \u201ec\u00e2t mai constructive \u0219i substan\u021biale posibil\u201d.<\/p>\n<p id=\"p-9\">\u201eTrebuie s\u0103 c\u0103ut\u0103m op\u021biuni reale pentru a duce acest r\u0103zboi spre sf\u00e2r\u0219it. Vom vedea ce propuneri aduc Steve \u0219i Jared \u0219i ce li se va spune la Moscova ca r\u0103spuns\u201d, a spus Zelenski.<\/p>\n","protected":false},"excerpt":{"rendered":"<p>\u201eAst\u0103zi s-a stabilit clar c\u0103 emisarii americani vor fi \u00een Ucraina \u00een zilele urm\u0103toare \u0219i, de asemenea, \u00een Rusia. Avem detaliile din partea echipei pre\u0219edintelui SUA. Am discutat ast\u0103zi c\u0103 &hellip; <a href=\"https:\/\/microscopemedia.com\/?p=711631\" class=\"more-link\">Read More<\/a><\/p>\n","protected":false},"author":1,"featured_media":711632,"comment_status":"closed","ping_status":"closed","sticky":false,"template":"Default","format":"standard","meta":[],"categories":[1],"tags":[],"_links":{"self":[{"href":"https:\/\/microscopemedia.com\/index.php?rest_route=\/wp\/v2\/posts\/711631"}],"collection":[{"href":"https:\/\/microscopemedia.com\/index.php?rest_route=\/wp\/v2\/posts"}],"about":[{"href":"https:\/\/microscopemedia.com\/index.php?rest_route=\/wp\/v2\/types\/post"}],"author":[{"embeddable":true,"href":"https:\/\/microscopemedia.com\/index.php?rest_route=\/wp\/v2\/users\/1"}],"replies":[{"embeddable":true,"href":"https:\/\/microscopemedia.com\/index.php?rest_route=%2Fwp%2Fv2%2Fcomments&post=711631"}],"version-history":[{"count":0,"href":"https:\/\/microscopemedia.com\/index.php?rest_route=\/wp\/v2\/posts\/711631\/revisions"}],"wp:featuredmedia":[{"embeddable":true,"href":"https:\/\/microscopemedia.com\/index.php?rest_route=\/wp\/v2\/media\/711632"}],"wp:attachment":[{"href":"https:\/\/microscopemedia.com\/index.php?rest_route=%2Fwp%2Fv2%2Fmedia&parent=711631"}],"wp:term":[{"taxonomy":"category","embeddable":true,"href":"https:\/\/microscopemedia.com\/index.php?rest_route=%2Fwp%2Fv2%2Fcategories&post=711631"},{"taxonomy":"post_tag","embeddable":true,"href":"https:\/\/microscopemedia.com\/index.php?rest_route=%2Fwp%2Fv2%2Ftags&post=711631"}],"curies":[{"name":"wp","href":"https:\/\/api.w.org\/{rel}","templated":true}]}}