{"id":711647,"date":"2026-09-04T20:06:03","date_gmt":"2026-09-04T20:06:03","guid":{"rendered":"https:\/\/microscopemedia.com\/?p=711647"},"modified":"2026-09-04T20:06:03","modified_gmt":"2026-09-04T20:06:03","slug":"ungaria-tine-granitele-inchise-pana-la-finalul-lui-2026-magyar-ceuta-este-un-avertisment-pentru-intreaga-europa","status":"publish","type":"post","link":"https:\/\/microscopemedia.com\/?p=711647","title":{"rendered":"Ungaria \u021bine grani\u021bele \u00eenchise p\u00e2n\u0103 la finalul lui 2026. Magyar: \u201eCeuta este un avertisment pentru \u00eentreaga Europ\u0103\u201d"},"content":{"rendered":"<div class=\"sgb-google-buttons\">\n<div class=\"display-flex justify-center google-logo\"><img decoding=\"async\" loading=\"lazy\" class=\"mg-x-auto\" width=\"30\" height=\"30\" src=\"https:\/\/microscopemedia.com\/wp-content\/uploads\/2026\/09\/ungaria-tine-granitele-inchise-pana-la-finalul-lui-2026-magyar-ceuta-este-un-avertisment-pentru-intreaga-europa.png\" alt><\/div>\n<\/p><\/div>\n<p id=\"p-0\">Guvernul Tisza a decis prelungirea m\u0103surii, care urma s\u0103 expire pe 7 septembrie, p\u00e2n\u0103 la 31 decembrie 2026, potrivit <a href=\"https:\/\/dailynewshungary.com\/hungary-extends-migration-crisis\/\" target=\"_blank\" rel=\"noopener\">DailyNewsHungary<\/a>.<\/p>\n<p id=\"p-1\">Magyar a declarat c\u0103 decizia a fost luat\u0103 dup\u0103 analizarea riscurilor pe care chiar \u0219i modific\u0103rile minore ale m\u0103surilor de protec\u021bie a frontierelor externe ale Europei le-ar putea genera.<\/p>\n<p id=\"p-2\">\u201eUltimele s\u0103pt\u0103m\u00e2ni au ar\u0103tat c\u0103 p\u00e2n\u0103 \u0219i cea mai mic\u0103 modificare legislativ\u0103 poate crea bre\u0219e \u00een protec\u021bia frontierelor externe ale Europei\u201d, a declarat premierul.<\/p>\n<h2 id=\"chapter-0\">Magyar indic\u0103 Ceuta drept avertisment pentru Europa<\/h2>\n<p id=\"p-3\">Magyar a invocat evenimentele recente din Ceuta, enclava spaniol\u0103 din nordul Africii, drept dovad\u0103 a rapidit\u0103\u021bii cu care se pot schimba rutele migra\u021biei.<\/p>\n<p id=\"p-4\">Potrivit premierului, \u00een Ceuta s-a declan\u0219at o criz\u0103 grav\u0103 la frontier\u0103 \u00een doar dou\u0103 zile, zeci de mii de persoane \u00eencerc\u00e2nd s\u0103 intre \u00een Spania din Maroc \u00eentr-o singur\u0103 zi. El a spus c\u0103 oameni au murit pe mare, iar autorit\u0103\u021bile spaniole au fost nevoite s\u0103 mobilizeze resurse extraordinare.<\/p>\n<p id=\"p-5\">Magyar a pus situa\u021bia \u00een leg\u0103tur\u0103 cu o decizie a Cur\u021bii Supreme a Spaniei, sus\u021bin\u00e2nd c\u0103 re\u021belele de trafic de migran\u021bi au identificat rapid schimbarea circumstan\u021belor \u0219i au \u00eencercat s\u0103 profite de ea.<\/p>\n<p id=\"p-6\">\u201eCeuta este un avertisment pentru \u00eentreaga Europ\u0103\u201d, a spus el.<\/p>\n<p id=\"p-7\">Premierul ungar a sus\u021binut c\u0103 rutele migra\u021biei pot fi redirec\u021bionate \u00een doar c\u00e2teva zile, \u00een timp ce re\u021belele de trafic de persoane caut\u0103 \u00een permanen\u021b\u0103 punctele vulnerabile.<\/p>\n<p id=\"p-8\">\u201eO singur\u0103 lacun\u0103 legislativ\u0103 sau o modificare preg\u0103tit\u0103 necorespunz\u0103tor poate crea o situa\u021bie imposibil de gestionat \u00eentr-un timp foarte scurt. Guvernul ungar nu \u00ee\u0219i poate asuma un asemenea risc\u201d, a declarat Magyar.<\/p>\n<h2 id=\"chapter-1\">Ungaria se confrunt\u0103 \u00een continuare cu amenda de 1 milion de euro pe zi impus\u0103 de UE<\/h2>\n<p id=\"p-9\">Decizia vine \u00een contextul \u00een care Ungaria continu\u0103 s\u0103 fie sanc\u021bionat\u0103 de Uniunea European\u0103 cu o amend\u0103 de 1 milion de euro pe zi din cauza politicilor sale \u00een domeniul migra\u021biei.<\/p>\n<p id=\"p-10\">Magyar a descris situa\u021bia drept nedreapt\u0103, sus\u021bin\u00e2nd c\u0103 Ungaria contribuie la protejarea nu doar a propriilor frontiere, ci \u0219i a frontierelor externe ale UE, \u00een timp ce este amendat\u0103 pentru acest lucru.<\/p>\n<p id=\"p-11\">El a spus c\u0103 guvernul s\u0103u negociaz\u0103 de luni de zile cu institu\u021biile europene privind un nou cadru legislativ ungar care s\u0103 protejeze eficient frontierele Ungariei \u0219i ale UE \u0219i, \u00een acela\u0219i timp, s\u0103 respecte legisla\u021bia european\u0103.<\/p>\n<p id=\"p-12\">Potrivit premierului, nu a fost g\u0103sit\u0103 \u00eenc\u0103 o solu\u021bie care s\u0103 garanteze c\u0103 autorit\u0103\u021bile ungare vor putea continua s\u0103 ac\u021bioneze cu suficient\u0103 fermitate \u0219i eficien\u021b\u0103.<\/p>\n<h2 id=\"chapter-2\">Guvernul promite un nou sistem p\u00e2n\u0103 \u00een decembrie<\/h2>\n<p id=\"p-13\">Magyar a mai sus\u021binut c\u0103 situa\u021bia migra\u021biei s-a schimbat semnificativ fa\u021b\u0103 de 2016, c\u00e2nd Ungaria a introdus pentru prima dat\u0103 m\u0103sura de urgen\u021b\u0103.<\/p>\n<p id=\"p-14\">El a afirmat c\u0103 aproximativ 20 de state membre ale UE sus\u021bin acum m\u0103suri mai stricte de protejare a frontierelor, consider\u00e2nd, prin urmare, nedreapt\u0103 sanc\u021bionarea Ungariei \u00een 2026 pentru reguli adoptate \u00eentr-un context politic \u0219i juridic foarte diferit.<\/p>\n<p id=\"p-15\">Pentru moment, guvernul va men\u021bine, a\u0219adar, starea de criz\u0103 p\u00e2n\u0103 la sf\u00e2r\u0219itul lunii decembrie.<\/p>\n<p id=\"p-16\">Magyar a declarat c\u0103 ultimele s\u0103pt\u0103m\u00e2ni ale anului vor fi folosite pentru instituirea \u201eunui sistem legal \u0219i func\u021bional\u201d care s\u0103 protejeze frontierele Ungariei \u0219i, \u00een acela\u0219i timp, s\u0103 apere banii contribuabililor.<\/p>\n<p id=\"p-17\">\u201eSarcina noastr\u0103 va fi dus\u0103 la bun sf\u00e2r\u0219it\u201d, a declarat premierul.<\/p>\n","protected":false},"excerpt":{"rendered":"<p>Guvernul Tisza a decis prelungirea m\u0103surii, care urma s\u0103 expire pe 7 septembrie, p\u00e2n\u0103 la 31 decembrie 2026, potrivit DailyNewsHungary. Magyar a declarat c\u0103 decizia a fost luat\u0103 dup\u0103 analizarea &hellip; <a href=\"https:\/\/microscopemedia.com\/?p=711647\" class=\"more-link\">Read More<\/a><\/p>\n","protected":false},"author":1,"featured_media":711648,"comment_status":"closed","ping_status":"closed","sticky":false,"template":"Default","format":"standard","meta":[],"categories":[1],"tags":[],"_links":{"self":[{"href":"https:\/\/microscopemedia.com\/index.php?rest_route=\/wp\/v2\/posts\/711647"}],"collection":[{"href":"https:\/\/microscopemedia.com\/index.php?rest_route=\/wp\/v2\/posts"}],"about":[{"href":"https:\/\/microscopemedia.com\/index.php?rest_route=\/wp\/v2\/types\/post"}],"author":[{"embeddable":true,"href":"https:\/\/microscopemedia.com\/index.php?rest_route=\/wp\/v2\/users\/1"}],"replies":[{"embeddable":true,"href":"https:\/\/microscopemedia.com\/index.php?rest_route=%2Fwp%2Fv2%2Fcomments&post=711647"}],"version-history":[{"count":0,"href":"https:\/\/microscopemedia.com\/index.php?rest_route=\/wp\/v2\/posts\/711647\/revisions"}],"wp:featuredmedia":[{"embeddable":true,"href":"https:\/\/microscopemedia.com\/index.php?rest_route=\/wp\/v2\/media\/711648"}],"wp:attachment":[{"href":"https:\/\/microscopemedia.com\/index.php?rest_route=%2Fwp%2Fv2%2Fmedia&parent=711647"}],"wp:term":[{"taxonomy":"category","embeddable":true,"href":"https:\/\/microscopemedia.com\/index.php?rest_route=%2Fwp%2Fv2%2Fcategories&post=711647"},{"taxonomy":"post_tag","embeddable":true,"href":"https:\/\/microscopemedia.com\/index.php?rest_route=%2Fwp%2Fv2%2Ftags&post=711647"}],"curies":[{"name":"wp","href":"https:\/\/api.w.org\/{rel}","templated":true}]}}