{"id":711649,"date":"2026-09-04T20:16:04","date_gmt":"2026-09-04T20:16:04","guid":{"rendered":"https:\/\/microscopemedia.com\/?p=711649"},"modified":"2026-09-04T20:16:04","modified_gmt":"2026-09-04T20:16:04","slug":"marine-le-pen-conduce-cursa-pentru-elysee-tabara-lui-macron-mizeaza-pe-un-nou-nu-al-francezilor","status":"publish","type":"post","link":"https:\/\/microscopemedia.com\/?p=711649","title":{"rendered":"Marine Le Pen conduce cursa pentru \u00c9lys\u00e9e. Tab\u0103ra lui Macron mizeaz\u0103 pe un nou \u201enu\u201d al francezilor"},"content":{"rendered":"<div class=\"sgb-google-buttons\">\n<div class=\"display-flex justify-center google-logo\"><img decoding=\"async\" loading=\"lazy\" class=\"mg-x-auto\" width=\"30\" height=\"30\" src=\"https:\/\/microscopemedia.com\/wp-content\/uploads\/2026\/09\/marine-le-pen-conduce-cursa-pentru-elysee-tabara-lui-macron-mizeaza-pe-un-nou-nu-al-francezilor.png\" alt><\/div>\n<\/p><\/div>\n<p class=\"isSelectedEnd\" id=\"p-0\">Ministrul francez pentru Afaceri Europene, Benjamin Haddad, s-a declarat \u201edestul de \u00eencrez\u0103tor\u201d c\u0103 aleg\u0103torii francezi vor respinge extrema dreapt\u0103 la alegerile preziden\u021biale din prim\u0103vara anului viitor, relateaz\u0103 <a href=\"https:\/\/www.euronews.com\/my-europe\/2026\/09\/04\/france-will-reject-extremism-and-le-pen-in-presidential-election-haddad-says\" target=\"_blank\" rel=\"noopener\">Euronews<\/a>.<\/p>\n<p class=\"isSelectedEnd\" id=\"p-1\">Declara\u021biile sale vin \u00een condi\u021biile \u00een care un sondaj Elabe realizat pentru BFMTV\/La Tribune Dimanche o plaseaz\u0103 pe Marine Le Pen mult \u00een fa\u021ba poten\u021bialilor adversari, cu 34%-35,5% din inten\u021biile de vot \u00een primul tur.<\/p>\n<p class=\"isSelectedEnd\" id=\"p-2\">Le Pen poate candida la scrutin dup\u0103 ce, \u00een luna iulie, a primit und\u0103 verde pentru a intra \u00een curs\u0103, \u00een pofida men\u021binerii \u00een apel a unei condamn\u0103ri pentru deturnare de fonduri.<\/p>\n<h2 id=\"chapter-0\">Tab\u0103ra lui Macron spune c\u0103 nu are \u00eencredere \u00een sondaje<\/h2>\n<p class=\"isSelectedEnd\" id=\"p-3\">Benjamin Haddad, membru al partidului Renaissance al lui Emmanuel Macron, sus\u021bine c\u0103 mai este suficient timp p\u00e2n\u0103 la alegeri pentru ca raportul de for\u021be s\u0103 se schimbe.<\/p>\n<p class=\"isSelectedEnd\" id=\"p-4\">Ministrul a amintit chiar ascensiunea lui Macron \u00eenaintea scrutinului din 2017. Actualul pre\u0219edinte se afla \u00een urma principalilor competitori \u00een sondaje \u00een 2016, pentru ca ulterior s\u0103 c\u00e2\u0219tige primul tur cu 24% \u0219i s\u0103 o \u00eenving\u0103 pe Marine Le Pen \u00een final\u0103 cu 66% la 34%.<\/p>\n<p class=\"isSelectedEnd\" id=\"p-5\">Diferen\u021ba s-a redus considerabil cinci ani mai t\u00e2rziu. La preziden\u021bialele din 2022, Macron a ob\u021binut aproximativ 59% \u00een turul al doilea, iar Le Pen 41%.<\/p>\n<p class=\"isSelectedEnd\" id=\"p-6\">Pentru Haddad, precedentul reprezint\u0103 unul dintre motivele pentru care actualele sondaje trebuie privite cu pruden\u021b\u0103.<\/p>\n<h2 id=\"chapter-1\">\u201eFrancezii sunt profund europeni\u201d<\/h2>\n<p class=\"isSelectedEnd\" id=\"p-7\">Un alt argument invocat de ministrul francez este ata\u0219amentul aleg\u0103torilor fa\u021b\u0103 de proiectul european.<\/p>\n<p class=\"isSelectedEnd\" id=\"p-8\">Haddad sus\u021bine c\u0103 francezii sunt \u201eprofund europeni\u201d \u0219i a readus \u00een discu\u021bie pozi\u021biile eurosceptice sus\u021binute de Marine Le Pen de-a lungul carierei sale politice.<\/p>\n<p class=\"isSelectedEnd\" id=\"p-9\">Ie\u0219irea Fran\u021bei din Uniunea European\u0103 \u0219i din zona euro s-a aflat \u00een trecut printre temele promovate de Le Pen. Lidera na\u021bionalist\u0103 nu mai cere \u00een prezent organizarea unui referendum privind apartenen\u021ba Fran\u021bei la UE, dar continu\u0103 s\u0103 sus\u021bin\u0103 o linie puternic eurosceptic\u0103 \u0219i reducerea contribu\u021biilor franceze la bugetul european.<\/p>\n<p class=\"isSelectedEnd\" id=\"p-10\">Haddad a amintit, de asemenea, pozi\u021biile adoptate \u00een trecut de Le Pen fa\u021b\u0103 de Vladimir Putin.<\/p>\n<p class=\"isSelectedEnd\" id=\"p-11\">\u00cen acela\u0219i timp, ministrul a recunoscut c\u0103 partidele tradi\u021bionale trebuie s\u0103 trateze ascensiunea populismului \u0219i a extremei drepte \u201ecu mult\u0103 umilin\u021b\u0103\u201d \u0219i s\u0103 ofere rezultate concrete \u00een domenii precum migra\u021bia, securitatea, competitivitatea \u0219i nivelul de trai.<\/p>\n<h2 id=\"chapter-2\">Centrul francez caut\u0103 un candidat comun<\/h2>\n<p class=\"isSelectedEnd\" id=\"p-12\">Problema major\u0103 pentru adversarii lui Marine Le Pen este fragmentarea f\u0103r\u0103 precedent a cursei preziden\u021biale.<\/p>\n<p class=\"isSelectedEnd\" id=\"p-13\">Aproximativ 30 de personalit\u0103\u021bi \u0219i-au manifestat deja inten\u021bia de a candida. Printre numele importante se num\u0103r\u0103 fo\u0219tii premieri Gabriel Attal \u0219i \u00c9douard Philippe, precum \u0219i conservatorul Bruno Retailleau.<\/p>\n<p class=\"isSelectedEnd\" id=\"p-14\">\u00cen st\u00e2nga radical\u0103, Jean-Luc M\u00e9lenchon urm\u0103re\u0219te din nou o candidatur\u0103, \u00een timp ce Marine Tondelier \u0219i eurodeputatul Rapha\u00ebl Glucksmann se num\u0103r\u0103 printre poten\u021bialii competitori din zona st\u00e2ngii.<\/p>\n<p class=\"isSelectedEnd\" id=\"p-15\">Haddad consider\u0103 c\u0103 centrul \u0219i centrul-dreapta trebuie s\u0103 ajung\u0103 la un candidat unic \u0219i estimeaz\u0103 c\u0103 acest lucru s-ar putea \u00eent\u00e2mpla p\u00e2n\u0103 la sf\u00e2r\u0219itul anului.<\/p>\n<h2 id=\"chapter-3\">Le Pen r\u0103m\u00e2ne favorita sondajelor<\/h2>\n<p class=\"isSelectedEnd\" id=\"p-16\">\u00cen pofida strategiei anun\u021bate de tab\u0103ra centrist\u0103, Marine Le Pen r\u0103m\u00e2ne pentru moment \u00een fruntea sondajelor.<\/p>\n<p class=\"isSelectedEnd\" id=\"p-17\">Ascensiunea partidului s\u0103u a fost confirmat\u0103 \u0219i la alegerile europene din 2024, c\u00e2nd forma\u021biunea lui Le Pen a ob\u021binut \u00een Fran\u021ba de peste dou\u0103 ori mai multe voturi dec\u00e2t partidul lui Macron, rezultat care l-a determinat atunci pe pre\u0219edinte s\u0103 convoace alegeri legislative anticipate.<\/p>\n<p class=\"isSelectedEnd\" id=\"p-18\">Haddad consider\u0103 c\u0103 incertitudinile interna\u021bionale \u2013 de la r\u0103zboiul declan\u0219at de Rusia \u0219i presiunile economice ale Chinei p\u00e2n\u0103 la schimb\u0103rile din rela\u021biile transatlantice \u2013 creeaz\u0103 un teren favorabil r\u0103spunsurilor politice radicale.<\/p>\n<p class=\"isSelectedEnd\" id=\"p-19\">Alegerile din 2027 vor marca \u00een orice caz sf\u00e2r\u0219itul unei epoci politice \u00een Fran\u021ba. Emmanuel Macron nu mai poate candida pentru un al treilea mandat consecutiv, iar succesiunea sa deschide una dintre cele mai disputate curse pentru Palatul \u00c9lys\u00e9e din ultimele decenii.<\/p>\n<p id=\"p-20\">Primul tur al preziden\u021bialelor este programat pentru 18 aprilie 2027, iar turul al doilea va avea loc la 2 mai, dac\u0103 niciun candidat nu ob\u021bine majoritatea din primul tur.<\/p>\n","protected":false},"excerpt":{"rendered":"<p>Ministrul francez pentru Afaceri Europene, Benjamin Haddad, s-a declarat \u201edestul de \u00eencrez\u0103tor\u201d c\u0103 aleg\u0103torii francezi vor respinge extrema dreapt\u0103 la alegerile preziden\u021biale din prim\u0103vara anului viitor, relateaz\u0103 Euronews. Declara\u021biile sale &hellip; <a href=\"https:\/\/microscopemedia.com\/?p=711649\" class=\"more-link\">Read More<\/a><\/p>\n","protected":false},"author":1,"featured_media":711650,"comment_status":"closed","ping_status":"closed","sticky":false,"template":"Default","format":"standard","meta":[],"categories":[1],"tags":[],"_links":{"self":[{"href":"https:\/\/microscopemedia.com\/index.php?rest_route=\/wp\/v2\/posts\/711649"}],"collection":[{"href":"https:\/\/microscopemedia.com\/index.php?rest_route=\/wp\/v2\/posts"}],"about":[{"href":"https:\/\/microscopemedia.com\/index.php?rest_route=\/wp\/v2\/types\/post"}],"author":[{"embeddable":true,"href":"https:\/\/microscopemedia.com\/index.php?rest_route=\/wp\/v2\/users\/1"}],"replies":[{"embeddable":true,"href":"https:\/\/microscopemedia.com\/index.php?rest_route=%2Fwp%2Fv2%2Fcomments&post=711649"}],"version-history":[{"count":0,"href":"https:\/\/microscopemedia.com\/index.php?rest_route=\/wp\/v2\/posts\/711649\/revisions"}],"wp:featuredmedia":[{"embeddable":true,"href":"https:\/\/microscopemedia.com\/index.php?rest_route=\/wp\/v2\/media\/711650"}],"wp:attachment":[{"href":"https:\/\/microscopemedia.com\/index.php?rest_route=%2Fwp%2Fv2%2Fmedia&parent=711649"}],"wp:term":[{"taxonomy":"category","embeddable":true,"href":"https:\/\/microscopemedia.com\/index.php?rest_route=%2Fwp%2Fv2%2Fcategories&post=711649"},{"taxonomy":"post_tag","embeddable":true,"href":"https:\/\/microscopemedia.com\/index.php?rest_route=%2Fwp%2Fv2%2Ftags&post=711649"}],"curies":[{"name":"wp","href":"https:\/\/api.w.org\/{rel}","templated":true}]}}