{"id":711653,"date":"2026-09-04T20:36:05","date_gmt":"2026-09-04T20:36:05","guid":{"rendered":"https:\/\/microscopemedia.com\/?p=711653"},"modified":"2026-09-04T20:36:05","modified_gmt":"2026-09-04T20:36:05","slug":"meloni-sarbatoreste-la-bari-longevitatea-guvernarii-sale-si-isi-pregateste-terenul-pentru-alegerile-din-2027","status":"publish","type":"post","link":"https:\/\/microscopemedia.com\/?p=711653","title":{"rendered":"Meloni s\u0103rb\u0103tore\u0219te la Bari longevitatea guvern\u0103rii sale \u0219i \u00ee\u0219i preg\u0103te\u0219te terenul pentru alegerile din 2027"},"content":{"rendered":"<div class=\"sgb-google-buttons\">\n<div class=\"display-flex justify-center google-logo\"><img decoding=\"async\" loading=\"lazy\" class=\"mg-x-auto\" width=\"30\" height=\"30\" src=\"https:\/\/microscopemedia.com\/wp-content\/uploads\/2026\/09\/meloni-sarbatoreste-la-bari-longevitatea-guvernarii-sale-si-isi-pregateste-terenul-pentru-alegerile-din-2027.png\" alt><\/div>\n<\/p><\/div>\n<p class=\"isSelectedEnd\" id=\"p-0\">Executivul condus de lidera Fratelli d\u2019Italia a devenit cel mai longeviv guvern ne\u00eentrerupt al Italiei republicane, relateaz\u0103 <a href=\"https:\/\/apnews.com\/article\/italy-meloni-government-longevity-rally-bari-dddcf93ddd866aa16d8b5e416d434bdf\" target=\"_blank\" rel=\"noopener\">Associated Press<\/a>.<\/p>\n<p class=\"isSelectedEnd\" id=\"p-1\">Guvernul Meloni a ajuns la 1.414 zile consecutive \u00een func\u021bie, dep\u0103\u0219ind recordul de 1.412 zile stabilit de cel de-al doilea executiv condus de Silvio Berlusconi, \u00eentre 2001 \u0219i 2005.<\/p>\n<p class=\"isSelectedEnd\" id=\"p-2\">\u00cen discursul sus\u021binut la Bari, premierul a prezentat longevitatea executivului drept o dovad\u0103 a coeziunii coali\u021biei de dreapta \u0219i a sus\u021binut c\u0103 stabilitatea politic\u0103 a permis Italiei s\u0103 urm\u0103reasc\u0103 obiective economice \u0219i de politic\u0103 extern\u0103 dificil de atins \u00een condi\u021biile schimb\u0103rilor frecvente de guvern.<\/p>\n<p class=\"isSelectedEnd\" id=\"p-3\">\u201eStabilitatea este prima noastr\u0103 mare reform\u0103\u201d, a declarat Meloni.<\/p>\n<h2 id=\"chapter-0\">Meloni preg\u0103te\u0219te deja terenul pentru alegerile din 2027<\/h2>\n<p class=\"isSelectedEnd\" id=\"p-4\">Recordul este \u0219i un argument politic pe care Giorgia Meloni ar urma s\u0103 \u00eel foloseasc\u0103 \u00een perspectiva viitoarelor alegeri, programate \u00een 2027.<\/p>\n<p class=\"isSelectedEnd\" id=\"p-5\">Premierul sus\u021bine c\u0103 actuala coali\u021bie a reu\u0219it s\u0103 creeze locuri de munc\u0103, s\u0103 sprijine familiile \u0219i companiile, s\u0103 gestioneze finan\u021bele publice \u0219i s\u0103 consolideze credibilitatea interna\u021bional\u0103 a Italiei.<\/p>\n<p class=\"isSelectedEnd\" id=\"p-6\">\u00cen fa\u021ba simpatizan\u021bilor de la Bari, Meloni a vorbit \u0219i despre dificult\u0103\u021bile \u00eent\u00e2mpinate \u00een cei aproape patru ani de guvernare, afirm\u00e2nd c\u0103 nu inten\u021bioneaz\u0103 s\u0103 renun\u021be \u00een fa\u021ba rezisten\u021bei la schimbare.<\/p>\n<p class=\"isSelectedEnd\" id=\"p-7\">Evenimentul de la Bari ofer\u0103 astfel o imagine asupra uneia dintre principalele teme de campanie ale premierului: stabilitatea guvernamental\u0103 ar fi permis ob\u021binerea unor rezultate interne \u0219i cre\u0219terea influen\u021bei Italiei pe plan extern.<\/p>\n<h2 id=\"chapter-1\">De la outsider politic la un rol central \u00een Europa<\/h2>\n<p class=\"isSelectedEnd\" id=\"p-8\">Ascensiunea Giorgiei Meloni a fost \u00eenso\u021bit\u0103 ini\u021bial de rezerve \u00een r\u00e2ndul unor parteneri europeni \u0219i al pie\u021belor financiare, inclusiv din cauza r\u0103d\u0103cinilor postbelice neofasciste ale partidului s\u0103u.<\/p>\n<p class=\"isSelectedEnd\" id=\"p-9\">Dup\u0103 preluarea func\u021biei de prim-ministru \u00een 2022, prima femeie care conduce guvernul Italiei a continuat \u00eens\u0103 sprijinul pentru Ucraina, a lucrat \u00een interiorul institu\u021biilor europene \u0219i a men\u021binut rela\u021biile str\u00e2nse ale Romei cu alia\u021bii occidentali.<\/p>\n<p class=\"isSelectedEnd\" id=\"p-10\">Vera Capperucci, profesor de istorie a partidelor politice europene la Universitatea LUISS din Roma, consider\u0103 c\u0103 politica extern\u0103 a devenit una dintre tr\u0103s\u0103turile definitorii ale actualului guvern. \u00cen evaluarea sa, Meloni a reu\u0219it s\u0103 construiasc\u0103 o rela\u021bie credibil\u0103 cu partenerii europeni, p\u0103str\u00e2nd \u00een acela\u0219i timp orientarea atlantic\u0103 a Italiei.<\/p>\n<h2 id=\"chapter-2\">Sus\u021bin\u0103torii invoc\u0103 un milion de noi locuri de munc\u0103. Criticii indic\u0103 problemele nerezolvate<\/h2>\n<p class=\"isSelectedEnd\" id=\"p-11\">Tab\u0103ra premierului prezint\u0103 drept rezultate ale perioadei de stabilitate crearea a peste un milion de locuri de munc\u0103 suplimentare, reducerea \u0219omajului, consolidarea finan\u021belor publice \u0219i sc\u0103derea num\u0103rului de migran\u021bi sosi\u021bi \u00een \u021bar\u0103.<\/p>\n<p class=\"isSelectedEnd\" id=\"p-12\">Criticii guvernului atrag \u00eens\u0103 aten\u021bia c\u0103 probleme structurale vechi ale economiei \u0219i societ\u0103\u021bii italiene nu au disp\u0103rut. Printre acestea se num\u0103r\u0103 productivitatea redus\u0103, salariile mici \u0219i deficien\u021bele serviciilor publice.<\/p>\n<p class=\"isSelectedEnd\" id=\"p-13\">Opozi\u021bia sus\u021bine, de asemenea, c\u0103 executivul nu a g\u0103sit \u00eenc\u0103 solu\u021bii concrete pentru stimularea cre\u0219terii economice pe termen lung \u0219i acuz\u0103 coali\u021bia de guvernare c\u0103 a redus resursele destinate s\u0103n\u0103t\u0103\u021bii \u0219i educa\u021biei.<\/p>\n<h2 id=\"chapter-3\">Niciun guvern italian nu a \u00eencheiat ne\u00eentrerupt un mandat de cinci ani<\/h2>\n<p class=\"isSelectedEnd\" id=\"p-14\">Longevitatea actualului executiv este remarcabil\u0103 \u00een contextul politic italian. Guvernele de la Roma au c\u0103zut frecvent \u00eenainte de expirarea mandatelor, iar niciun executiv din perioada republican\u0103 nu a r\u0103mas \u00een func\u021bie ne\u00eentrerupt pe parcursul unui mandat complet de cinci ani.<\/p>\n<p class=\"isSelectedEnd\" id=\"p-15\">Recordul actual se refer\u0103 \u00eens\u0103 la durata unui singur guvern. Silvio Berlusconi r\u0103m\u00e2ne premierul italian cu cea mai lung\u0103 perioad\u0103 cumulat\u0103 petrecut\u0103 la conducerea executivului dup\u0103 Al Doilea R\u0103zboi Mondial, dac\u0103 sunt \u00eensumate mandatele sale succesive.<\/p>\n<p id=\"p-16\">Dup\u0103 stabilirea recordului, provocarea pentru Giorgia Meloni se mut\u0103 astfel de la supravie\u021buirea coali\u021biei la scrutinul din 2027: dac\u0103 italienii vor considera c\u0103 stabilitatea politic\u0103 s-a tradus \u00een suficiente rezultate pentru a-i acorda un nou mandat.<\/p>\n","protected":false},"excerpt":{"rendered":"<p>Executivul condus de lidera Fratelli d\u2019Italia a devenit cel mai longeviv guvern ne\u00eentrerupt al Italiei republicane, relateaz\u0103 Associated Press. Guvernul Meloni a ajuns la 1.414 zile consecutive \u00een func\u021bie, dep\u0103\u0219ind &hellip; <a href=\"https:\/\/microscopemedia.com\/?p=711653\" class=\"more-link\">Read More<\/a><\/p>\n","protected":false},"author":1,"featured_media":711654,"comment_status":"closed","ping_status":"closed","sticky":false,"template":"Default","format":"standard","meta":[],"categories":[1],"tags":[],"_links":{"self":[{"href":"https:\/\/microscopemedia.com\/index.php?rest_route=\/wp\/v2\/posts\/711653"}],"collection":[{"href":"https:\/\/microscopemedia.com\/index.php?rest_route=\/wp\/v2\/posts"}],"about":[{"href":"https:\/\/microscopemedia.com\/index.php?rest_route=\/wp\/v2\/types\/post"}],"author":[{"embeddable":true,"href":"https:\/\/microscopemedia.com\/index.php?rest_route=\/wp\/v2\/users\/1"}],"replies":[{"embeddable":true,"href":"https:\/\/microscopemedia.com\/index.php?rest_route=%2Fwp%2Fv2%2Fcomments&post=711653"}],"version-history":[{"count":0,"href":"https:\/\/microscopemedia.com\/index.php?rest_route=\/wp\/v2\/posts\/711653\/revisions"}],"wp:featuredmedia":[{"embeddable":true,"href":"https:\/\/microscopemedia.com\/index.php?rest_route=\/wp\/v2\/media\/711654"}],"wp:attachment":[{"href":"https:\/\/microscopemedia.com\/index.php?rest_route=%2Fwp%2Fv2%2Fmedia&parent=711653"}],"wp:term":[{"taxonomy":"category","embeddable":true,"href":"https:\/\/microscopemedia.com\/index.php?rest_route=%2Fwp%2Fv2%2Fcategories&post=711653"},{"taxonomy":"post_tag","embeddable":true,"href":"https:\/\/microscopemedia.com\/index.php?rest_route=%2Fwp%2Fv2%2Ftags&post=711653"}],"curies":[{"name":"wp","href":"https:\/\/api.w.org\/{rel}","templated":true}]}}