{"id":711657,"date":"2026-09-04T20:57:03","date_gmt":"2026-09-04T20:57:03","guid":{"rendered":"https:\/\/microscopemedia.com\/?p=711657"},"modified":"2026-09-04T20:57:03","modified_gmt":"2026-09-04T20:57:03","slug":"il-cunosc-foarte-bine-donald-trump-reafirma-ca-vladimir-putin-nu-are-nicio-intentie-de-a-ataca-nato","status":"publish","type":"post","link":"https:\/\/microscopemedia.com\/?p=711657","title":{"rendered":"\u201e\u00cel cunosc foarte bine\u201d: Donald Trump reafirm\u0103 c\u0103 Vladimir Putin \u201enu are nicio inten\u021bie de a ataca\u201d NATO"},"content":{"rendered":"<div readability=\"34.870516717325\">\n<div class=\"sgb-google-buttons\">\n<div class=\"display-flex justify-center google-logo\"><img decoding=\"async\" loading=\"lazy\" class=\"mg-x-auto\" width=\"30\" height=\"30\" src=\"https:\/\/microscopemedia.com\/wp-content\/uploads\/2026\/09\/il-cunosc-foarte-bine-donald-trump-reafirma-ca-vladimir-putin-nu-are-nicio-intentie-de-a-ataca-nato.png\" alt><\/div>\n<\/p><\/div>\n<p id=\"p-0\"><span dir=\"auto\">Donald Trump a reiterat vineri c\u0103 pre\u0219edintele rus <\/span><span dir=\"auto\">Vladimir Putin <\/span><span dir=\"auto\">\u201enu are nicio inten\u021bie de a ataca\u201d<\/span><span dir=\"auto\"> NATO.<\/span><\/p>\n<p id=\"p-1\">Potrivit <a href=\"https:\/\/www.lefigaro.fr\/flash-actu\/guerre-en-ukraine-donald-trump-reaffirme-que-vladimir-poutine-n-a-pas-l-intention-d-attaquer-l-otan-20260904\" target=\"_blank\" rel=\"noopener\">AFP<\/a>, declara\u021bia pre\u0219edintelui american a venit \u00een contextul \u00een care <span dir=\"auto\">Germania a acuzat Moscova c\u0103 a trimis o dron\u0103 \u00eenc\u0103rcat\u0103 cu explozibili pe aeroportul <\/span><span dir=\"auto\">din Leipzig,<\/span><span dir=\"auto\"> la \u00eenceputul lunii august.<\/span><\/p>\n<p id=\"p-2\"><span dir=\"auto\">\u201eAm vorbit cu el. \u00cel cunosc foarte bine. Putin nu are nicio inten\u021bie de a ataca teritoriul NATO<\/span><span dir=\"auto\">\u201d, a declarat pre\u0219edintele american \u00een Biroul Oval.<\/span><\/p>\n<p id=\"p-3\">Mai mult, Trump <span dir=\"auto\">a indicat c\u0103 \u00ee\u0219i trimite emisarii, Jared Kushner \u0219i Steve Witkoff, la Moscova \u0219i Kiev. Ace\u0219tia se deplaseaz\u0103 cu o propunere de a pune cap\u0103t r\u0103zboiului din Ucraina. <\/span><\/p>\n<p id=\"p-4\"><span dir=\"auto\">\u201eI-am trimis s\u0103 vad\u0103 dac\u0103 putem face progrese. Exist\u0103 \u0219anse mari s\u0103 putem face acest lucru\u201d,<\/span><span dir=\"auto\"> a declarat liderul de la Casa Alb\u0103 reporterilor afla\u021bi la fa\u021ba locului.<\/span><\/p>\n<p id=\"p-5\">Pre\u0219edintele ucrainean <a href=\"https:\/\/www.mediafax.ro\/externe\/zelenski-spune-ca-emisarii-americani-vor-vizita-moscova-si-kievul-duminica-solicita-oprirea-atacurilor-ruse-23802095\" target=\"_blank\" rel=\"noopener\">Volodimir Zelenski<\/a> a spus, vineri, c\u0103 autorit\u0103\u021bile de la Kiev se preg\u0103tesc pentru vizita delega\u021biei americane. De asemenea, a ad\u0103ugat c\u0103 a avut loc o reuniune cu echipa diplomatic\u0103 ucrainean\u0103, care lucreaz\u0103 cu Statele Unite ale Americii.<\/p>\n<p id=\"p-6\">\u201eLa fel cum am f\u0103cut \u0219i \u00een timpul vizitelor diplomatice americane anterioare, vom asigura func\u021bionarea normal\u0103 a spa\u021biului aerian rusesc, astfel \u00eenc\u00e2t negociatorii s\u0103 poat\u0103 ajunge \u00een siguran\u021b\u0103\u201d, a afirmat Zelenski.<\/p>\n<\/p><\/div>\n","protected":false},"excerpt":{"rendered":"<p>Donald Trump a reiterat vineri c\u0103 pre\u0219edintele rus Vladimir Putin \u201enu are nicio inten\u021bie de a ataca\u201d NATO. Potrivit AFP, declara\u021bia pre\u0219edintelui american a venit \u00een contextul \u00een care Germania &hellip; <a href=\"https:\/\/microscopemedia.com\/?p=711657\" class=\"more-link\">Read More<\/a><\/p>\n","protected":false},"author":1,"featured_media":711658,"comment_status":"closed","ping_status":"closed","sticky":false,"template":"Default","format":"standard","meta":[],"categories":[1],"tags":[],"_links":{"self":[{"href":"https:\/\/microscopemedia.com\/index.php?rest_route=\/wp\/v2\/posts\/711657"}],"collection":[{"href":"https:\/\/microscopemedia.com\/index.php?rest_route=\/wp\/v2\/posts"}],"about":[{"href":"https:\/\/microscopemedia.com\/index.php?rest_route=\/wp\/v2\/types\/post"}],"author":[{"embeddable":true,"href":"https:\/\/microscopemedia.com\/index.php?rest_route=\/wp\/v2\/users\/1"}],"replies":[{"embeddable":true,"href":"https:\/\/microscopemedia.com\/index.php?rest_route=%2Fwp%2Fv2%2Fcomments&post=711657"}],"version-history":[{"count":0,"href":"https:\/\/microscopemedia.com\/index.php?rest_route=\/wp\/v2\/posts\/711657\/revisions"}],"wp:featuredmedia":[{"embeddable":true,"href":"https:\/\/microscopemedia.com\/index.php?rest_route=\/wp\/v2\/media\/711658"}],"wp:attachment":[{"href":"https:\/\/microscopemedia.com\/index.php?rest_route=%2Fwp%2Fv2%2Fmedia&parent=711657"}],"wp:term":[{"taxonomy":"category","embeddable":true,"href":"https:\/\/microscopemedia.com\/index.php?rest_route=%2Fwp%2Fv2%2Fcategories&post=711657"},{"taxonomy":"post_tag","embeddable":true,"href":"https:\/\/microscopemedia.com\/index.php?rest_route=%2Fwp%2Fv2%2Ftags&post=711657"}],"curies":[{"name":"wp","href":"https:\/\/api.w.org\/{rel}","templated":true}]}}