{"id":711663,"date":"2026-09-04T22:16:03","date_gmt":"2026-09-04T22:16:03","guid":{"rendered":"https:\/\/microscopemedia.com\/?p=711663"},"modified":"2026-09-04T22:16:03","modified_gmt":"2026-09-04T22:16:03","slug":"unitatile-armatei-ucrainene-ar-fi-primit-ordin-sa-opreasca-luptele-dupa-ce-trump-a-confirmat-ca-emisarii-sai-vor-merge-la-kiev","status":"publish","type":"post","link":"https:\/\/microscopemedia.com\/?p=711663","title":{"rendered":"Unit\u0103\u021bile armatei ucrainene ar fi primit ordin s\u0103 opreasc\u0103 luptele, dup\u0103 ce Trump a confirmat c\u0103 emisarii s\u0103i vor merge la Kiev"},"content":{"rendered":"<div class=\"sgb-google-buttons\">\n<div class=\"display-flex justify-center google-logo\"><img decoding=\"async\" loading=\"lazy\" class=\"mg-x-auto\" width=\"30\" height=\"30\" src=\"https:\/\/microscopemedia.com\/wp-content\/uploads\/2026\/09\/unitatile-armatei-ucrainene-ar-fi-primit-ordin-sa-opreasca-luptele-dupa-ce-trump-a-confirmat-ca-emisarii-sai-vor-merge-la-kiev.png\" alt><\/div>\n<\/p><\/div>\n<p id=\"p-0\">Potrivit presei ucrainene citate de <a href=\"https:\/\/kyivindependent.com\/units-of-ukraines-army-ordered-to-halt-fighting-as-us-envoys-set-to-visit-ukraine-russia\/\" target=\"_blank\" rel=\"noopener\">The Kyiv Independent<\/a>, oprirea ostilit\u0103\u021bilor va avea loc \u00een perioada 5-8 septembrie.<\/p>\n<h2 id=\"chapter-0\">Nu a fost f\u0103cut un anun\u021b oficial \u00een acest sens<\/h2>\n<p id=\"p-1\">Totu\u0219i, nu este clar momentan ce unit\u0103\u021bi vor respecta ordinul, iar oficialii nu au anun\u021bat public un armisti\u021biu.<\/p>\n<p id=\"p-2\"><span dir=\"auto\">Pre\u0219edintele Volodimir Zelenski a confirmat anterior c\u0103 Witkoff \u0219i Kushner vor&nbsp;<\/span><span dir=\"auto\">c\u0103l\u0103tori la Kiev<\/span><span dir=\"auto\"> pe 6 septembrie, dup\u0103 ce au vizitat Moscova. <\/span><\/p>\n<p id=\"p-3\"><span dir=\"auto\">Vizita emisarilor americani este parte a eforturilor diplomatice ale Washingtonului de a pune cap\u0103t r\u0103zboiului Rusiei \u00eempotriva Ucrainei.<\/span><\/p>\n<p id=\"p-4\">\u00cent\u00e2lnirea planificat\u0103 va fi prima dat\u0103 c\u00e2nd cei doi emisari vor c\u0103l\u0103tori \u00een Ucraina, potrivit sursei citate.<\/p>\n<h2 id=\"chapter-1\">Donald Trump a confirmat c\u0103l\u0103toria emisarilor americani<\/h2>\n<p id=\"p-5\">Pre\u0219edintele american Donald Trump a confirmat, de asemenea, c\u0103 cei doi emisari vor c\u0103l\u0103tori \u00een acest weekend pentru negocieri \u00eentre Ucraina \u0219i Rusia.<\/p>\n<p id=\"p-6\"><span dir=\"auto\">\u201eTrebuie s\u0103 se rezolve. A\u0219a c\u0103 i-am trimis pe Steve Witkoff \u0219i Jared Kushner\u201d, <\/span><span dir=\"auto\">a spus<\/span><span dir=\"auto\"> Trump. <\/span><\/p>\n<p id=\"p-7\"><span dir=\"auto\">\u201eI-am trimis s\u0103 vad\u0103 dac\u0103 putem sau nu s\u0103 facem ceva. \u0218i ar putea exista o mare \u0219ans\u0103 s\u0103 o facem\u201d, a ad\u0103ugat pre\u0219edintele american.<\/span><\/p>\n<p id=\"p-8\">Zelenski a promis, de asemenea, c\u0103 Ucraina se va ab\u021bine de la efectuarea de atacuri aeriene \u00eempotriva Rusiei \u00een timpul vizitei, pentru siguran\u021ba negociatorilor americani. De asemenea, pre\u0219edintele ucrainean a \u00eendemnat Moscova s\u0103 fac\u0103 acela\u0219i lucru, potrivit aceleia\u0219i surse.<\/p>\n<p id=\"p-9\"><span dir=\"auto\">Cu c\u00e2teva zile mai devreme, pe 1 septembrie, Zelenski <\/span><span dir=\"auto\">a avertizat<\/span><span dir=\"auto\">&nbsp;companiile aeriene, asigur\u0103torii \u0219i guvernele str\u0103ine c\u0103 spa\u021biul aerian rusesc \u201eva fi de facto \u00eenchis\u201d din cauza dronelor ucrainene.<\/span><\/p>\n<p id=\"p-10\"><span dir=\"auto\">\u201eAst\u0103zi vrem s\u0103 avertiz\u0103m fiecare companie aerian\u0103 care folose\u0219te&nbsp;<\/span><span dir=\"auto\">spa\u021biul aerian<\/span><span dir=\"auto\"> rusesc, fiecare asigur\u0103tor, pe to\u021bi cei care \u00eenc\u0103 folosesc aeroporturi cheie ruse\u0219ti c\u0103 cerul rusesc devine complet periculos\u201d, a declarat pre\u0219edintele Ucrainei.<\/span><\/p>\n","protected":false},"excerpt":{"rendered":"<p>Potrivit presei ucrainene citate de The Kyiv Independent, oprirea ostilit\u0103\u021bilor va avea loc \u00een perioada 5-8 septembrie. Nu a fost f\u0103cut un anun\u021b oficial \u00een acest sens Totu\u0219i, nu este &hellip; <a href=\"https:\/\/microscopemedia.com\/?p=711663\" class=\"more-link\">Read More<\/a><\/p>\n","protected":false},"author":1,"featured_media":711664,"comment_status":"closed","ping_status":"closed","sticky":false,"template":"Default","format":"standard","meta":[],"categories":[1],"tags":[],"_links":{"self":[{"href":"https:\/\/microscopemedia.com\/index.php?rest_route=\/wp\/v2\/posts\/711663"}],"collection":[{"href":"https:\/\/microscopemedia.com\/index.php?rest_route=\/wp\/v2\/posts"}],"about":[{"href":"https:\/\/microscopemedia.com\/index.php?rest_route=\/wp\/v2\/types\/post"}],"author":[{"embeddable":true,"href":"https:\/\/microscopemedia.com\/index.php?rest_route=\/wp\/v2\/users\/1"}],"replies":[{"embeddable":true,"href":"https:\/\/microscopemedia.com\/index.php?rest_route=%2Fwp%2Fv2%2Fcomments&post=711663"}],"version-history":[{"count":0,"href":"https:\/\/microscopemedia.com\/index.php?rest_route=\/wp\/v2\/posts\/711663\/revisions"}],"wp:featuredmedia":[{"embeddable":true,"href":"https:\/\/microscopemedia.com\/index.php?rest_route=\/wp\/v2\/media\/711664"}],"wp:attachment":[{"href":"https:\/\/microscopemedia.com\/index.php?rest_route=%2Fwp%2Fv2%2Fmedia&parent=711663"}],"wp:term":[{"taxonomy":"category","embeddable":true,"href":"https:\/\/microscopemedia.com\/index.php?rest_route=%2Fwp%2Fv2%2Fcategories&post=711663"},{"taxonomy":"post_tag","embeddable":true,"href":"https:\/\/microscopemedia.com\/index.php?rest_route=%2Fwp%2Fv2%2Ftags&post=711663"}],"curies":[{"name":"wp","href":"https:\/\/api.w.org\/{rel}","templated":true}]}}