{"id":711677,"date":"2026-09-05T02:07:03","date_gmt":"2026-09-05T02:07:03","guid":{"rendered":"https:\/\/microscopemedia.com\/?p=711677"},"modified":"2026-09-05T02:07:03","modified_gmt":"2026-09-05T02:07:03","slug":"papa-leon-se-va-intalni-cu-victime-ale-abuzurilor-sexuale-in-timpul-vizitei-sale-in-franta","status":"publish","type":"post","link":"https:\/\/microscopemedia.com\/?p=711677","title":{"rendered":"Papa Leon se va \u00eent\u00e2lni cu victime ale abuzurilor sexuale, \u00een timpul vizitei sale \u00een Fran\u021ba"},"content":{"rendered":"<div class=\"sgb-google-buttons\">\n<div class=\"display-flex justify-center google-logo\"><img decoding=\"async\" loading=\"lazy\" class=\"mg-x-auto\" width=\"30\" height=\"30\" src=\"https:\/\/microscopemedia.com\/wp-content\/uploads\/2026\/09\/papa-leon-se-va-intalni-cu-victime-ale-abuzurilor-sexuale-in-timpul-vizitei-sale-in-franta.png\" alt><\/div>\n<\/p><\/div>\n<p id=\"p-0\"><span dir=\"auto\">\u201e\u0218apte victime vor fi primite\u201d<\/span><span dir=\"auto\"> de Papa Leon al XIV-lea pe 27 septembrie la Lourdes, potrivit&nbsp; <\/span><span dir=\"auto\">Conferin\u021bei Episcopilor Fran\u021bei<\/span><span dir=\"auto\"> (CEF), care a justificat acest num\u0103r redus prin&nbsp;<\/span><span dir=\"auto\">\u201edorin\u021ba Papei de a \u00eencuraja dialogul interpersonal\u201d.<\/span><\/p>\n<h2 id=\"chapter-0\">Au fost primite zeci de cereri<\/h2>\n<p id=\"p-1\"><span dir=\"auto\">Potrivit <a href=\"https:\/\/www.lefigaro.fr\/flash-actu\/en-france-le-pape-leon-xiv-recevra-sept-victimes-de-violences-sexuelles-mais-pas-le-collectif-de-betharram-20260904\" target=\"_blank\" rel=\"noopener\">AFP<\/a>, Biserica a primit aproximativ patruzeci de cereri, potrivit Conferin\u021bei Episcopale Franceze (CEF), care a subliniat c\u0103 va fi o <\/span><span dir=\"auto\">\u201e\u00eent\u00e2lnire privat\u0103<\/span><span dir=\"auto\"> \u201d, deschis\u0103 doar persoanelor invitate.&nbsp;<\/span><\/p>\n<p id=\"p-2\"><span dir=\"auto\">\u201eToate comunic\u0103rile\u201d<\/span><span dir=\"auto\">&nbsp;despre aceast\u0103 \u00eent\u00e2lnire&nbsp;<\/span><span dir=\"auto\">\u201eva fi l\u0103sate la discre\u021bia persoanelor \u00eensele<\/span><span dir=\"auto\">\u201d, a declarat CEF, ad\u0103ug\u00e2nd c\u0103 nu va dezv\u0103lui componen\u021ba grupului. <\/span><\/p>\n<p id=\"p-3\"><span dir=\"auto\">Cu toate acestea, principalul \u0219i originalul grup de victime din B\u00e9tharram, la 15 km de Lourdes, a anun\u021bat&nbsp;<\/span><span dir=\"auto\">\u201ecu consternare\u201d<\/span><span dir=\"auto\">&nbsp;c\u0103 nu vor fi primite.<\/span><\/p>\n<p id=\"p-4\"><span dir=\"auto\">Purt\u0103torul s\u0103u de cuv\u00e2nt, Alain Esquerre, a declarat c\u0103&nbsp;<\/span><span dir=\"auto\">\u201enu \u0219tie\u201d<\/span><span dir=\"auto\">&nbsp;dac\u0103 printre cele \u0219apte victime primite se num\u0103r\u0103 \u0219i fo\u0219ti elevi ai \u0219colii, din afara grupului.&nbsp;<\/span><\/p>\n<p id=\"p-5\"><span dir=\"auto\">\u201eAm vrut o abordare colectiv\u0103 pentru a vorbi \u00een numele tuturor victimelor \u0219i a ob\u021bine dou\u0103 lucruri de la Pap\u0103: s\u0103 recunoa\u0219tem ru\u0219inea Bisericii \u0219i, mai presus de toate, s\u0103 propunem un plan de ac\u021biune<\/span><span dir=\"auto\">\u201d, a declarat el pentru AFP. <\/span><\/p>\n<p id=\"p-6\"><span dir=\"auto\">Acest&nbsp;<\/span><span dir=\"auto\">\u201edispre\u021b institu\u021bional\u201d<\/span><span dir=\"auto\">&nbsp;\u0219i acest&nbsp;<\/span><span dir=\"auto\">\u201ejoc competitiv al victimiz\u0103rii <\/span><span dir=\"auto\">demonstreaz\u0103 c\u0103 Biserica nu este \u00eenc\u0103 preg\u0103tit\u0103 s\u0103 abordeze aceast\u0103 problem\u0103 sistemic\u0103<\/span><span dir=\"auto\">\u201d, a ad\u0103ugat el. Acesta a denun\u021bat \u00eent\u00e2lnirile <\/span><span dir=\"auto\">\u201eindividuale\u201d<\/span><span dir=\"auto\">&nbsp;\u0219i&nbsp;<\/span><span dir=\"auto\">\u201esecrete\u201d<\/span><span dir=\"auto\">&nbsp;menite s\u0103&nbsp;<\/span><span dir=\"auto\">\u201escoat\u0103 problema din peisaj\u201d.<\/span><\/p>\n<h2 id=\"chapter-1\">Un grup \u201ereprezentativ\u201d<\/h2>\n<p id=\"p-7\"><span dir=\"auto\">Conferin\u021ba Episcopilor Francezi (CEF) d\u0103 asigur\u0103ri c\u0103&nbsp;<\/span><span dir=\"auto\">\u201eprintre cei \u0219apte vor exista \u00eentr-adev\u0103r membri ai unor colective<\/span><span dir=\"auto\">\u201d. A fost explicat c\u0103 grupul va fi <\/span><span dir=\"auto\">\u201ereprezentativ\u201d<\/span><span dir=\"auto\">&nbsp;din diverse medii: b\u0103rba\u021bi \u0219i femei, minori sau adul\u021bi la momentul evenimentelor \u0219i dintr-o gam\u0103 larg\u0103 de zone geografice \u0219i loca\u021bii (\u0219coli catolice, parohii, ordine religioase etc.). <\/span><\/p>\n<p id=\"p-8\"><span dir=\"auto\">Exprim\u00e2ndu-\u0219i&nbsp;<\/span><span dir=\"auto\">\u201eregretul\u201d<\/span><span dir=\"auto\">&nbsp;c\u0103 nu a fost primit, colectivul Ampaseo (victimele \u0219colilor catolice din vestul Fran\u021bei) a declarat \u00eentr-un comunicat de pres\u0103 c\u0103 a primit ap<\/span><span dir=\"auto\">robarea CEF pentru a-i oferi Papei, \u00een timpul vizitei, un vitraliu creat de o victim\u0103.<\/span><\/p>\n<p id=\"p-9\"><span dir=\"auto\">Conferin\u021ba Episcopilor Francezi (CEF) indic\u0103 faptul c\u0103, \u00eempreun\u0103 cu Conferin\u021ba Religio\u0219ilor \u0219i Religioaselor din Fran\u021ba (Corref), a invitat victimele care nu au putut fi primite&nbsp;<\/span><span dir=\"auto\">\u201es\u0103 trimit\u0103 un mesaj scris \u00een care s\u0103 prezinte ceea ce ar fi dorit s\u0103-i spun\u0103 Papei<\/span><span dir=\"auto\">\u201d.&nbsp;<\/span><\/p>\n<p id=\"p-10\"><span dir=\"auto\">\u201eToate mesajele vor fi adunate \u00eentr-o colec\u021bie care va fi \u00eenm\u00e2nat\u0103 Sf\u00e2ntului P\u0103rinte\u201d, potrivit CEF. De asemenea, <\/span><span dir=\"auto\">adaug\u0103 c\u0103 este organizat\u0103 o zi dedicat\u0103 discu\u021biilor despre aceast\u0103 \u00eent\u00e2lnire.<\/span><\/p>\n","protected":false},"excerpt":{"rendered":"<p>\u201e\u0218apte victime vor fi primite\u201d de Papa Leon al XIV-lea pe 27 septembrie la Lourdes, potrivit&nbsp; Conferin\u021bei Episcopilor Fran\u021bei (CEF), care a justificat acest num\u0103r redus prin&nbsp;\u201edorin\u021ba Papei de a &hellip; <a href=\"https:\/\/microscopemedia.com\/?p=711677\" class=\"more-link\">Read More<\/a><\/p>\n","protected":false},"author":1,"featured_media":711678,"comment_status":"closed","ping_status":"closed","sticky":false,"template":"Default","format":"standard","meta":[],"categories":[1],"tags":[],"_links":{"self":[{"href":"https:\/\/microscopemedia.com\/index.php?rest_route=\/wp\/v2\/posts\/711677"}],"collection":[{"href":"https:\/\/microscopemedia.com\/index.php?rest_route=\/wp\/v2\/posts"}],"about":[{"href":"https:\/\/microscopemedia.com\/index.php?rest_route=\/wp\/v2\/types\/post"}],"author":[{"embeddable":true,"href":"https:\/\/microscopemedia.com\/index.php?rest_route=\/wp\/v2\/users\/1"}],"replies":[{"embeddable":true,"href":"https:\/\/microscopemedia.com\/index.php?rest_route=%2Fwp%2Fv2%2Fcomments&post=711677"}],"version-history":[{"count":0,"href":"https:\/\/microscopemedia.com\/index.php?rest_route=\/wp\/v2\/posts\/711677\/revisions"}],"wp:featuredmedia":[{"embeddable":true,"href":"https:\/\/microscopemedia.com\/index.php?rest_route=\/wp\/v2\/media\/711678"}],"wp:attachment":[{"href":"https:\/\/microscopemedia.com\/index.php?rest_route=%2Fwp%2Fv2%2Fmedia&parent=711677"}],"wp:term":[{"taxonomy":"category","embeddable":true,"href":"https:\/\/microscopemedia.com\/index.php?rest_route=%2Fwp%2Fv2%2Fcategories&post=711677"},{"taxonomy":"post_tag","embeddable":true,"href":"https:\/\/microscopemedia.com\/index.php?rest_route=%2Fwp%2Fv2%2Ftags&post=711677"}],"curies":[{"name":"wp","href":"https:\/\/api.w.org\/{rel}","templated":true}]}}