{"id":711689,"date":"2026-09-05T04:17:03","date_gmt":"2026-09-05T04:17:03","guid":{"rendered":"https:\/\/microscopemedia.com\/?p=711689"},"modified":"2026-09-05T04:17:03","modified_gmt":"2026-09-05T04:17:03","slug":"accident-rutier-urmat-de-incendiu-in-suceava-doua-persoane-au-fost-gasite-carbonizate","status":"publish","type":"post","link":"https:\/\/microscopemedia.com\/?p=711689","title":{"rendered":"Accident rutier urmat de incendiu \u00een Suceava. Dou\u0103 persoane au fost g\u0103site carbonizate"},"content":{"rendered":"<div readability=\"18.375\">\n<div class=\"sgb-google-buttons\">\n<div class=\"display-flex justify-center google-logo\"><img decoding=\"async\" loading=\"lazy\" class=\"mg-x-auto\" width=\"30\" height=\"30\" src=\"https:\/\/microscopemedia.com\/wp-content\/uploads\/2026\/09\/accident-rutier-urmat-de-incendiu-in-suceava-doua-persoane-au-fost-gasite-carbonizate.png\" alt><\/div>\n<\/p><\/div>\n<p id=\"p-0\">La locul accidentului au intervenit pompierii militari, cu o autospecial\u0103 de stingere dotat\u0103 cu accesorii pentru descarcerare, precum \u0219i un echipaj SMURD.<\/p>\n<div class=\"single__inline-gallery color-white mg-bottom-20 bg-black padding-5 md:rounded-10\">\n<div class=\"md:rounded-5 display-grid xs:grid-cols-2 grid-cols-3 gap-5\">\n<div class=\"single__inline-gallery-image relative column-span-2 row-span-2\">\n                <a href=\"https:\/\/www.mediafax.ro\/poze\/accident-rutier-urmat-de-incendiu-in-suceava-doua-persoane-au-fost-gasite-carbonizate-23802202\"><br \/>\n                    <img decoding=\"async\" loading=\"lazy\" src=\"https:\/\/microscopemedia.com\/wp-content\/uploads\/2026\/09\/accident-rutier-urmat-de-incendiu-in-suceava-doua-persoane-au-fost-gasite-carbonizate.jpg\" width=\"700\" height=\"450\"><br \/>\n                <\/a>\n                            <\/div>\n<div class=\"single__inline-gallery-image relative \">\n                <a href=\"https:\/\/www.mediafax.ro\/poze\/accident-rutier-urmat-de-incendiu-in-suceava-doua-persoane-au-fost-gasite-carbonizate-23802202\"><br \/>\n                    <img decoding=\"async\" loading=\"lazy\" src=\"https:\/\/microscopemedia.com\/wp-content\/uploads\/2026\/09\/accident-rutier-urmat-de-incendiu-in-suceava-doua-persoane-au-fost-gasite-carbonizate-1.jpg\" width=\"700\" height=\"450\"><br \/>\n                <\/a>\n                            <\/div>\n<\/p><\/div>\n<\/p><\/div>\n<p id=\"p-1\">La sosirea echipajelor de interven\u021bie, pompierii au identificat un autoturism care a lovit un cap de pod. \u00cen urma impactului, ma\u0219ina a fost cuprins\u0103 de fl\u0103c\u0103ri \u0219i a ars generalizat.<\/p>\n<p id=\"p-2\">Dup\u0103 localizarea \u0219i lichidarea incendiului, pompierii au identificat \u00een interiorul autoturismului dou\u0103 victime carbonizate.<\/p>\n<p id=\"p-3\">Poli\u021bi\u0219tii urmeaz\u0103 s\u0103 stabileasc\u0103 \u00eemprejur\u0103rile exacte \u00een care s-a produs accidentul.<\/p>\n<p id=\"p-4\">&nbsp;<\/p>\n<\/p><\/div>\n","protected":false},"excerpt":{"rendered":"<p>La locul accidentului au intervenit pompierii militari, cu o autospecial\u0103 de stingere dotat\u0103 cu accesorii pentru descarcerare, precum \u0219i un echipaj SMURD. La sosirea echipajelor de interven\u021bie, pompierii au identificat &hellip; <a href=\"https:\/\/microscopemedia.com\/?p=711689\" class=\"more-link\">Read More<\/a><\/p>\n","protected":false},"author":1,"featured_media":711690,"comment_status":"closed","ping_status":"closed","sticky":false,"template":"Default","format":"standard","meta":[],"categories":[1],"tags":[],"_links":{"self":[{"href":"https:\/\/microscopemedia.com\/index.php?rest_route=\/wp\/v2\/posts\/711689"}],"collection":[{"href":"https:\/\/microscopemedia.com\/index.php?rest_route=\/wp\/v2\/posts"}],"about":[{"href":"https:\/\/microscopemedia.com\/index.php?rest_route=\/wp\/v2\/types\/post"}],"author":[{"embeddable":true,"href":"https:\/\/microscopemedia.com\/index.php?rest_route=\/wp\/v2\/users\/1"}],"replies":[{"embeddable":true,"href":"https:\/\/microscopemedia.com\/index.php?rest_route=%2Fwp%2Fv2%2Fcomments&post=711689"}],"version-history":[{"count":0,"href":"https:\/\/microscopemedia.com\/index.php?rest_route=\/wp\/v2\/posts\/711689\/revisions"}],"wp:featuredmedia":[{"embeddable":true,"href":"https:\/\/microscopemedia.com\/index.php?rest_route=\/wp\/v2\/media\/711690"}],"wp:attachment":[{"href":"https:\/\/microscopemedia.com\/index.php?rest_route=%2Fwp%2Fv2%2Fmedia&parent=711689"}],"wp:term":[{"taxonomy":"category","embeddable":true,"href":"https:\/\/microscopemedia.com\/index.php?rest_route=%2Fwp%2Fv2%2Fcategories&post=711689"},{"taxonomy":"post_tag","embeddable":true,"href":"https:\/\/microscopemedia.com\/index.php?rest_route=%2Fwp%2Fv2%2Ftags&post=711689"}],"curies":[{"name":"wp","href":"https:\/\/api.w.org\/{rel}","templated":true}]}}