{"id":711705,"date":"2026-09-05T06:16:03","date_gmt":"2026-09-05T06:16:03","guid":{"rendered":"https:\/\/microscopemedia.com\/?p=711705"},"modified":"2026-09-05T06:16:03","modified_gmt":"2026-09-05T06:16:03","slug":"5-septembrie-ziua-in-care-lumea-celebreaza-puterea-de-a-i-ajuta-pe-ceilalti","status":"publish","type":"post","link":"https:\/\/microscopemedia.com\/?p=711705","title":{"rendered":"5 septembrie, ziua \u00een care lumea celebreaz\u0103 puterea de a-i ajuta pe ceilal\u021bi"},"content":{"rendered":"<div class=\"sgb-google-buttons\">\n<div class=\"display-flex justify-center google-logo\"><img decoding=\"async\" loading=\"lazy\" class=\"mg-x-auto\" width=\"30\" height=\"30\" src=\"https:\/\/microscopemedia.com\/wp-content\/uploads\/2026\/09\/5-septembrie-ziua-in-care-lumea-celebreaza-puterea-de-a-i-ajuta-pe-ceilalti.png\" alt><\/div>\n<\/p><\/div>\n<p id=\"p-0\">Adunarea General\u0103 a Organiza\u021biei Na\u021biunilor Unite a desemnat ziua de 5 septembrie drept Ziua Interna\u021bional\u0103 a Carit\u0103\u021bii prin Rezolu\u021bia 67\/105, adoptat\u0103 la 17 decembrie 2012. Statele membre, organiza\u021biile interna\u021bionale, societatea civil\u0103 \u0219i cet\u0103\u021benii sunt \u00eencuraja\u021bi s\u0103 marcheze aceast\u0103 zi prin ac\u021biuni caritabile, dar \u0219i prin activit\u0103\u021bi educative \u0219i de con\u0219tientizare.<\/p>\n<p id=\"p-1\">Caritatea nu se reduce la ajutorul financiar, transmite ONU. Al\u0103turi de voluntariat \u0219i filantropie, aceasta poate contribui la crearea unor leg\u0103turi sociale, la diminuarea efectelor crizelor umanitare \u0219i la sprijinirea serviciilor din domenii precum s\u0103n\u0103tatea, educa\u021bia, locuin\u021bele \u0219i protec\u021bia copilului.<\/p>\n<p id=\"p-2\">Ac\u021biunile caritabile pot avea, de asemenea, un rol important \u00een promovarea culturii, \u0219tiin\u021bei \u0219i sportului, \u00een protejarea patrimoniului cultural \u0219i natural \u0219i \u00een ap\u0103rarea drepturilor persoanelor marginalizate \u0219i defavorizate.<\/p>\n<p id=\"p-3\">Ac\u021biunile caritabile \u00eei apropie pe oameni din culturi, religii \u0219i societ\u0103\u021bi diferite \u0219i contribuie la solidaritate \u0219i la o mai bun\u0103 \u00een\u021belegere \u00eentre ei, reaminte\u0219te ONU.<\/p>\n<h2 id=\"chapter-0\">\u00cen memoria Maicii Tereza<\/h2>\n<p id=\"p-4\">Data aleas\u0103 de ONU are o semnifica\u021bie aparte. La 5 septembrie 1997 a murit, la Calcutta, Maica Tereza, c\u0103lug\u0103ri\u021b\u0103 catolic\u0103, a c\u0103rei via\u021b\u0103 a fost dedicat\u0103 \u00een mare parte \u00eengrijirii celor s\u0103raci, bolnavi \u0219i abandona\u021bi. Avea 87 de ani.<\/p>\n<p id=\"p-5\">N\u0103scut\u0103 la 26 august 1910 sub numele Agnes Gonxha Bojaxhiu, la \u00dcsk\u00fcp, actualul Skopje din Macedonia de Nord, Maica Tereza a plecat la 18 ani \u00een Irlanda pentru a se al\u0103tura Surorilor de Loreto, un ordin religios catolic dedicat \u00een special educa\u021biei. Dup\u0103 numai c\u00e2teva s\u0103pt\u0103m\u00e2ni a ajuns \u00een India, unde a lucrat ini\u021bial ca profesoar\u0103.<\/p>\n<h2 id=\"chapter-1\">O via\u021b\u0103 dedicat\u0103 \u201ecelor mai s\u0103raci dintre s\u0103raci\u201d<\/h2>\n<p id=\"p-6\">\u00cen 1946 a tr\u0103it ceea ce avea s\u0103 descrie drept o \u201echemare \u00een interiorul chem\u0103rii\u201d: decizia de a p\u0103r\u0103si m\u0103n\u0103stirea \u0219i de a-\u0219i dedica via\u021ba \u00eengrijirii bolnavilor \u0219i oamenilor s\u0103raci.<\/p>\n<p id=\"p-7\">Patru ani mai t\u00e2rziu, a primit permisiunea Vaticanului pentru \u00eenfiin\u021barea Misionarelor Carit\u0103\u021bii (Missionaries of Charity), ordin religios dedicat celor pe care \u00eei numea \u201ecei mai s\u0103raci dintre s\u0103raci\u201d. Activitatea organiza\u021biei s-a extins ulterior de la Calcutta \u00een numeroase alte regiuni ale lumii. Au fost create centre pentru copii orfani, bolnavi, persoane f\u0103r\u0103 ad\u0103post \u0219i oameni afla\u021bi \u00een ultimele stadii ale unor boli.<\/p>\n<p id=\"p-8\">La moartea Maicii Tereza, organiza\u021bia num\u0103ra peste 4.000 de c\u0103lug\u0103ri\u021be, sprijinite de sute de mii de voluntari, care activau \u00een sute de centre din \u00eentreaga lume.<\/p>\n<h2 id=\"chapter-2\">Premiul Nobel pentru Pace<\/h2>\n<p data-start=\"51\" data-end=\"321\" id=\"p-9\">\u00cen 1979, Maica Tereza a primit Premiul Nobel pentru Pace. Comitetul Nobel norvegian \u0219i-a motivat alegerea prin activitatea desf\u0103\u0219urat\u0103 de aceasta pentru ajutorarea \u201eumanit\u0103\u021bii aflate \u00een suferin\u021b\u0103\u201d \u0219i, \u00een mod special, prin munca \u00een sprijinul copiilor \u0219i refugia\u021bilor.<\/p>\n<p data-start=\"323\" data-end=\"489\" data-is-last-node data-is-only-node id=\"p-10\">Dincolo de amploarea muncii sale, \u00een centrul acesteia a stat respectul pentru demnitatea fiec\u0103rui om aflat \u00een suferin\u021b\u0103, a transmis la acea vreme Comitetul Nobel.<\/p>\n<h2 data-start=\"323\" data-end=\"489\" id=\"chapter-3\">Maica Tereza, declarat\u0103 sf\u00e2nt\u0103 \u00een 2016<\/h2>\n<p id=\"p-11\">Maica Tereza a continuat s\u0103 lucreze pentru oamenii s\u0103raci, bolnavi, orfani \u0219i muribunzi timp de peste patru decenii, \u00een paralel cu extinderea Misionarelor Carit\u0103\u021bii \u00een afara Indiei.<\/p>\n<p id=\"p-12\">Nou\u0103sprezece ani dup\u0103 moartea sa, la 4 septembrie 2016, Maica Tereza a fost canonizat\u0103 de Papa Francisc.<\/p>\n<p id=\"p-13\">Aleg\u00e2nd ziua de 5 septembrie drept Ziua Interna\u021bional\u0103 a Carit\u0103\u021bii, ONU a transformat mo\u0219tenirea Maicii Tereza \u00eentr-un \u00eendemn la solidaritate, generozitate \u0219i grij\u0103 fa\u021b\u0103 de cei care au nevoie de ajutor.<\/p>\n","protected":false},"excerpt":{"rendered":"<p>Adunarea General\u0103 a Organiza\u021biei Na\u021biunilor Unite a desemnat ziua de 5 septembrie drept Ziua Interna\u021bional\u0103 a Carit\u0103\u021bii prin Rezolu\u021bia 67\/105, adoptat\u0103 la 17 decembrie 2012. Statele membre, organiza\u021biile interna\u021bionale, societatea &hellip; <a href=\"https:\/\/microscopemedia.com\/?p=711705\" class=\"more-link\">Read More<\/a><\/p>\n","protected":false},"author":1,"featured_media":711706,"comment_status":"closed","ping_status":"closed","sticky":false,"template":"Default","format":"standard","meta":[],"categories":[1],"tags":[],"_links":{"self":[{"href":"https:\/\/microscopemedia.com\/index.php?rest_route=\/wp\/v2\/posts\/711705"}],"collection":[{"href":"https:\/\/microscopemedia.com\/index.php?rest_route=\/wp\/v2\/posts"}],"about":[{"href":"https:\/\/microscopemedia.com\/index.php?rest_route=\/wp\/v2\/types\/post"}],"author":[{"embeddable":true,"href":"https:\/\/microscopemedia.com\/index.php?rest_route=\/wp\/v2\/users\/1"}],"replies":[{"embeddable":true,"href":"https:\/\/microscopemedia.com\/index.php?rest_route=%2Fwp%2Fv2%2Fcomments&post=711705"}],"version-history":[{"count":0,"href":"https:\/\/microscopemedia.com\/index.php?rest_route=\/wp\/v2\/posts\/711705\/revisions"}],"wp:featuredmedia":[{"embeddable":true,"href":"https:\/\/microscopemedia.com\/index.php?rest_route=\/wp\/v2\/media\/711706"}],"wp:attachment":[{"href":"https:\/\/microscopemedia.com\/index.php?rest_route=%2Fwp%2Fv2%2Fmedia&parent=711705"}],"wp:term":[{"taxonomy":"category","embeddable":true,"href":"https:\/\/microscopemedia.com\/index.php?rest_route=%2Fwp%2Fv2%2Fcategories&post=711705"},{"taxonomy":"post_tag","embeddable":true,"href":"https:\/\/microscopemedia.com\/index.php?rest_route=%2Fwp%2Fv2%2Ftags&post=711705"}],"curies":[{"name":"wp","href":"https:\/\/api.w.org\/{rel}","templated":true}]}}