{"id":711719,"date":"2026-09-05T07:37:03","date_gmt":"2026-09-05T07:37:03","guid":{"rendered":"https:\/\/microscopemedia.com\/?p=711719"},"modified":"2026-09-05T07:37:03","modified_gmt":"2026-09-05T07:37:03","slug":"vreme-schimbatoare-cod-galben-de-canicula-iar-cand-trece-caldura-vin-vijelii-si-vant-puternic-in-mai-multe-regiuni-din-tara","status":"publish","type":"post","link":"https:\/\/microscopemedia.com\/?p=711719","title":{"rendered":"Vreme schimb\u0103toare: Cod galben de canicul\u0103, iar c\u00e2nd trece c\u0103ldura, vin vijelii \u0219i v\u00e2nt puternic \u00een mai multe regiuni din \u021bar\u0103"},"content":{"rendered":"<div class=\"sgb-google-buttons\">\n<div class=\"display-flex justify-center google-logo\"><img decoding=\"async\" loading=\"lazy\" class=\"mg-x-auto\" width=\"30\" height=\"30\" src=\"https:\/\/microscopemedia.com\/wp-content\/uploads\/2026\/09\/vreme-schimbatoare-cod-galben-de-canicula-iar-cand-trece-caldura-vin-vijelii-si-vant-puternic-in-mai-multe-regiuni-din-tara.png\" alt><\/div>\n<\/p><\/div>\n<p id=\"p-0\">S\u00e2mb\u0103t\u0103, 5 septembrie, \u00eentre orele 10:00 \u0219i 21:00, \u00een Banat, Oltenia, Muntenia, Dobrogea, cea mai mare parte a Moldovei, sudul Cri\u0219anei \u0219i sudul Transilvaniei vor fi temperaturi deosebit de ridicate \u0219i, local, canicul\u0103. Disconfortul termic va fi ridicat, iar indicele temperatur\u0103-umezeal\u0103 (ITU) se va situa \u00een jurul pragului critic de 80 de unit\u0103\u021bi.<\/p>\n<p id=\"p-1\">Temperaturile maxime vor ajunge la 30-36 de grade Celsius, cele mai ridicate valori fiind prognozate \u00een Banat \u0219i Oltenia.<\/p>\n<p id=\"p-2\"><img class=\"alignnone size-full wp-image-23802256\" src=\"https:\/\/microscopemedia.com\/wp-content\/uploads\/2026\/09\/vreme-schimbatoare-cod-galben-de-canicula-iar-cand-trece-caldura-vin-vijelii-si-vant-puternic-in-mai-multe-regiuni-din-tara.webp\" alt width=\"900\" height=\"515\" loading=\"lazy\" decoding=\"async\" srcset=\"https:\/\/microscopemedia.com\/wp-content\/uploads\/2026\/09\/vreme-schimbatoare-cod-galben-de-canicula-iar-cand-trece-caldura-vin-vijelii-si-vant-puternic-in-mai-multe-regiuni-din-tara-4.webp 500w, https:\/\/microscopemedia.com\/wp-content\/uploads\/2026\/09\/vreme-schimbatoare-cod-galben-de-canicula-iar-cand-trece-caldura-vin-vijelii-si-vant-puternic-in-mai-multe-regiuni-din-tara.webp 728w\"><\/p>\n<p id=\"p-3\">\u00cen acela\u0219i timp, \u00eentre orele 12:00 \u2013 21:00, \u00een Banat, cea mai mare parte a Cri\u0219anei, vestul Transilvaniei \u0219i jum\u0103tatea de nord a Moldovei sunt prognozate intensific\u0103ri ale v\u00e2ntului \u0219i vijelii, cu viteze de 50-70 km\/h.<\/p>\n<p id=\"p-4\">\u00cen zona \u00eenalt\u0103 a Carpa\u021bilor Occidentali \u0219i \u00een nordul Carpa\u021bilor Orientali, rafalele vor ajunge, \u00een general, la 70-90 km\/h.<\/p>\n<p id=\"p-5\"><img class=\"alignnone size-full wp-image-23802257\" src=\"https:\/\/microscopemedia.com\/wp-content\/uploads\/2026\/09\/vreme-schimbatoare-cod-galben-de-canicula-iar-cand-trece-caldura-vin-vijelii-si-vant-puternic-in-mai-multe-regiuni-din-tara-1.webp\" alt width=\"900\" height=\"506\" loading=\"lazy\" decoding=\"async\" srcset=\"https:\/\/microscopemedia.com\/wp-content\/uploads\/2026\/09\/vreme-schimbatoare-cod-galben-de-canicula-iar-cand-trece-caldura-vin-vijelii-si-vant-puternic-in-mai-multe-regiuni-din-tara-5.webp 500w, https:\/\/microscopemedia.com\/wp-content\/uploads\/2026\/09\/vreme-schimbatoare-cod-galben-de-canicula-iar-cand-trece-caldura-vin-vijelii-si-vant-puternic-in-mai-multe-regiuni-din-tara-1.webp 728w\"><\/p>\n<h2 id=\"chapter-0\">V\u00e2nt puternic \u00een zonele montane<\/h2>\n<p id=\"p-6\">O alt\u0103 aten\u021bionare Cod galben este valabil\u0103 din seara zilei de s\u00e2mb\u0103t\u0103, 5 septembrie, de la ora 21:00, p\u00e2n\u0103 duminic\u0103, 6 septembrie, la ora 09:00, pentru zonele montane.<\/p>\n<p id=\"p-7\">\u00cen acest interval, v\u00e2ntul va prezenta intensific\u0103ri \u00een cea mai mare parte a zonei montane, cu viteze de 70-80 km\/h. Pe crestele Carpa\u021bilor Meridionali \u0219i de Curbur\u0103, rafalele vor dep\u0103\u0219i 90 km\/h.<\/p>\n<p id=\"p-8\">Intensific\u0103ri ale v\u00e2ntului vor fi posibile local \u0219i \u00een regiunile estice, unde vitezele vor ajunge, \u00een general, la 40-50 km\/h.<\/p>\n<p id=\"p-9\"><img class=\"alignnone size-full wp-image-23802259\" src=\"https:\/\/microscopemedia.com\/wp-content\/uploads\/2026\/09\/vreme-schimbatoare-cod-galben-de-canicula-iar-cand-trece-caldura-vin-vijelii-si-vant-puternic-in-mai-multe-regiuni-din-tara-2.webp\" alt width=\"900\" height=\"525\" loading=\"lazy\" decoding=\"async\" srcset=\"https:\/\/microscopemedia.com\/wp-content\/uploads\/2026\/09\/vreme-schimbatoare-cod-galben-de-canicula-iar-cand-trece-caldura-vin-vijelii-si-vant-puternic-in-mai-multe-regiuni-din-tara-6.webp 500w, https:\/\/microscopemedia.com\/wp-content\/uploads\/2026\/09\/vreme-schimbatoare-cod-galben-de-canicula-iar-cand-trece-caldura-vin-vijelii-si-vant-puternic-in-mai-multe-regiuni-din-tara-2.webp 728w\"><\/p>\n<h2 id=\"chapter-1\">Avertizare de v\u00e2nt \u0219i pentru ziua de duminic\u0103<\/h2>\n<p id=\"p-10\">Duminic\u0103, 6 septembrie, \u00eentre orele 09:00 \u0219i 21:00, o nou\u0103 aten\u021bionare Cod galben vizeaz\u0103 sud-vestul Olteniei, sud-estul Transilvaniei, nordul Moldovei \u0219i zonele montane din Carpa\u021bii Orientali \u0219i Meridionali.<\/p>\n<p id=\"p-11\">\u00cen aceste regiuni, v\u00e2ntul va atinge viteze de 50-70 km\/h, iar \u00een zona \u00eenalt\u0103 a Carpa\u021bilor Orientali \u0219i Meridionali rafalele vor dep\u0103\u0219i temporar 80-90 km\/h.<\/p>\n<p id=\"p-12\">\u0218i \u00een restul \u021b\u0103rii sunt posibile intensific\u0103ri ale v\u00e2ntului, \u00een general cu viteze de 40-50 km\/h.<\/p>\n<p id=\"p-13\">Avertiz\u0103rile sunt valabile de s\u00e2mb\u0103t\u0103, de la ora 10:00 p\u00e2n\u0103 duminic\u0103, la ora 21:00, \u00een func\u021bie de fenomen \u0219i zona afectat\u0103.<\/p>\n<p id=\"p-14\"><img class=\"alignnone size-full wp-image-23802260\" src=\"https:\/\/microscopemedia.com\/wp-content\/uploads\/2026\/09\/vreme-schimbatoare-cod-galben-de-canicula-iar-cand-trece-caldura-vin-vijelii-si-vant-puternic-in-mai-multe-regiuni-din-tara-3.webp\" alt width=\"900\" height=\"506\" loading=\"lazy\" decoding=\"async\" srcset=\"https:\/\/microscopemedia.com\/wp-content\/uploads\/2026\/09\/vreme-schimbatoare-cod-galben-de-canicula-iar-cand-trece-caldura-vin-vijelii-si-vant-puternic-in-mai-multe-regiuni-din-tara-7.webp 500w, https:\/\/microscopemedia.com\/wp-content\/uploads\/2026\/09\/vreme-schimbatoare-cod-galben-de-canicula-iar-cand-trece-caldura-vin-vijelii-si-vant-puternic-in-mai-multe-regiuni-din-tara-3.webp 728w\"><\/p>\n","protected":false},"excerpt":{"rendered":"<p>S\u00e2mb\u0103t\u0103, 5 septembrie, \u00eentre orele 10:00 \u0219i 21:00, \u00een Banat, Oltenia, Muntenia, Dobrogea, cea mai mare parte a Moldovei, sudul Cri\u0219anei \u0219i sudul Transilvaniei vor fi temperaturi deosebit de ridicate &hellip; <a href=\"https:\/\/microscopemedia.com\/?p=711719\" class=\"more-link\">Read More<\/a><\/p>\n","protected":false},"author":1,"featured_media":711720,"comment_status":"closed","ping_status":"closed","sticky":false,"template":"Default","format":"standard","meta":[],"categories":[1],"tags":[],"_links":{"self":[{"href":"https:\/\/microscopemedia.com\/index.php?rest_route=\/wp\/v2\/posts\/711719"}],"collection":[{"href":"https:\/\/microscopemedia.com\/index.php?rest_route=\/wp\/v2\/posts"}],"about":[{"href":"https:\/\/microscopemedia.com\/index.php?rest_route=\/wp\/v2\/types\/post"}],"author":[{"embeddable":true,"href":"https:\/\/microscopemedia.com\/index.php?rest_route=\/wp\/v2\/users\/1"}],"replies":[{"embeddable":true,"href":"https:\/\/microscopemedia.com\/index.php?rest_route=%2Fwp%2Fv2%2Fcomments&post=711719"}],"version-history":[{"count":0,"href":"https:\/\/microscopemedia.com\/index.php?rest_route=\/wp\/v2\/posts\/711719\/revisions"}],"wp:featuredmedia":[{"embeddable":true,"href":"https:\/\/microscopemedia.com\/index.php?rest_route=\/wp\/v2\/media\/711720"}],"wp:attachment":[{"href":"https:\/\/microscopemedia.com\/index.php?rest_route=%2Fwp%2Fv2%2Fmedia&parent=711719"}],"wp:term":[{"taxonomy":"category","embeddable":true,"href":"https:\/\/microscopemedia.com\/index.php?rest_route=%2Fwp%2Fv2%2Fcategories&post=711719"},{"taxonomy":"post_tag","embeddable":true,"href":"https:\/\/microscopemedia.com\/index.php?rest_route=%2Fwp%2Fv2%2Ftags&post=711719"}],"curies":[{"name":"wp","href":"https:\/\/api.w.org\/{rel}","templated":true}]}}