{"id":711727,"date":"2026-09-05T08:26:04","date_gmt":"2026-09-05T08:26:04","guid":{"rendered":"https:\/\/microscopemedia.com\/?p=711727"},"modified":"2026-09-05T08:26:04","modified_gmt":"2026-09-05T08:26:04","slug":"florin-barbu-fost-ministru-al-agriculturii-bolojan-trebuie-sa-plece-inainte-sa-puna-agricultura-romaneasca-pe-butuci","status":"publish","type":"post","link":"https:\/\/microscopemedia.com\/?p=711727","title":{"rendered":"Florin Barbu, fost ministru al Agriculturii: Bolojan trebuie s\u0103 plece \u00eenainte s\u0103 pun\u0103 agricultura rom\u00e2neasc\u0103 pe butuci"},"content":{"rendered":"<div class=\"sgb-google-buttons\">\n<div class=\"display-flex justify-center google-logo\"><img decoding=\"async\" loading=\"lazy\" class=\"mg-x-auto\" width=\"30\" height=\"30\" src=\"https:\/\/microscopemedia.com\/wp-content\/uploads\/2026\/09\/florin-barbu-fost-ministru-al-agriculturii-bolojan-trebuie-sa-plece-inainte-sa-puna-agricultura-romaneasca-pe-butuci.png\" alt><\/div>\n<\/p><\/div>\n<p id=\"p-0\">\u201eBolojan trebuie s\u0103 plece \u00eenainte s\u0103 pun\u0103 definitiv agricultura rom\u00e2neasc\u0103 pe butuci\u201d, a transmis Florin Barbu \u00eentr-un mesaj publicat s\u00e2mb\u0103t\u0103 pe Facebook.<\/p>\n<p id=\"p-1\">\u201eFermierii no\u0219tri nu mai au nevoie de promisiuni \u0219i de experimente, au nevoie de sprijin real \u0219i de un Guvern care s\u0103 \u00een\u021beleag\u0103 un lucru simplu, \u0219i anume c\u0103, f\u0103r\u0103 agricultur\u0103, Rom\u00e2nia nu are siguran\u021b\u0103\u201d, a afirmat el.<\/p>\n<h2 id=\"chapter-0\">\u201eRom\u00e2nii vor hran\u0103 s\u0103n\u0103toas\u0103, produs\u0103 aici, acas\u0103\u201d<\/h2>\n<p id=\"p-2\">Barbu sus\u021bine c\u0103 politica Guvernului trebuie s\u0103 urm\u0103reasc\u0103 protejarea produc\u021biei autohtone \u0219i men\u021binerea fermierilor rom\u00e2ni \u00een activitate.<\/p>\n<p id=\"p-3\">\u201eRom\u00e2nii vor hran\u0103 s\u0103n\u0103toas\u0103, produs\u0103 aici, acas\u0103. Vor s\u0103 g\u0103seasc\u0103 pe rafturi lapte rom\u00e2nesc, carne rom\u00e2neasc\u0103, legume, fructe \u0219i produse f\u0103cute de fermierii \u0219i procesatorii no\u0219tri\u201d, a scris fostul ministru.<\/p>\n<p id=\"p-4\">El consider\u0103 \u00eens\u0103 c\u0103 acest obiectiv nu poate fi atins \u00een condi\u021biile \u00een care produc\u0103torii rom\u00e2ni sunt afecta\u021bi de costuri \u0219i de concuren\u021ba importurilor.<\/p>\n<p id=\"p-5\">\u201eDar asta nu se poate \u00eent\u00e2mpla dac\u0103 fermele sunt \u00eempinse spre faliment, dac\u0103 produc\u0103torii rom\u00e2ni sunt sufoca\u021bi de costuri \u0219i dac\u0103 statul st\u0103 neputincios \u00een timp ce importurile iau locul produselor noastre\u201d, a afirmat Barbu.<\/p>\n<h2 id=\"chapter-1\">PSD spune c\u0103 este preg\u0103tit s\u0103 revin\u0103 la guvernare<\/h2>\n<p id=\"p-6\">Fostul ministru sus\u021bine c\u0103 Rom\u00e2nia are nevoie de un Executiv capabil s\u0103 ia rapid m\u0103suri pentru agricultur\u0103 \u0219i industria alimentar\u0103.<\/p>\n<p id=\"p-7\">\u201eRom\u00e2nia are nevoie urgent\u0103 de un Guvern cu puteri depline, capabil s\u0103 ia decizii \u0219i s\u0103 apere agricultura, industria alimentar\u0103 \u0219i produc\u021bia rom\u00e2neasc\u0103\u201d, a transmis Barbu.<\/p>\n<p id=\"p-8\">El afirm\u0103 c\u0103 PSD este preg\u0103tit s\u0103 \u00ee\u0219i asume guvernarea \u0219i s\u0103 pun\u0103 agricultura \u00een centrul politicilor publice.<\/p>\n<p id=\"p-9\">\u201ePSD este preg\u0103tit s\u0103 \u00ee\u0219i asume guvernarea, s\u0103 punem din nou fermierul rom\u00e2n \u00een centrul politicilor publice, s\u0103 producem mai mult aici, s\u0103 proces\u0103m mai mult aici, a\u0219a \u00eenc\u00e2t Rom\u00e2nia s\u0103 le poat\u0103 oferi oamenilor hran\u0103 bun\u0103, s\u0103n\u0103toas\u0103 \u0219i rom\u00e2neasc\u0103\u201d, a mai scris Florin Barbu.<\/p>\n<p id=\"p-10\">Declara\u021biile se \u00eenscriu \u00eentr-un conflict politic mai vechi \u00eentre Barbu \u0219i Bolojan pe tema m\u0103surilor pentru agricultur\u0103. \u00cen iunie, Florin Barbu, pe atunci ministrul desemnat al Agriculturii, afirma c\u0103 propunerile sale de sprijin pentru fermieri au fost respinse de premierul Ilie Bolojan, d\u00e2nd ca exemplu inclusiv m\u0103suri privind acciza la motorin\u0103 \u0219i schemele de finan\u021bare pentru agricultori.<\/p>\n","protected":false},"excerpt":{"rendered":"<p>\u201eBolojan trebuie s\u0103 plece \u00eenainte s\u0103 pun\u0103 definitiv agricultura rom\u00e2neasc\u0103 pe butuci\u201d, a transmis Florin Barbu \u00eentr-un mesaj publicat s\u00e2mb\u0103t\u0103 pe Facebook. \u201eFermierii no\u0219tri nu mai au nevoie de promisiuni &hellip; <a href=\"https:\/\/microscopemedia.com\/?p=711727\" class=\"more-link\">Read More<\/a><\/p>\n","protected":false},"author":1,"featured_media":711728,"comment_status":"closed","ping_status":"closed","sticky":false,"template":"Default","format":"standard","meta":[],"categories":[1],"tags":[],"_links":{"self":[{"href":"https:\/\/microscopemedia.com\/index.php?rest_route=\/wp\/v2\/posts\/711727"}],"collection":[{"href":"https:\/\/microscopemedia.com\/index.php?rest_route=\/wp\/v2\/posts"}],"about":[{"href":"https:\/\/microscopemedia.com\/index.php?rest_route=\/wp\/v2\/types\/post"}],"author":[{"embeddable":true,"href":"https:\/\/microscopemedia.com\/index.php?rest_route=\/wp\/v2\/users\/1"}],"replies":[{"embeddable":true,"href":"https:\/\/microscopemedia.com\/index.php?rest_route=%2Fwp%2Fv2%2Fcomments&post=711727"}],"version-history":[{"count":0,"href":"https:\/\/microscopemedia.com\/index.php?rest_route=\/wp\/v2\/posts\/711727\/revisions"}],"wp:featuredmedia":[{"embeddable":true,"href":"https:\/\/microscopemedia.com\/index.php?rest_route=\/wp\/v2\/media\/711728"}],"wp:attachment":[{"href":"https:\/\/microscopemedia.com\/index.php?rest_route=%2Fwp%2Fv2%2Fmedia&parent=711727"}],"wp:term":[{"taxonomy":"category","embeddable":true,"href":"https:\/\/microscopemedia.com\/index.php?rest_route=%2Fwp%2Fv2%2Fcategories&post=711727"},{"taxonomy":"post_tag","embeddable":true,"href":"https:\/\/microscopemedia.com\/index.php?rest_route=%2Fwp%2Fv2%2Ftags&post=711727"}],"curies":[{"name":"wp","href":"https:\/\/api.w.org\/{rel}","templated":true}]}}