{"id":711731,"date":"2026-09-05T08:47:05","date_gmt":"2026-09-05T08:47:05","guid":{"rendered":"https:\/\/microscopemedia.com\/?p=711731"},"modified":"2026-09-05T08:47:05","modified_gmt":"2026-09-05T08:47:05","slug":"castile-care-citesc-creierul-ar-putea-deveni-ceva-obisnuit-cum-se-schimba-lumea-pentru-copiii-care-vor-creste-cu-neurotehnologia","status":"publish","type":"post","link":"https:\/\/microscopemedia.com\/?p=711731","title":{"rendered":"C\u0103\u0219tile care \u201ecitesc\u201d creierul ar putea deveni ceva obi\u0219nuit. Cum se schimb\u0103 lumea pentru copiii care vor cre\u0219te cu neurotehnologia"},"content":{"rendered":"<div class=\"sgb-google-buttons\">\n<div class=\"display-flex justify-center google-logo\"><img decoding=\"async\" loading=\"lazy\" class=\"mg-x-auto\" width=\"30\" height=\"30\" src=\"https:\/\/microscopemedia.com\/wp-content\/uploads\/2026\/09\/castile-care-citesc-creierul-ar-putea-deveni-ceva-obisnuit-cum-se-schimba-lumea-pentru-copiii-care-vor-creste-cu-neurotehnologia.png\" alt><\/div>\n<\/p><\/div>\n<p id=\"p-0\">Schimbarea ar putea fi mai discret\u0103 dec\u00e2t ne imagin\u0103m. Potrivit <a href=\"https:\/\/theconversation.com\/brain-reading-wearables-will-soon-be-ordinary-what-will-this-mean-for-the-new-generation-of-neurotechnological-natives-289923\" target=\"_blank\" rel=\"noopener\">The Conversation<\/a>, nu vom avea neap\u0103rat dispozitive spectaculoase montate pe cap, ci c\u0103\u0219ti, ochelari \u0219i alte obiecte obi\u0219nuite care vor putea colecta informa\u021bii despre activitatea creierului.<\/p>\n<h2 id=\"chapter-0\">De la laborator la c\u0103\u0219ti \u0219i ochelari<\/h2>\n<p id=\"p-1\">Companii precum Neurable \u0219i NextSense comercializeaz\u0103 deja dispozitive purtabile care folosesc senzori EEG. Acestea pot urm\u0103ri activitatea cerebral\u0103 \u00een contexte precum somnul, concentrarea sau oboseala. Interesul nu vine \u00eens\u0103 doar din partea unor companii specializate. Apple a depus \u00een 2023 o cerere de brevet pentru AirPods echipate cu electrozi capabili s\u0103 m\u0103soare activitatea cerebral\u0103.<\/p>\n<blockquote class=\"twitter-tweet\" data-media-max-width=\"560\" readability=\"7.92\">\n<p dir=\"ltr\" lang=\"en\" id=\"p-2\">I got to try a live demo of the brainwave monitoring headset from <a href=\"https:\/\/x.com\/neurable?ref_src=twsrc%5Etfw\">@neurable<\/a> at <a href=\"https:\/\/x.com\/edgeimpulse?ref_src=twsrc%5Etfw\">@edgeimpulse<\/a> Imagine. It\u2019s a wild piece of technology that has so many potential applications! Thank you <a href=\"https:\/\/x.com\/RamsesAlcaide?ref_src=twsrc%5Etfw\">@RamsesAlcaide<\/a> for coming to the event and sharing this experience. <a href=\"https:\/\/x.com\/hashtag\/TinyML?src=hash&amp;ref_src=twsrc%5Etfw\">#TinyML<\/a> <a href=\"https:\/\/x.com\/hashtag\/electronics?src=hash&amp;ref_src=twsrc%5Etfw\">#electronics<\/a> <a href=\"https:\/\/t.co\/J7CC8ETv2k\">pic.twitter.com\/J7CC8ETv2k<\/a><\/p>\n<p id=\"p-3\">\u2014 Shawn Hymel (@ShawnHymel) <a href=\"https:\/\/x.com\/ShawnHymel\/status\/1707765480730272098?ref_src=twsrc%5Etfw\">September 29, 2023<\/a><\/p>\n<\/blockquote>\n<p id=\"p-4\">\u00cen paralel, Meta a dezvoltat tehnologii care folosesc semnale neuroelectrice provenite din activitatea muscular\u0103 pentru a controla dispozitive, inclusiv ochelari inteligen\u021bi. Inteligen\u021ba artificial\u0103 este una dintre piesele esen\u021biale ale acestei evolu\u021bii. Ea permite analizarea unor cantit\u0103\u021bi mari de date provenite de la senzori relativ ieftini, transform\u00e2nd semnale biologice \u00een informa\u021bii care pot fi utilizate de dispozitive digitale.<\/p>\n<h2 id=\"chapter-1\">Copiii care nu vor considera neurotehnologia ceva neobi\u0219nuit<\/h2>\n<p id=\"p-5\">Aici apare una dintre cele mai importante \u00eentreb\u0103ri ridicate de cercet\u0103torul autor al analizei: ce se \u00eent\u00e2mpl\u0103 cu o genera\u021bie care cre\u0219te consider\u00e2nd aceste tehnologii perfect normale? Un copil care prime\u0219te la 10 ani c\u0103\u0219ti capabile s\u0103-i monitorizeze activitatea cerebral\u0103 s-ar putea s\u0103 nu le perceap\u0103 ca pe o form\u0103 de neurotehnologie. Pentru el, vor fi pur \u0219i simplu c\u0103\u0219ti folosite pentru somn, studiu sau concentrare.<\/p>\n<p id=\"p-6\">Autorul propune termenul de \u201enativi neurotehnologici\u201d, prin analogie cu \u201enativii digitali\u201d. Conceptul nu afirm\u0103 c\u0103 va exista o genera\u021bie uniform\u0103 sau c\u0103 tehnologia va schimba inevitabil modul \u00een care func\u021bioneaz\u0103 creierul. Este, mai degrab\u0103, un instrument pentru a identifica din timp \u00eentreb\u0103rile pe care cercetarea \u0219i societatea trebuie s\u0103 le pun\u0103.<\/p>\n<h2 id=\"chapter-2\">Cine va avea acces la datele creierului?<\/h2>\n<p id=\"p-7\">Una dintre cele mai mari probleme este reprezentat\u0103 de neurodate \u2013 informa\u021biile ob\u021binute despre activitatea cerebral\u0103. Dac\u0103 astfel de date vor deveni o component\u0103 obi\u0219nuit\u0103 a dispozitivelor purtabile, ele ar putea ajunge \u00een sisteme deja folosite pentru date biometrice \u0219i digitale. \u00cen anumite domenii, inclusiv \u00een industrie, exist\u0103 deja dispozitive EEG utilizate pentru monitorizarea oboselii angaja\u021bilor. Apar astfel \u00eentreb\u0103ri dificile: cine poate avea acces la aceste informa\u021bii \u0219i \u00een ce scop? Dar mai ales, unde trebuie trasat\u0103 limita dintre monitorizarea s\u0103n\u0103t\u0103\u021bii \u0219i supravegherea unei persoane?<\/p>\n<h2 id=\"chapter-3\">Cercetarea \u0219i regulile trebuie s\u0103 apar\u0103 \u00eenaintea tehnologiei<\/h2>\n<p id=\"p-8\">Analiza identific\u0103 trei mari direc\u021bii care trebuie cercetate: dezvoltarea tehnologic\u0103, efectele asupra cogni\u021biei \u0219i implica\u021biile sociale. Speciali\u0219tii trebuie s\u0103 afle inclusiv cum ar putea influen\u021ba monitorizarea constant\u0103 a creierului dezvoltarea identit\u0103\u021bii, autoreglarea sau controlul impulsurilor la copii. O alt\u0103 \u00eentrebare prive\u0219te chiar \u201evorbirea interioar\u0103\u201d \u0219i modul \u00een care aceasta s-ar putea dezvolta \u00eentr-un mediu \u00een care tehnologiile pot interpreta comunicarea f\u0103r\u0103 cuvinte. \u00cen acela\u0219i timp, autorul avertizeaz\u0103 c\u0103 regulile nu ar trebui am\u00e2nate p\u00e2n\u0103 c\u00e2nd toate r\u0103spunsurile \u0219tiin\u021bifice vor fi disponibile. Infrastructura pentru utilizarea <a href=\"https:\/\/www.mediafax.ro\/stiinta-sanatate\/china-transforma-implanturile-cerebrale-cu-inteligenta-artificiala-in-produse-comerciale-23740050\">neurotehnologiei<\/a> este deja construit\u0103.<\/p>\n","protected":false},"excerpt":{"rendered":"<p>Schimbarea ar putea fi mai discret\u0103 dec\u00e2t ne imagin\u0103m. Potrivit The Conversation, nu vom avea neap\u0103rat dispozitive spectaculoase montate pe cap, ci c\u0103\u0219ti, ochelari \u0219i alte obiecte obi\u0219nuite care vor &hellip; <a href=\"https:\/\/microscopemedia.com\/?p=711731\" class=\"more-link\">Read More<\/a><\/p>\n","protected":false},"author":1,"featured_media":711732,"comment_status":"closed","ping_status":"closed","sticky":false,"template":"Default","format":"standard","meta":[],"categories":[1],"tags":[],"_links":{"self":[{"href":"https:\/\/microscopemedia.com\/index.php?rest_route=\/wp\/v2\/posts\/711731"}],"collection":[{"href":"https:\/\/microscopemedia.com\/index.php?rest_route=\/wp\/v2\/posts"}],"about":[{"href":"https:\/\/microscopemedia.com\/index.php?rest_route=\/wp\/v2\/types\/post"}],"author":[{"embeddable":true,"href":"https:\/\/microscopemedia.com\/index.php?rest_route=\/wp\/v2\/users\/1"}],"replies":[{"embeddable":true,"href":"https:\/\/microscopemedia.com\/index.php?rest_route=%2Fwp%2Fv2%2Fcomments&post=711731"}],"version-history":[{"count":0,"href":"https:\/\/microscopemedia.com\/index.php?rest_route=\/wp\/v2\/posts\/711731\/revisions"}],"wp:featuredmedia":[{"embeddable":true,"href":"https:\/\/microscopemedia.com\/index.php?rest_route=\/wp\/v2\/media\/711732"}],"wp:attachment":[{"href":"https:\/\/microscopemedia.com\/index.php?rest_route=%2Fwp%2Fv2%2Fmedia&parent=711731"}],"wp:term":[{"taxonomy":"category","embeddable":true,"href":"https:\/\/microscopemedia.com\/index.php?rest_route=%2Fwp%2Fv2%2Fcategories&post=711731"},{"taxonomy":"post_tag","embeddable":true,"href":"https:\/\/microscopemedia.com\/index.php?rest_route=%2Fwp%2Fv2%2Ftags&post=711731"}],"curies":[{"name":"wp","href":"https:\/\/api.w.org\/{rel}","templated":true}]}}