{"id":711739,"date":"2026-09-05T09:56:03","date_gmt":"2026-09-05T09:56:03","guid":{"rendered":"https:\/\/microscopemedia.com\/?p=711739"},"modified":"2026-09-05T09:56:03","modified_gmt":"2026-09-05T09:56:03","slug":"katy-perry-vorbeste-despre-despartirea-de-orlando-bloom-si-relatia-cu-justin-trudeau","status":"publish","type":"post","link":"https:\/\/microscopemedia.com\/?p=711739","title":{"rendered":"Katy Perry vorbe\u0219te despre desp\u0103r\u021birea de Orlando Bloom \u0219i rela\u021bia cu Justin Trudeau"},"content":{"rendered":"<div class=\"sgb-google-buttons\">\n<div class=\"display-flex justify-center google-logo\"><img decoding=\"async\" loading=\"lazy\" class=\"mg-x-auto\" width=\"30\" height=\"30\" src=\"https:\/\/microscopemedia.com\/wp-content\/uploads\/2026\/09\/katy-perry-vorbeste-despre-despartirea-de-orlando-bloom-si-relatia-cu-justin-trudeau.png\" alt><\/div>\n<\/p><\/div>\n<p id=\"p-0\">C\u00e2nt\u0103rea\u021ba \u00een v\u00e2rst\u0103 de 41 de ani a povestit, \u00eentr-un interviu acordat revistei \u201ePeople\u201d , c\u0103 se afla \u00een Australia atunci c\u00e2nd vestea desp\u0103r\u021birii a devenit public\u0103.<\/p>\n<p id=\"p-1\">\u201ePrietenii mei erau cu to\u021bii acas\u0103. Pl\u00e2ngeam \u0219i m\u0103 sim\u021beam departe. Dar apoi \u00eengerii mei au \u00eenceput s\u0103 lucreze. Chiar au fost al\u0103turi de mine\u201d, a spus Perry.<\/p>\n<p id=\"p-2\">Katy Perry \u0219i Orlando Bloom s-au desp\u0103r\u021bit \u00een 2025, dup\u0103 o rela\u021bie de aproximativ nou\u0103 ani. Cei doi sunt p\u0103rin\u021bii unei feti\u021be, Daisy Dove, \u00een v\u00e2rst\u0103 de \u0219ase ani.<\/p>\n<p id=\"p-3\">Vorbind despre \u00eencheierea rela\u021biei, artista a spus c\u0103 nu ar fi r\u0103mas al\u0103turi de Bloom timp de nou\u0103 ani dac\u0103 rela\u021bia nu i-ar fi oferit lec\u021bii importante.<\/p>\n<p id=\"p-4\">\u201eNu a\u0219 fi r\u0103mas \u00eentr-o rela\u021bie timp de nou\u0103 ani dac\u0103 nu ar fi existat lucruri cu adev\u0103rat importante de \u00eenv\u0103\u021bat. Fiecare rela\u021bie este un profesor, nu-i a\u0219a?\u201d, a afirmat ea.<\/p>\n<h2 id=\"chapter-0\">Iubire \u201eepic\u0103\u201d \u0219i \u201elegendar\u0103\u201d<\/h2>\n<p id=\"p-5\">Perry a explicat c\u0103 a trebuit s\u0103 renun\u021be la rela\u021bia cu Bloom pentru a putea merge mai departe \u0219i a povestit c\u0103 \u0219i-a dorit \u00eentotdeauna o iubire \u201eepic\u0103\u201d \u0219i \u201elegendar\u0103\u201d.<\/p>\n<p id=\"p-6\">\u201eA trebuit s\u0103 renun\u021b pentru a putea merge mai departe. \u00centotdeauna mi-am dorit aceast\u0103 iubire epic\u0103, legendar\u0103 \u0219i vorbeam despre asta cu terapeutul meu: totul \u00een via\u021ba mea este epic, dar aceasta era piesa lips\u0103 din puzzle \u2013 apoi a ap\u0103rut\u201d, a spus c\u00e2nt\u0103rea\u021ba.<\/p>\n<h2 id=\"chapter-1\">Rela\u021bia cu Justin Trudeau<\/h2>\n<p id=\"p-7\">La c\u00e2teva s\u0103pt\u0103m\u00e2ni dup\u0103 ce desp\u0103r\u021birea de Orlando Bloom a devenit public\u0103, Perry a \u00eenceput s\u0103 fie asociat\u0103 cu fostul premier canadian Justin Trudeau, \u00een v\u00e2rst\u0103 de 55 de ani.<\/p>\n<p id=\"p-8\">Cei doi au alimentat zvonurile privind o rela\u021bie \u00een iulie, dup\u0103 ce au fost v\u0103zu\u021bi lu\u00e2nd masa \u00eempreun\u0103 \u00eentr-un restaurant din Montreal. \u00cen seara urm\u0103toare, Trudeau a fost observat \u00een public la concertul sus\u021binut de Perry \u00een ora\u0219, al\u0103turi de fiica sa adolescent\u0103.<\/p>\n<p id=\"p-9\">Perry \u0219i Trudeau \u0219i-au f\u0103cut public\u0103 rela\u021bia \u00een octombrie 2025. Cei doi au ap\u0103rut \u00eempreun\u0103 pe covorul ro\u0219u \u00een iunie, la Festivalul de Film Tribeca, cu ocazia premierei filmului-concert \u201eKaty Perry: The Lifetimes Tour \u2013 Live from Paris\u201d.<\/p>\n<h2 id=\"chapter-2\">Ce spune Orlando Bloom<\/h2>\n<p id=\"p-10\">Orlando Bloom a vorbit anterior despre desp\u0103r\u021bire \u00een cadrul emisiunii \u201eToday\u201d, subliniind c\u0103 rela\u021bia sa cu Perry a r\u0103mas una bun\u0103.<\/p>\n<p id=\"p-11\">\u201eSunt foarte recunosc\u0103tor. Avem cea mai frumoas\u0103 fiic\u0103. Suntem bine. Vom fi bine. Nimic \u00een afar\u0103 de iubire\u201d, a declarat actorul.4<\/p>\n<h2 id=\"chapter-3\">Ce spune familia lui Trudeau<\/h2>\n<p id=\"p-12\">La r\u00e2ndul s\u0103u, fiul cel mare al lui Justin Trudeau, Xavier, \u00een v\u00e2rst\u0103 de 18 ani, a vorbit pozitiv despre Perry \u0219i a spus c\u0103 aceasta este \u201efoarte dr\u0103gu\u021b\u0103\u201d \u0219i \u201ecu picioarele pe p\u0103m\u00e2nt\u201d. T\u00e2n\u0103rul, care este c\u00e2nt\u0103re\u021b, a dezv\u0103luit c\u0103 \u00eei trimite artistei propriile melodii pentru a-i cere sfaturi.<\/p>\n<p id=\"p-13\">Trudeau \u0219i fosta sa so\u021bie, Sophie Gr\u00e9goire, s-au separat legal \u00een august 2023, dup\u0103 18 ani de c\u0103snicie. Cei doi au \u00eempreun\u0103 trei copii \u0219i \u00eempart custodia acestora.<\/p>\n<p id=\"p-14\">&nbsp;<\/p>\n","protected":false},"excerpt":{"rendered":"<p>C\u00e2nt\u0103rea\u021ba \u00een v\u00e2rst\u0103 de 41 de ani a povestit, \u00eentr-un interviu acordat revistei \u201ePeople\u201d , c\u0103 se afla \u00een Australia atunci c\u00e2nd vestea desp\u0103r\u021birii a devenit public\u0103. \u201ePrietenii mei erau &hellip; <a href=\"https:\/\/microscopemedia.com\/?p=711739\" class=\"more-link\">Read More<\/a><\/p>\n","protected":false},"author":1,"featured_media":711740,"comment_status":"closed","ping_status":"closed","sticky":false,"template":"Default","format":"standard","meta":[],"categories":[1],"tags":[],"_links":{"self":[{"href":"https:\/\/microscopemedia.com\/index.php?rest_route=\/wp\/v2\/posts\/711739"}],"collection":[{"href":"https:\/\/microscopemedia.com\/index.php?rest_route=\/wp\/v2\/posts"}],"about":[{"href":"https:\/\/microscopemedia.com\/index.php?rest_route=\/wp\/v2\/types\/post"}],"author":[{"embeddable":true,"href":"https:\/\/microscopemedia.com\/index.php?rest_route=\/wp\/v2\/users\/1"}],"replies":[{"embeddable":true,"href":"https:\/\/microscopemedia.com\/index.php?rest_route=%2Fwp%2Fv2%2Fcomments&post=711739"}],"version-history":[{"count":0,"href":"https:\/\/microscopemedia.com\/index.php?rest_route=\/wp\/v2\/posts\/711739\/revisions"}],"wp:featuredmedia":[{"embeddable":true,"href":"https:\/\/microscopemedia.com\/index.php?rest_route=\/wp\/v2\/media\/711740"}],"wp:attachment":[{"href":"https:\/\/microscopemedia.com\/index.php?rest_route=%2Fwp%2Fv2%2Fmedia&parent=711739"}],"wp:term":[{"taxonomy":"category","embeddable":true,"href":"https:\/\/microscopemedia.com\/index.php?rest_route=%2Fwp%2Fv2%2Fcategories&post=711739"},{"taxonomy":"post_tag","embeddable":true,"href":"https:\/\/microscopemedia.com\/index.php?rest_route=%2Fwp%2Fv2%2Ftags&post=711739"}],"curies":[{"name":"wp","href":"https:\/\/api.w.org\/{rel}","templated":true}]}}