{"id":711747,"date":"2026-09-05T10:56:03","date_gmt":"2026-09-05T10:56:03","guid":{"rendered":"https:\/\/microscopemedia.com\/?p=711747"},"modified":"2026-09-05T10:56:03","modified_gmt":"2026-09-05T10:56:03","slug":"marea-britanie-lovita-de-un-val-scurt-de-caldura-canicula-loveste-aproape-toata-europa","status":"publish","type":"post","link":"https:\/\/microscopemedia.com\/?p=711747","title":{"rendered":"Marea Britanie, lovit\u0103 de un val scurt de c\u0103ldur\u0103. Canicula love\u0219te aproape toat\u0103 Europa"},"content":{"rendered":"<div class=\"sgb-google-buttons\">\n<div class=\"display-flex justify-center google-logo\"><img decoding=\"async\" loading=\"lazy\" class=\"mg-x-auto\" width=\"30\" height=\"30\" src=\"https:\/\/microscopemedia.com\/wp-content\/uploads\/2026\/09\/marea-britanie-lovita-de-un-val-scurt-de-caldura-canicula-loveste-aproape-toata-europa.png\" alt><\/div>\n<\/p><\/div>\n<p id=\"p-0\">Fran\u021ba \u0219i Spania s-au num\u0103rat printre cele mai afectate \u021b\u0103ri de c\u0103ldura extrem\u0103 \u00een aceast\u0103 s\u0103pt\u0103m\u00e2n\u0103, temperaturile dep\u0103\u0219ind pe alocuri 40 de grade Celsius. Valul de c\u0103ldur\u0103 este prognozat s\u0103 se intensifice \u00een urm\u0103toarele zile \u00een centrul \u0219i estul Europei.<\/p>\n<h2 id=\"chapter-0\">De ce este din nou at\u00e2t de cald \u00een Europa<\/h2>\n<p id=\"p-1\">La \u00eenceputul s\u0103pt\u0103m\u00e2nii, aerul foarte cald \u0219i \u00eenc\u0103rcat cu praf din nordul Africii a ajuns \u00een Peninsula Iberic\u0103, unde temperaturile au crescut puternic pe fondul cerului senin \u0219i al solului uscat, potrivit <a href=\"https:\/\/www.bbc.com\/weather\/articles\/cyvzq94g604o\" target=\"_blank\" rel=\"noopener\">BBC<\/a>.<\/p>\n<p id=\"p-2\">Joi, localitatea El Granado, din sud-vestul Spaniei, a \u00eenregistrat 45,7 grade Celsius, cea mai ridicat\u0103 temperatur\u0103 m\u0103surat\u0103 \u00een aceast\u0103 \u021bar\u0103 \u00een acest an. Speciali\u0219tii consider\u0103 neobi\u0219nuit ca temperatura maxim\u0103 anual\u0103 s\u0103 fie atins\u0103 \u00een afara lunilor iulie \u0219i august.<\/p>\n<p id=\"p-3\">Aerul foarte cald s-a extins ulterior spre nord \u0219i est, afect\u00e2nd \u0219i alte zone din sudul Europei. Avertiz\u0103ri cod portocaliu de canicul\u0103 sunt \u00een vigoare p\u00e2n\u0103 s\u00e2mb\u0103t\u0103 \u00een Spania, sudul Fran\u021bei, Bosnia \u0219i Her\u021begovina \u0219i Serbia.<\/p>\n<p id=\"p-4\">\u00cen cele mai calde regiuni din Spania, temperaturile vor continua s\u0103 dep\u0103\u0219easc\u0103 40 de grade \u00een acest weekend \u0219i la \u00eenceputul s\u0103pt\u0103m\u00e2nii viitoare. Inclusiv \u00een nord, \u00een zona v\u0103ii Ebro, temperaturile ar putea ajunge la valori neobi\u0219nuit de ridicate pentru aceast\u0103 perioad\u0103.<\/p>\n<p id=\"p-5\">\u00cen unele regiuni din sudul Fran\u021bei, inclusiv \u00een Ard\u00e8che, temperaturile vor ajunge \u00een urm\u0103toarele zile la valori de 35-39 de grade \u0219i ar putea atinge local 40 de grade.<\/p>\n<p id=\"p-6\">\u00cen Grecia \u0219i Turcia, temperaturile au \u00eenceput s\u0103 scad\u0103 \u00een aceast\u0103 s\u0103pt\u0103m\u00e2n\u0103, \u00eens\u0103 la \u00eenceputul s\u0103pt\u0103m\u00e2nii viitoare sunt posibile \u00een continuare valori de p\u00e2n\u0103 la 35-39 de grade.<\/p>\n<p id=\"p-7\">\u0218i temperaturile apei din centrul M\u0103rii Mediterane sunt mult peste valorile normale, fiind cu aproximativ patru grade Celsius mai ridicate \u00een anumite zone.<\/p>\n<h2 id=\"chapter-1\">Marea Britanie se \u00eenc\u0103lze\u0219te \u00een weekend<\/h2>\n<p id=\"p-8\">Aerul mai cald va ajunge \u00een Marea Britanie \u00een acest weekend, pe m\u0103sur\u0103 ce v\u00e2nturile vor c\u0103p\u0103ta o component\u0103 sudic\u0103. Temperaturile nu vor atinge \u00eens\u0103 valorile extreme \u00eenregistrate \u00een sudul Europei.<\/p>\n<p id=\"p-9\">\u00cenc\u0103lzirea va fi de scurt\u0103 durat\u0103, iar cre\u0219terea nebulozit\u0103\u021bii va limita intensitatea c\u0103ldurii. Duminic\u0103 va fi cea mai cald\u0103 zi a weekendului, \u00eens\u0103 sunt prognozate \u0219i ploi, \u00een special \u00een nord-vestul \u021b\u0103rii.<\/p>\n<p id=\"p-10\">\u00cen Anglia \u0219i \u021aara Galilor, temperaturile vor fi \u00een general cuprinse \u00eentre 20 \u0219i 25 de grade Celsius, iar \u00een unele zone din sud-est ar putea ajunge la 27-28 de grade.<\/p>\n<p id=\"p-11\">\u00cen Sco\u021bia \u0219i Irlanda de Nord sunt a\u0219teptate valori de aproximativ 15-20 de grade Celsius, temperaturi mai sc\u0103zute dec\u00e2t \u00een sudul \u021b\u0103rii, dar totu\u0219i cu c\u00e2teva grade peste media perioadei.<\/p>\n<p id=\"p-12\">Vremea cald\u0103 va disp\u0103rea rapid s\u0103pt\u0103m\u00e2na viitoare, c\u00e2nd aerul mai rece din Atlantic \u0219i fronturile \u00eenso\u021bite de ploi vor ajunge \u00een Marea Britanie.<\/p>\n<p id=\"p-13\">Potrivit prognozei, revenirea la condi\u021bii de canicul\u0103 este pu\u021bin probabil\u0103 \u00een urm\u0103toarele 10 zile.<\/p>\n<p id=\"p-14\">&nbsp;<\/p>\n","protected":false},"excerpt":{"rendered":"<p>Fran\u021ba \u0219i Spania s-au num\u0103rat printre cele mai afectate \u021b\u0103ri de c\u0103ldura extrem\u0103 \u00een aceast\u0103 s\u0103pt\u0103m\u00e2n\u0103, temperaturile dep\u0103\u0219ind pe alocuri 40 de grade Celsius. Valul de c\u0103ldur\u0103 este prognozat s\u0103 &hellip; <a href=\"https:\/\/microscopemedia.com\/?p=711747\" class=\"more-link\">Read More<\/a><\/p>\n","protected":false},"author":1,"featured_media":711748,"comment_status":"closed","ping_status":"closed","sticky":false,"template":"Default","format":"standard","meta":[],"categories":[1],"tags":[],"_links":{"self":[{"href":"https:\/\/microscopemedia.com\/index.php?rest_route=\/wp\/v2\/posts\/711747"}],"collection":[{"href":"https:\/\/microscopemedia.com\/index.php?rest_route=\/wp\/v2\/posts"}],"about":[{"href":"https:\/\/microscopemedia.com\/index.php?rest_route=\/wp\/v2\/types\/post"}],"author":[{"embeddable":true,"href":"https:\/\/microscopemedia.com\/index.php?rest_route=\/wp\/v2\/users\/1"}],"replies":[{"embeddable":true,"href":"https:\/\/microscopemedia.com\/index.php?rest_route=%2Fwp%2Fv2%2Fcomments&post=711747"}],"version-history":[{"count":0,"href":"https:\/\/microscopemedia.com\/index.php?rest_route=\/wp\/v2\/posts\/711747\/revisions"}],"wp:featuredmedia":[{"embeddable":true,"href":"https:\/\/microscopemedia.com\/index.php?rest_route=\/wp\/v2\/media\/711748"}],"wp:attachment":[{"href":"https:\/\/microscopemedia.com\/index.php?rest_route=%2Fwp%2Fv2%2Fmedia&parent=711747"}],"wp:term":[{"taxonomy":"category","embeddable":true,"href":"https:\/\/microscopemedia.com\/index.php?rest_route=%2Fwp%2Fv2%2Fcategories&post=711747"},{"taxonomy":"post_tag","embeddable":true,"href":"https:\/\/microscopemedia.com\/index.php?rest_route=%2Fwp%2Fv2%2Ftags&post=711747"}],"curies":[{"name":"wp","href":"https:\/\/api.w.org\/{rel}","templated":true}]}}