{"id":711755,"date":"2026-09-05T11:47:03","date_gmt":"2026-09-05T11:47:03","guid":{"rendered":"https:\/\/microscopemedia.com\/?p=711755"},"modified":"2026-09-05T11:47:03","modified_gmt":"2026-09-05T11:47:03","slug":"restrictiile-de-circulatie-din-piata-unirii-vor-fi-ridicate-inainte-de-inceperea-scolii","status":"publish","type":"post","link":"https:\/\/microscopemedia.com\/?p=711755","title":{"rendered":"Restric\u021biile de circula\u021bie din Pia\u021ba Unirii vor fi ridicate \u00eenainte de \u00eenceperea \u0219colii"},"content":{"rendered":"<div readability=\"22.847637415622\">\n<div class=\"sgb-google-buttons\">\n<div class=\"display-flex justify-center google-logo\"><img decoding=\"async\" loading=\"lazy\" class=\"mg-x-auto\" width=\"30\" height=\"30\" src=\"https:\/\/microscopemedia.com\/wp-content\/uploads\/2026\/09\/restrictiile-de-circulatie-din-piata-unirii-vor-fi-ridicate-inainte-de-inceperea-scolii.png\" alt><\/div>\n<\/p><\/div>\n<p id=\"p-0\">Ridicarea restric\u021biilor va permite revenirea traficului la configura\u021bia obi\u0219nuit\u0103, \u00eentr-o perioad\u0103 \u00een care valorile de trafic din Bucure\u0219ti cresc semnificativ odat\u0103 cu revenirea elevilor la \u0219coal\u0103, transmite Prim\u0103ria Sectorului 4.<\/p>\n<p id=\"p-1\">\u00cen paralel, lucr\u0103rile la noul Plan\u0219eu Unirii continu\u0103 \u00een interiorul \u0219antierului. Vechea structur\u0103, construit\u0103 \u00een urm\u0103 cu aproape 100 de ani \u0219i aflat\u0103 \u00eentr-o stare avansat\u0103 de degradare, a fost \u00eenlocuit\u0103.<\/p>\n<p id=\"p-2\">Constructorii urm\u0103resc ca p\u00e2n\u0103 la sf\u00e2r\u0219itul acestui an s\u0103 fie finalizat\u0103 \u00eentreaga plac\u0103 de beton a noului plan\u0219eu.<\/p>\n<p id=\"p-3\">Primarul Sectorului 4, Daniel B\u0103lu\u021b\u0103, va oferi detaliile privind ridicarea restric\u021biilor de trafic, stadiul lucr\u0103rilor \u0219i urm\u0103toarele etape ale proiectului \u00een cursul zilei de duminic\u0103, \u00eentr-o conferin\u021b\u0103 de pres\u0103.<\/p>\n<\/p><\/div>\n","protected":false},"excerpt":{"rendered":"<p>Ridicarea restric\u021biilor va permite revenirea traficului la configura\u021bia obi\u0219nuit\u0103, \u00eentr-o perioad\u0103 \u00een care valorile de trafic din Bucure\u0219ti cresc semnificativ odat\u0103 cu revenirea elevilor la \u0219coal\u0103, transmite Prim\u0103ria Sectorului 4. &hellip; <a href=\"https:\/\/microscopemedia.com\/?p=711755\" class=\"more-link\">Read More<\/a><\/p>\n","protected":false},"author":1,"featured_media":711756,"comment_status":"closed","ping_status":"closed","sticky":false,"template":"Default","format":"standard","meta":[],"categories":[1],"tags":[],"_links":{"self":[{"href":"https:\/\/microscopemedia.com\/index.php?rest_route=\/wp\/v2\/posts\/711755"}],"collection":[{"href":"https:\/\/microscopemedia.com\/index.php?rest_route=\/wp\/v2\/posts"}],"about":[{"href":"https:\/\/microscopemedia.com\/index.php?rest_route=\/wp\/v2\/types\/post"}],"author":[{"embeddable":true,"href":"https:\/\/microscopemedia.com\/index.php?rest_route=\/wp\/v2\/users\/1"}],"replies":[{"embeddable":true,"href":"https:\/\/microscopemedia.com\/index.php?rest_route=%2Fwp%2Fv2%2Fcomments&post=711755"}],"version-history":[{"count":0,"href":"https:\/\/microscopemedia.com\/index.php?rest_route=\/wp\/v2\/posts\/711755\/revisions"}],"wp:featuredmedia":[{"embeddable":true,"href":"https:\/\/microscopemedia.com\/index.php?rest_route=\/wp\/v2\/media\/711756"}],"wp:attachment":[{"href":"https:\/\/microscopemedia.com\/index.php?rest_route=%2Fwp%2Fv2%2Fmedia&parent=711755"}],"wp:term":[{"taxonomy":"category","embeddable":true,"href":"https:\/\/microscopemedia.com\/index.php?rest_route=%2Fwp%2Fv2%2Fcategories&post=711755"},{"taxonomy":"post_tag","embeddable":true,"href":"https:\/\/microscopemedia.com\/index.php?rest_route=%2Fwp%2Fv2%2Ftags&post=711755"}],"curies":[{"name":"wp","href":"https:\/\/api.w.org\/{rel}","templated":true}]}}