{"id":711759,"date":"2026-09-05T12:26:03","date_gmt":"2026-09-05T12:26:03","guid":{"rendered":"https:\/\/microscopemedia.com\/?p=711759"},"modified":"2026-09-05T12:26:03","modified_gmt":"2026-09-05T12:26:03","slug":"teatrul-dramatic-elvira-godeanu-deschide-stagiunea-2026-2027-si-inaugureaza-o-noua-sala-de-spectacole","status":"publish","type":"post","link":"https:\/\/microscopemedia.com\/?p=711759","title":{"rendered":"Teatrul Dramatic \u201eElvira Godeanu\u201d deschide stagiunea 2026-2027 \u0219i inaugureaz\u0103 o nou\u0103 sal\u0103 de spectacole"},"content":{"rendered":"<div class=\"sgb-google-buttons\">\n<div class=\"display-flex justify-center google-logo\"><img decoding=\"async\" loading=\"lazy\" class=\"mg-x-auto\" width=\"30\" height=\"30\" src=\"https:\/\/microscopemedia.com\/wp-content\/uploads\/2026\/09\/teatrul-dramatic-elvira-godeanu-deschide-stagiunea-2026-2027-si-inaugureaza-o-noua-sala-de-spectacole.png\" alt><\/div>\n<\/p><\/div>\n<h2 id=\"chapter-0\">\u201eB\u0103d\u0103ranii\u201d de Carlo Goldoni \u2013 spectacolul care deschide stagiunea<\/h2>\n<p id=\"p-0\">Duminic\u0103, 6 septembrie 2026, de la ora 19:00, Teatrul Dramatic \u201eElvira Godeanu\u201d deschide oficial stagiunea 2026-2027 cu spectacolul \u201eB\u0103d\u0103ranii\u201d de Carlo Goldoni, \u00een regia lui Radu Ol\u0103reanu.<\/p>\n<div class=\"single__inline-gallery color-white mg-bottom-20 bg-black padding-5 md:rounded-10\">\n<div class=\"md:rounded-5 display-grid xs:grid-cols-2 grid-cols-3 gap-5\">\n<div class=\"single__inline-gallery-image relative column-span-2 row-span-2\">\n                <a href=\"https:\/\/www.mediafax.ro\/poze\/teatrul-dramatic-elvira-godeanu-deschide-stagiunea-2026-2027-si-inaugureaza-o-noua-sala-de-spectacole-23802336\"><br \/>\n                    <img decoding=\"async\" loading=\"lazy\" src=\"https:\/\/microscopemedia.com\/wp-content\/uploads\/2026\/09\/teatrul-dramatic-elvira-godeanu-deschide-stagiunea-2026-2027-si-inaugureaza-o-noua-sala-de-spectacole.jpg\" width=\"700\" height=\"450\"><br \/>\n                <\/a>\n                            <\/div>\n<div class=\"single__inline-gallery-image relative \">\n                <a href=\"https:\/\/www.mediafax.ro\/poze\/teatrul-dramatic-elvira-godeanu-deschide-stagiunea-2026-2027-si-inaugureaza-o-noua-sala-de-spectacole-23802336\"><br \/>\n                    <img decoding=\"async\" loading=\"lazy\" src=\"https:\/\/microscopemedia.com\/wp-content\/uploads\/2026\/09\/teatrul-dramatic-elvira-godeanu-deschide-stagiunea-2026-2027-si-inaugureaza-o-noua-sala-de-spectacole-1.jpg\" width=\"700\" height=\"450\"><br \/>\n                <\/a>\n                            <\/div>\n<\/p><\/div>\n<\/p><\/div>\n<p id=\"p-1\">Una dintre cele mai cunoscute comedii ale dramaturgiei italiene, \u201eB\u0103d\u0103ranii\u201d ofer\u0103 o incursiune plin\u0103 de umor \u00een lumea orgoliilor, a prejudec\u0103\u021bilor \u0219i a conven\u021biilor sociale.<\/p>\n<p id=\"p-2\">\u00cen viziunea regizoral\u0103 a lui Radu Ol\u0103reanu, textul lui Goldoni cap\u0103t\u0103 dinamism \u0219i savoare, propun\u00e2nd publicului un spectacol viu, cu personaje pitore\u0219ti, situa\u021bii comice \u0219i un ritm sus\u021binut.<\/p>\n<p id=\"p-3\"><strong>Regia:<\/strong> Radu Ol\u0103reanu<br \/><strong>Scenografia:<\/strong> Irina Chiril\u0103<\/p>\n<p id=\"p-4\"><strong>Distribu\u021bia:<\/strong><br \/>Sorin Giurca<br \/>Pompiliu Ciochia<br \/>Sandu Must\u0103\u021bea<br \/>M\u0103d\u0103lina Ciob\u0103nuc<br \/>Monica Sfetcu<br \/>Gia Enache<br \/>Lumini\u021ba \u0218orop<br \/>Evelina Voicu<br \/>Alexandru Manea<br \/>Tedi Popescu<br \/>Adrian \u0218erban<\/p>\n<p id=\"p-5\"><strong>Manager:<\/strong> Mariana Ghi\u021bulescu<\/p>\n<p id=\"p-6\">Biletele pentru spectacolul din 6 septembrie pot fi achizi\u021bionate de la Agen\u021bia teatral\u0103 a Teatrului Dramatic \u201eElvira Godeanu\u201d sau online, prin Eventim.ro.<\/p>\n<h2 id=\"chapter-1\">20 septembrie \u2013 se deschide oficial Studio ACT \u201eElvira Godeanu\u201d<\/h2>\n<p id=\"p-7\">Un alt moment important al \u00eenceputului de stagiune va avea loc pe 20 septembrie 2026, de la ora 19:00, c\u00e2nd va fi inaugurat\u0103 oficial sala Studio ACT \u201eElvira Godeanu\u201d, situat\u0103 \u00een T\u00e2rgu Jiu, pe Strada Cri\u0219an nr. 3.<\/p>\n<p id=\"p-8\">Noua sal\u0103 este conceput\u0103 ca un spa\u021biu destinat spectacolelor de mici dimensiuni \u0219i ofer\u0103 teatrului posibilitatea de a-\u0219i diversifica oferta cultural\u0103, de a g\u0103zdui proiecte artistice cu formule scenice diferite \u0219i de a crea un cadru mai apropiat \u0219i mai flexibil pentru \u00eent\u00e2lnirea dintre actori \u0219i spectatori.<\/p>\n<p id=\"p-9\">Deschiderea Studio ACT \u201eElvira Godeanu\u201d va avea loc cu spectacolul \u201eConu Leonida fa\u021b\u0103 cu reac\u021biunea\u201d de I.L. Caragiale, \u00een regia lui Marius Bodochi.<\/p>\n<p id=\"p-10\"><strong>Distribu\u021bia:<\/strong><br \/>Alexandru Manea \/ Adrian \u0218erban<br \/>Monica Sfetcu<br \/>Lumini\u021ba \u0218orop<\/p>\n<p id=\"p-11\"><strong>Scenografia:<\/strong> \u0218teff Chelaru<br \/><strong>Coregrafia:<\/strong> Flavia Giurgiu<br \/><strong>Sound Design:<\/strong> Alexandru Bodochi Ursu<br \/><strong>Sunet:<\/strong> Costi O\u021b\u0103t<\/p>\n<p id=\"p-12\">Apari\u021bia acestei noi s\u0103li reprezint\u0103 un pas important \u00een dezvoltarea Teatrului Dramatic \u201eElvira Godeanu\u201d \u0219i \u00een consolidarea rolului s\u0103u \u00een via\u021ba cultural\u0103 a municipiului T\u00e2rgu Jiu.<\/p>\n<p id=\"p-13\">Cu sprijinul Prim\u0103riei Municipiului T\u00e2rgu Jiu \u0219i al Consiliului Local T\u00e2rgu Jiu, teatrul \u00ee\u0219i extinde infrastructura \u0219i \u00ee\u0219i creeaz\u0103 noi posibilit\u0103\u021bi de exprimare artistic\u0103 \u0219i de dialog cu publicul.<\/p>\n<h2 id=\"chapter-2\">O nou\u0103 etap\u0103 pentru Teatrul Dramatic \u201eElvira Godeanu\u201d<\/h2>\n<p id=\"p-14\">Cele dou\u0103 evenimente marcheaz\u0103 o etap\u0103 important\u0103 \u00een evolu\u021bia institu\u021biei, care \u00ee\u0219i propune s\u0103 fie tot mai prezent\u0103 \u00een peisajul teatral rom\u00e2nesc \u0219i s\u0103 \u00ee\u0219i consolideze vizibilitatea la nivel na\u021bional \u0219i interna\u021bional.<\/p>\n<p id=\"p-15\">Aceast\u0103 dezvoltare face parte din viziunea noului management al doamnei Mariana Ghi\u021bulescu, care urm\u0103re\u0219te transformarea Teatrului Dramatic \u201eElvira Godeanu\u201d \u00eentr-o institu\u021bie cultural\u0103 dinamic\u0103, deschis\u0103 c\u0103tre noi forme de expresie artistic\u0103, colabor\u0103ri \u0219i proiecte, dar \u0219i c\u0103tre publicuri diverse.<\/p>\n<p id=\"p-16\">Crearea Studio ACT \u201eElvira Godeanu\u201d, extinderea proiectelor artistice, dezvoltarea colabor\u0103rilor \u0219i cre\u0219terea vizibilit\u0103\u021bii teatrului reprezint\u0103 direc\u021bii concrete ale acestei viziuni manageriale.<\/p>\n<p id=\"p-17\">Noul spa\u021biu devine astfel nu doar o sal\u0103 de spectacole, ci \u0219i un loc destinat experimentului, \u00eent\u00e2lnirilor artistice \u0219i proiectelor care pot contribui la afirmarea Teatrului Dramatic \u201eElvira Godeanu\u201d pe harta teatral\u0103 na\u021bional\u0103 \u0219i interna\u021bional\u0103.<\/p>\n<p id=\"p-18\">Prin deschiderea stagiunii cu \u201eB\u0103d\u0103ranii\u201d \u0219i inaugurarea Studio ACT \u201eElvira Godeanu\u201d cu \u201eConu Leonida fa\u021b\u0103 cu reac\u021biunea\u201d, teatrul propune publicului dou\u0103 \u00eent\u00e2lniri cu texte importante ale dramaturgiei universale \u0219i rom\u00e2ne\u0219ti, dar \u0219i \u00eenceputul unei noi etape de dezvoltare institu\u021bional\u0103.<\/p>\n<p id=\"p-19\">Teatrul Dramatic \u201eElvira Godeanu\u201d invit\u0103 publicul s\u0103 fie al\u0103turi de institu\u021bie la \u00eenceputul unei noi stagiuni \u0219i la inaugurarea noului spa\u021biu dedicat teatrului.<\/p>\n<p id=\"p-20\"><strong>6 septembrie 2026 | ora 19:00<\/strong><br \/>\u201eB\u0103d\u0103ranii\u201d de Carlo Goldoni | Regia: Radu Ol\u0103reanu<\/p>\n<p id=\"p-21\"><strong>20 septembrie 2026 | ora 19:00<\/strong><br \/>Inaugurarea oficial\u0103 Studio ACT \u201eElvira Godeanu\u201d<br \/>\u201eConu Leonida fa\u021b\u0103 cu reac\u021biunea\u201d de I.L. Caragiale | Regia: Marius Bodochi<br \/>Str. Cri\u0219an nr. 3, T\u00e2rgu Jiu<\/p>\n","protected":false},"excerpt":{"rendered":"<p>\u201eB\u0103d\u0103ranii\u201d de Carlo Goldoni \u2013 spectacolul care deschide stagiunea Duminic\u0103, 6 septembrie 2026, de la ora 19:00, Teatrul Dramatic \u201eElvira Godeanu\u201d deschide oficial stagiunea 2026-2027 cu spectacolul \u201eB\u0103d\u0103ranii\u201d de Carlo &hellip; <a href=\"https:\/\/microscopemedia.com\/?p=711759\" class=\"more-link\">Read More<\/a><\/p>\n","protected":false},"author":1,"featured_media":711760,"comment_status":"closed","ping_status":"closed","sticky":false,"template":"Default","format":"standard","meta":[],"categories":[1],"tags":[],"_links":{"self":[{"href":"https:\/\/microscopemedia.com\/index.php?rest_route=\/wp\/v2\/posts\/711759"}],"collection":[{"href":"https:\/\/microscopemedia.com\/index.php?rest_route=\/wp\/v2\/posts"}],"about":[{"href":"https:\/\/microscopemedia.com\/index.php?rest_route=\/wp\/v2\/types\/post"}],"author":[{"embeddable":true,"href":"https:\/\/microscopemedia.com\/index.php?rest_route=\/wp\/v2\/users\/1"}],"replies":[{"embeddable":true,"href":"https:\/\/microscopemedia.com\/index.php?rest_route=%2Fwp%2Fv2%2Fcomments&post=711759"}],"version-history":[{"count":0,"href":"https:\/\/microscopemedia.com\/index.php?rest_route=\/wp\/v2\/posts\/711759\/revisions"}],"wp:featuredmedia":[{"embeddable":true,"href":"https:\/\/microscopemedia.com\/index.php?rest_route=\/wp\/v2\/media\/711760"}],"wp:attachment":[{"href":"https:\/\/microscopemedia.com\/index.php?rest_route=%2Fwp%2Fv2%2Fmedia&parent=711759"}],"wp:term":[{"taxonomy":"category","embeddable":true,"href":"https:\/\/microscopemedia.com\/index.php?rest_route=%2Fwp%2Fv2%2Fcategories&post=711759"},{"taxonomy":"post_tag","embeddable":true,"href":"https:\/\/microscopemedia.com\/index.php?rest_route=%2Fwp%2Fv2%2Ftags&post=711759"}],"curies":[{"name":"wp","href":"https:\/\/api.w.org\/{rel}","templated":true}]}}