{"id":711781,"date":"2026-09-05T14:46:04","date_gmt":"2026-09-05T14:46:04","guid":{"rendered":"https:\/\/microscopemedia.com\/?p=711781"},"modified":"2026-09-05T14:46:04","modified_gmt":"2026-09-05T14:46:04","slug":"ucraina-pregatita-sa-suspende-atacurile-asupra-moscovei-pana-luni-zelenski-asteapta-reciprocitate-din-partea-rusiei","status":"publish","type":"post","link":"https:\/\/microscopemedia.com\/?p=711781","title":{"rendered":"Ucraina, preg\u0103tit\u0103 s\u0103 suspende atacurile asupra Moscovei p\u00e2n\u0103 luni. Zelenski a\u0219teapt\u0103 reciprocitate din partea Rusiei"},"content":{"rendered":"<div class=\"sgb-google-buttons\">\n<div class=\"display-flex justify-center google-logo\"><img decoding=\"async\" loading=\"lazy\" class=\"mg-x-auto\" width=\"30\" height=\"30\" src=\"https:\/\/microscopemedia.com\/wp-content\/uploads\/2026\/09\/ucraina-pregatita-sa-suspende-atacurile-asupra-moscovei-pana-luni-zelenski-asteapta-reciprocitate-din-partea-rusiei.png\" alt><\/div>\n<\/p><\/div>\n<p class=\"isSelectedEnd\" id=\"p-0\">Declara\u021bia vine dup\u0103 o discu\u021bie a liderului ucrainean cu emisarii pre\u0219edintelui Statelor Unite, care, potrivit lui Zelenski, au \u00eenceput deja contacte cu partea rus\u0103.<\/p>\n<h2 id=\"chapter-0\">Zelenski: Ucraina este preg\u0103tit\u0103 s\u0103 nu loveasc\u0103 Moscova<\/h2>\n<p class=\"isSelectedEnd\" id=\"p-1\">\u00centr-o postare pe Facebook, Zelenski a afirmat c\u0103 Ucraina este preg\u0103tit\u0103, \u00eencep\u00e2nd din momentul discu\u021biei cu reprezentan\u021bii americani, s\u0103 respecte o \u00eencetare a atacurilor aeriene \u00eempotriva ora\u0219elor implicate \u00een procesul de negociere.<\/p>\n<p class=\"isSelectedEnd\" id=\"p-3\">Liderul de la Kiev a precizat c\u0103 Ucraina este dispus\u0103 s\u0103 se ab\u021bin\u0103 de la atacuri asupra Moscovei \u00een restul zilei de s\u00e2mb\u0103t\u0103, precum \u0219i duminic\u0103 \u0219i luni.<\/p>\n<p class=\"isSelectedEnd\" id=\"p-4\">\u00cen schimb, autorit\u0103\u021bile ucrainene a\u0219teapt\u0103 ca Rusia s\u0103 nu atace Kievul \u00een acela\u0219i interval.<\/p>\n<p class=\"isSelectedEnd\" id=\"p-5\">\u201eUcraina este preg\u0103tit\u0103 s\u0103 se ab\u021bin\u0103 de la atacuri asupra Moscovei \u0219i ne a\u0219tept\u0103m ca ru\u0219ii s\u0103 fac\u0103 acela\u0219i lucru \u00een ceea ce prive\u0219te Kievul\u201d, a transmis, \u00een esen\u021b\u0103, pre\u0219edintele ucrainean.<\/p>\n<p class=\"isSelectedEnd\" id=\"p-6\">Zelenski nu a anun\u021bat \u00een postarea sa existen\u021ba unui acord deja \u00eencheiat cu Rusia, ci disponibilitatea Kievului de a respecta aceast\u0103 pauz\u0103 \u0219i a\u0219teptarea ca Moscova s\u0103 r\u0103spund\u0103 \u00een mod similar.<\/p>\n<h2 id=\"chapter-1\">Emisarii SUA, a\u0219tepta\u021bi la Kiev<\/h2>\n<p class=\"isSelectedEnd\" id=\"p-7\">Pre\u0219edintele ucrainean a mai anun\u021bat c\u0103 a fost stabilit programul discu\u021biilor diplomatice care urmeaz\u0103 s\u0103 aib\u0103 loc duminic\u0103 la Kiev cu participarea echipei americane.<\/p>\n<p class=\"isSelectedEnd\" id=\"p-8\">Potrivit lui Zelenski, Steve Witkoff \u0219i Jared Kushner sunt a\u0219tepta\u021bi \u00een capitala Ucrainei pentru ceea ce liderul ucrainean a descris drept o discu\u021bie \u201esubstan\u021bial\u0103\u201d.<\/p>\n<p class=\"isSelectedEnd\" id=\"p-9\">Zelenski a sus\u021binut, totodat\u0103, c\u0103 <a href=\"https:\/\/www.mediafax.ro\/externe\/emisarii-americani-witkoff-si-kushner-au-ajuns-la-moscova-pentru-relansarea-negocierilor-de-pace-23802320\" target=\"_blank\" rel=\"noopener\">emisarii pre\u0219edintelui SUA<\/a> au \u00eenceput deja s\u00e2mb\u0103t\u0103 s\u0103 lucreze cu partea rus\u0103, f\u0103r\u0103 a oferi \u00een postare detalii despre con\u021binutul acestor contacte sau despre pozi\u021bia Moscovei.<\/p>\n<h2 id=\"chapter-2\">Rapoarte privind situa\u021bia de pe front<\/h2>\n<p class=\"isSelectedEnd\" id=\"p-10\">\u00cen paralel cu demersurile diplomatice, Zelenski a declarat c\u0103 a primit rapoarte referitoare la evolu\u021biile militare \u0219i la amenin\u021b\u0103rile aeriene asupra Ucrainei.<\/p>\n<p class=\"isSelectedEnd\" id=\"p-11\">Potrivit acestuia, inform\u0103rile au fost prezentate de ministrul Ap\u0103r\u0103rii, Yevhenii Khmara, \u0219i de comandantul-\u0219ef al For\u021belor Armate ale Ucrainei, Mykhailo Drapatyi \u0219i au vizat situa\u021bia de pe front, amenin\u021b\u0103rile din spa\u021biul aerian, m\u0103surile adoptate de Ucraina \u0219i opera\u021biunile defensive \u00een desf\u0103\u0219urare.<\/p>\n<p id=\"p-12\">Liderul ucrainean a afirmat c\u0103 ac\u021biunile Kievului pe frontul diplomatic trebuie s\u0103 fie la fel de eficiente precum cele militare \u0219i a mul\u021bumit statelor \u0219i partenerilor care sprijin\u0103 Ucraina.<\/p>\n","protected":false},"excerpt":{"rendered":"<p>Declara\u021bia vine dup\u0103 o discu\u021bie a liderului ucrainean cu emisarii pre\u0219edintelui Statelor Unite, care, potrivit lui Zelenski, au \u00eenceput deja contacte cu partea rus\u0103. Zelenski: Ucraina este preg\u0103tit\u0103 s\u0103 nu &hellip; <a href=\"https:\/\/microscopemedia.com\/?p=711781\" class=\"more-link\">Read More<\/a><\/p>\n","protected":false},"author":1,"featured_media":711782,"comment_status":"closed","ping_status":"closed","sticky":false,"template":"Default","format":"standard","meta":[],"categories":[1],"tags":[],"_links":{"self":[{"href":"https:\/\/microscopemedia.com\/index.php?rest_route=\/wp\/v2\/posts\/711781"}],"collection":[{"href":"https:\/\/microscopemedia.com\/index.php?rest_route=\/wp\/v2\/posts"}],"about":[{"href":"https:\/\/microscopemedia.com\/index.php?rest_route=\/wp\/v2\/types\/post"}],"author":[{"embeddable":true,"href":"https:\/\/microscopemedia.com\/index.php?rest_route=\/wp\/v2\/users\/1"}],"replies":[{"embeddable":true,"href":"https:\/\/microscopemedia.com\/index.php?rest_route=%2Fwp%2Fv2%2Fcomments&post=711781"}],"version-history":[{"count":0,"href":"https:\/\/microscopemedia.com\/index.php?rest_route=\/wp\/v2\/posts\/711781\/revisions"}],"wp:featuredmedia":[{"embeddable":true,"href":"https:\/\/microscopemedia.com\/index.php?rest_route=\/wp\/v2\/media\/711782"}],"wp:attachment":[{"href":"https:\/\/microscopemedia.com\/index.php?rest_route=%2Fwp%2Fv2%2Fmedia&parent=711781"}],"wp:term":[{"taxonomy":"category","embeddable":true,"href":"https:\/\/microscopemedia.com\/index.php?rest_route=%2Fwp%2Fv2%2Fcategories&post=711781"},{"taxonomy":"post_tag","embeddable":true,"href":"https:\/\/microscopemedia.com\/index.php?rest_route=%2Fwp%2Fv2%2Ftags&post=711781"}],"curies":[{"name":"wp","href":"https:\/\/api.w.org\/{rel}","templated":true}]}}