{"id":711785,"date":"2026-09-05T15:27:02","date_gmt":"2026-09-05T15:27:02","guid":{"rendered":"https:\/\/microscopemedia.com\/?p=711785"},"modified":"2026-09-05T15:27:02","modified_gmt":"2026-09-05T15:27:02","slug":"a-murit-tatal-alexandrei-ivanov-tanara-al-carei-caz-de-la-maternitatea-botosani-a-revoltat-intreaga-tara","status":"publish","type":"post","link":"https:\/\/microscopemedia.com\/?p=711785","title":{"rendered":"A murit tat\u0103l Alexandrei Ivanov, t\u00e2n\u0103ra al c\u0103rei caz de la Maternitatea Boto\u0219ani a revoltat \u00eentreaga \u021bar\u0103"},"content":{"rendered":"<div class=\"sgb-google-buttons\">\n<div class=\"display-flex justify-center google-logo\"><img decoding=\"async\" loading=\"lazy\" class=\"mg-x-auto\" width=\"30\" height=\"30\" src=\"https:\/\/microscopemedia.com\/wp-content\/uploads\/2026\/09\/a-murit-tatal-alexandrei-ivanov-tanara-al-carei-caz-de-la-maternitatea-botosani-a-revoltat-intreaga-tara.png\" alt><\/div>\n<\/p><\/div>\n<p class=\"isSelectedEnd\" id=\"p-0\">Fiica acestuia, Ilinca, a publicat un mesaj \u00een care a vorbit despre rela\u021bia dintre tat\u0103 \u0219i copil \u0219i despre suferin\u021ba pe care p\u0103rin\u021bii o poart\u0103 uneori f\u0103r\u0103 s\u0103 o arate, transmite publica\u021bia <a href=\"https:\/\/www.botosaneanul.ro\/rapus-de-durere-virgil-ivanov-tatal-alexandrei-ivanov-a-incetat-din-viata-esti-alaturi-de-ea\" target=\"_blank\" rel=\"noopener\">Boto\u0219\u0103neanul<\/a>.<\/p>\n<p class=\"isSelectedEnd\" id=\"p-1\">Ea \u0219i-a descris tat\u0103l drept \u201est\u00e2lpul familiei\u201d, omul de la care ceilal\u021bi a\u0219teapt\u0103 putere chiar \u0219i atunci c\u00e2nd acesta trece, la r\u00e2ndul s\u0103u, prin momente de vulnerabilitate.<\/p>\n<p class=\"isSelectedEnd\" id=\"p-2\">\u201eAst\u0103zi, un tat\u0103 a ales s\u0103 \u00ee\u0219i ocroteasc\u0103 fiica \u00een ceruri\u201d, a scris Ilinca, evoc\u00e2nd-o pe sora sa, Alexandra.<\/p>\n<p class=\"isSelectedEnd\" id=\"p-3\">Un mesaj a fost publicat \u0219i de Vlad Miron, care \u0219i-a luat r\u0103mas-bun de la tat\u0103l s\u0103u.<\/p>\n<p class=\"isSelectedEnd\" id=\"p-4\">\u201eDumnezeu s\u0103 te ierte \u0219i s\u0103 te odihneasc\u0103 \u00een \u00eemp\u0103r\u0103\u021bia Lui, tata. Prea devreme ai plecat\u201d, a transmis acesta.<\/p>\n<p id=\"p-5\">Decesul lui Virgil Miron a fost anun\u021bat \u0219i de c\u0103tre Sindicatul Solidaritatea Sanitar\u0103 din Boto\u0219ani: \u201eVirgil nu a fost doar un coleg \u0219i un lider de grup\u0103 sindical\u0103. A fost unul dintre cei care au ales s\u0103 fie al\u0103turi de colegi, s\u0103 \u00eei reprezinte \u0219i s\u0103 duc\u0103 mai departe, zi de zi, valorile pe care se \u00eentemeiaz\u0103 solidaritatea dintre noi\u201d.<\/p>\n<h2 id=\"chapter-0\">Familia trece printr-o nou\u0103 tragedie<\/h2>\n<p class=\"isSelectedEnd\" id=\"p-6\">Decesul lui Virgil Miron reprezint\u0103 o nou\u0103 pierdere pentru familie, dup\u0103 moartea Alexandrei Ivanov, caz care a provocat o puternic\u0103 reac\u021bie public\u0103 la Boto\u0219ani \u0219i \u00een \u00eentreaga \u021bar\u0103.<\/p>\n<p class=\"isSelectedEnd\" id=\"p-7\">Alexandra avea 25 de ani c\u00e2nd <a href=\"https:\/\/www.mediafax.ro\/social\/botosani-rafila-conduce-ancheta-dupa-moartea-gravidei-de-26-de-ani-care-nu-a-fost-operata-la-timp-tanara-i-a-implorat-pe-medici-pana-in-ultima-clipa-22097986\" target=\"_blank\" rel=\"noopener\">a murit dup\u0103 ce fusese internat\u0103 la Maternitatea Boto\u0219ani<\/a>. Cazul s\u0103u a atras aten\u021bia public\u0103 asupra modului \u00een care t\u00e2n\u0103ra a fost \u00eengrijit\u0103 \u00een spital \u0219i a devenit ulterior subiectul unei anchete.<\/p>\n<p class=\"isSelectedEnd\" id=\"p-8\">Publica\u021bia boto\u0219\u0103nean\u0103 relateaz\u0103 c\u0103 dosarul deschis \u00een urma mor\u021bii Alexandrei nu ajunsese \u00een instan\u021b\u0103 la trei ani de la decesul tinerei.<\/p>\n<p id=\"p-9\">Familia, care a cerut de-a lungul timpului l\u0103murirea circumstan\u021belor \u00een care Alexandra \u0219i-a pierdut via\u021ba, se confrunt\u0103 astfel cu un nou moment de doliu.<\/p>\n","protected":false},"excerpt":{"rendered":"<p>Fiica acestuia, Ilinca, a publicat un mesaj \u00een care a vorbit despre rela\u021bia dintre tat\u0103 \u0219i copil \u0219i despre suferin\u021ba pe care p\u0103rin\u021bii o poart\u0103 uneori f\u0103r\u0103 s\u0103 o arate, &hellip; <a href=\"https:\/\/microscopemedia.com\/?p=711785\" class=\"more-link\">Read More<\/a><\/p>\n","protected":false},"author":1,"featured_media":711786,"comment_status":"closed","ping_status":"closed","sticky":false,"template":"Default","format":"standard","meta":[],"categories":[1],"tags":[],"_links":{"self":[{"href":"https:\/\/microscopemedia.com\/index.php?rest_route=\/wp\/v2\/posts\/711785"}],"collection":[{"href":"https:\/\/microscopemedia.com\/index.php?rest_route=\/wp\/v2\/posts"}],"about":[{"href":"https:\/\/microscopemedia.com\/index.php?rest_route=\/wp\/v2\/types\/post"}],"author":[{"embeddable":true,"href":"https:\/\/microscopemedia.com\/index.php?rest_route=\/wp\/v2\/users\/1"}],"replies":[{"embeddable":true,"href":"https:\/\/microscopemedia.com\/index.php?rest_route=%2Fwp%2Fv2%2Fcomments&post=711785"}],"version-history":[{"count":0,"href":"https:\/\/microscopemedia.com\/index.php?rest_route=\/wp\/v2\/posts\/711785\/revisions"}],"wp:featuredmedia":[{"embeddable":true,"href":"https:\/\/microscopemedia.com\/index.php?rest_route=\/wp\/v2\/media\/711786"}],"wp:attachment":[{"href":"https:\/\/microscopemedia.com\/index.php?rest_route=%2Fwp%2Fv2%2Fmedia&parent=711785"}],"wp:term":[{"taxonomy":"category","embeddable":true,"href":"https:\/\/microscopemedia.com\/index.php?rest_route=%2Fwp%2Fv2%2Fcategories&post=711785"},{"taxonomy":"post_tag","embeddable":true,"href":"https:\/\/microscopemedia.com\/index.php?rest_route=%2Fwp%2Fv2%2Ftags&post=711785"}],"curies":[{"name":"wp","href":"https:\/\/api.w.org\/{rel}","templated":true}]}}