{"id":711793,"date":"2026-09-05T16:27:03","date_gmt":"2026-09-05T16:27:03","guid":{"rendered":"https:\/\/microscopemedia.com\/?p=711793"},"modified":"2026-09-05T16:27:03","modified_gmt":"2026-09-05T16:27:03","slug":"mii-de-oameni-au-iesit-in-strada-in-germania-inaintea-unor-alegeri-in-care-afd-este-favorit-partidul-trece-de-40-in-sondaje","status":"publish","type":"post","link":"https:\/\/microscopemedia.com\/?p=711793","title":{"rendered":"Mii de oameni au ie\u0219it \u00een strad\u0103 \u00een Germania, \u00eenaintea unor alegeri \u00een care AfD este favorit. Partidul trece de 40% \u00een sondaje"},"content":{"rendered":"<div class=\"sgb-google-buttons\">\n<div class=\"display-flex justify-center google-logo\"><img decoding=\"async\" loading=\"lazy\" class=\"mg-x-auto\" width=\"30\" height=\"30\" src=\"https:\/\/microscopemedia.com\/wp-content\/uploads\/2026\/09\/mii-de-oameni-au-iesit-in-strada-in-germania-inaintea-unor-alegeri-in-care-afd-este-favorit-partidul-trece-de-40-in-sondaje.png\" alt><\/div>\n<\/p><\/div>\n<p class=\"isSelectedEnd\" id=\"p-0\">Manifesta\u021bia a fost organizat\u0103 de o coali\u021bie de organiza\u021bii civice sub sloganul \u201eSaxonia-Anhalt: deschis\u0103 c\u0103tre lume\u201d, participan\u021bii declar\u00e2ndu-se \u00een favoarea democra\u021biei, diversit\u0103\u021bii \u0219i incluziunii, transmite <a href=\"https:\/\/www.dw.com\/en\/germany-news-thousands-march-at-saxony-anhalt-rallies\/live-79041302?maca=en-rss-en-all-1573-rdf\" target=\"_blank\" rel=\"noopener\">Deutsche Welle<\/a>.<\/p>\n<p class=\"isSelectedEnd\" id=\"p-1\">Potrivit estim\u0103rilor poli\u021biei, aproximativ 6.000 de persoane au participat la mar\u0219ul dintre gara central\u0103 din Magdeburg \u0219i Pia\u021ba Catedralei, unde li s-au al\u0103turat al\u021bi circa 3.000 de oameni. Printre participan\u021bi s-au aflat reprezentan\u021bi ai sindicatelor, grupurilor religioase \u0219i organiza\u021biilor civice.<\/p>\n<p class=\"isSelectedEnd\" id=\"p-2\">Manifestan\u021bii au afi\u0219at mesaje precum \u201eMai mult\u0103 iubire, mai pu\u021bin\u0103 ur\u0103\u201d \u0219i \u201eO via\u021b\u0103 mai bun\u0103 f\u0103r\u0103 nazi\u0219ti\u201d. Un alt mesaj, \u00eentr-o not\u0103 ironic\u0103, amintea c\u0103 \u201e\u0219i cartoful este de origine str\u0103in\u0103\u201d.<\/p>\n<p class=\"isSelectedEnd\" id=\"p-3\">Mai multe ac\u021biuni au fost programate \u00een Magdeburg \u00eenaintea scrutinului, inclusiv un lan\u021b uman pentru democra\u021bie \u0219i un tur pe biciclete cu aceea\u0219i tematic\u0103.<\/p>\n<h2 id=\"chapter-0\">AfD dep\u0103\u0219e\u0219te 40% \u00een sondaje<\/h2>\n<p class=\"isSelectedEnd\" id=\"p-4\">Mobilizarea are loc \u00eentr-un moment politic important pentru Saxonia-Anhalt. Cele mai recente sondaje citate de Deutsche Welle plaseaz\u0103 AfD la peste 40% din inten\u021biile de vot, ceea ce ar putea transforma forma\u021biunea \u00een cel mai mare partid din parlamentul regional.<\/p>\n<p class=\"isSelectedEnd\" id=\"p-5\">AfD \u0219i-a programat, la r\u00e2ndul s\u0103u, ultimul eveniment electoral la Magdeburg.<\/p>\n<p class=\"isSelectedEnd\" id=\"p-6\">Chiar dac\u0103 ar ob\u021bine cele mai multe voturi, accesul partidului la guvernarea landului nu este garantat. Principalele forma\u021biuni politice au exclus formarea unei coali\u021bii cu AfD, iar partidul ar putea guverna singur doar dac\u0103 ar ob\u021bine majoritatea mandatelor.<\/p>\n<p class=\"isSelectedEnd\" id=\"p-7\">Filiala AfD din Saxonia-Anhalt a fost clasificat\u0103 de serviciul federal german de informa\u021bii interne drept organiza\u021bie extremist\u0103 de dreapta.<\/p>\n<h2 id=\"chapter-1\">Pre\u0219edintele Germaniei: \u201eNu po\u021bi construi un viitor pe ur\u0103\u201d<\/h2>\n<p class=\"isSelectedEnd\" id=\"p-8\">\u00cenaintea alegerilor, pre\u0219edintele german Frank-Walter Steinmeier a lansat un apel la ap\u0103rarea democra\u021biei \u0219i a statului de drept.<\/p>\n<p class=\"isSelectedEnd\" id=\"p-9\">F\u0103r\u0103 s\u0103 numeasc\u0103 explicit AfD, Steinmeier a criticat g\u00e2ndirea bazat\u0103 pe criterii etnice \u0219i izolarea na\u021bionalist\u0103, despre care a spus c\u0103 nu reprezint\u0103 r\u0103spunsuri la provoc\u0103rile secolului XXI.<\/p>\n<p class=\"isSelectedEnd\" id=\"p-10\">\u201eNu po\u021bi construi un viitor pe ur\u0103 \u0219i incitare\u201d, a avertizat pre\u0219edintele german, exprim\u00e2ndu-\u0219i convingerea c\u0103 sus\u021bin\u0103torii democra\u021biei reprezint\u0103 majoritatea societ\u0103\u021bii.<\/p>\n<p id=\"p-11\">Alegerile din Saxonia-Anhalt ar putea consemna o premier\u0103 politic\u0103 important\u0103 pentru Germania postbelic\u0103. Deutsche Welle noteaz\u0103 c\u0103 AfD ar putea deveni partidul cu cele mai multe voturi \u00eentr-un scrutin regional \u00een acest context, de\u0219i ob\u021binerea primului loc nu \u00eenseamn\u0103 automat c\u0103 forma\u021biunea va putea forma guvernul.<\/p>\n","protected":false},"excerpt":{"rendered":"<p>Manifesta\u021bia a fost organizat\u0103 de o coali\u021bie de organiza\u021bii civice sub sloganul \u201eSaxonia-Anhalt: deschis\u0103 c\u0103tre lume\u201d, participan\u021bii declar\u00e2ndu-se \u00een favoarea democra\u021biei, diversit\u0103\u021bii \u0219i incluziunii, transmite Deutsche Welle. Potrivit estim\u0103rilor poli\u021biei, &hellip; <a href=\"https:\/\/microscopemedia.com\/?p=711793\" class=\"more-link\">Read More<\/a><\/p>\n","protected":false},"author":1,"featured_media":711794,"comment_status":"closed","ping_status":"closed","sticky":false,"template":"Default","format":"standard","meta":[],"categories":[1],"tags":[],"_links":{"self":[{"href":"https:\/\/microscopemedia.com\/index.php?rest_route=\/wp\/v2\/posts\/711793"}],"collection":[{"href":"https:\/\/microscopemedia.com\/index.php?rest_route=\/wp\/v2\/posts"}],"about":[{"href":"https:\/\/microscopemedia.com\/index.php?rest_route=\/wp\/v2\/types\/post"}],"author":[{"embeddable":true,"href":"https:\/\/microscopemedia.com\/index.php?rest_route=\/wp\/v2\/users\/1"}],"replies":[{"embeddable":true,"href":"https:\/\/microscopemedia.com\/index.php?rest_route=%2Fwp%2Fv2%2Fcomments&post=711793"}],"version-history":[{"count":0,"href":"https:\/\/microscopemedia.com\/index.php?rest_route=\/wp\/v2\/posts\/711793\/revisions"}],"wp:featuredmedia":[{"embeddable":true,"href":"https:\/\/microscopemedia.com\/index.php?rest_route=\/wp\/v2\/media\/711794"}],"wp:attachment":[{"href":"https:\/\/microscopemedia.com\/index.php?rest_route=%2Fwp%2Fv2%2Fmedia&parent=711793"}],"wp:term":[{"taxonomy":"category","embeddable":true,"href":"https:\/\/microscopemedia.com\/index.php?rest_route=%2Fwp%2Fv2%2Fcategories&post=711793"},{"taxonomy":"post_tag","embeddable":true,"href":"https:\/\/microscopemedia.com\/index.php?rest_route=%2Fwp%2Fv2%2Ftags&post=711793"}],"curies":[{"name":"wp","href":"https:\/\/api.w.org\/{rel}","templated":true}]}}