{"id":711801,"date":"2026-09-05T17:37:03","date_gmt":"2026-09-05T17:37:03","guid":{"rendered":"https:\/\/microscopemedia.com\/?p=711801"},"modified":"2026-09-05T17:37:03","modified_gmt":"2026-09-05T17:37:03","slug":"norbert-maior-lider-in-raliul-iasului-dupa-primele-doua-zile","status":"publish","type":"post","link":"https:\/\/microscopemedia.com\/?p=711801","title":{"rendered":"Norbert Maior, lider \u00een Raliul Ia\u0219ului dup\u0103 primele dou\u0103 zile"},"content":{"rendered":"<div readability=\"40.018735362998\">\n<div class=\"sgb-google-buttons\">\n<div class=\"display-flex justify-center google-logo\"><img decoding=\"async\" loading=\"lazy\" class=\"mg-x-auto\" width=\"30\" height=\"30\" src=\"https:\/\/microscopemedia.com\/wp-content\/uploads\/2026\/09\/norbert-maior-lider-in-raliul-iasului-dupa-primele-doua-zile.png\" alt><\/div>\n<\/p><\/div>\n<p id=\"p-0\">Dup\u0103 ce a \u00eenceput cursa cu un handicap de 8,3 secunde \u00een urma superspecialei din centrul Ia\u0219ului, unde au fost prezen\u021bi mii de spectatori, Maior a c\u00e2\u0219tigat trei dintre cele patru probe speciale disputate s\u00e2mb\u0103t\u0103.<\/p>\n<p id=\"p-1\">Maior se afl\u0103 pentru prima dat\u0103 la start la bordul unei \u0160koda Fabia Rally2, iar copilotul s\u0103u la Ia\u0219i este Vlad Colceriu. Sora sa, Francesca Maior, cea care \u00een mod normal \u00eei st\u0103 \u00een dreapta, face echipaj \u00een acest weekend cu Simone Tempestini, la etapa Campionatului European de Raliuri din Marea Britanie.<\/p>\n<p id=\"p-2\">Cu un timp de 43:03,7 dup\u0103 primele cinci probe pe macadamul din Ia\u0219i, pilotul de la Napoca Rally Academy este urmat \u00een clasament de Andrei G\u00eertofan, la 14,7 secunde, \u00een timp ce podiumul este completat de Raul Badiu, aflat la 21,2 secunde de lider. \u00cen Top 5 se mai afl\u0103 Bogdan Mari\u0219ca \u0219i Adrian Teslovan.<\/p>\n<p id=\"p-3\"><em><strong>\u201ePe ultima prob\u0103, o r\u0103sucire \u00eentr-un viraj lent ne-a costat c\u00e2teva secunde \u0219i o parte din bara fa\u021b\u0103, \u00eens\u0103 termin\u0103m ziua \u00een continuare la conducerea raliului. Mai avem o singur\u0103 zi. R\u0103m\u00e2nem concentra\u021bi \u0219i mergem p\u00e2n\u0103 la cap\u0103t! Cu bar\u0103 sau f\u0103r\u0103 bar\u0103, ma\u0219ina are \u00een continuare modul de zbor activat\u201d<\/strong><\/em>, a declarat Maior.<\/p>\n<p id=\"p-4\">Un total de 51 de echipaje au luat startul \u00een a \u0219asea etap\u0103 a Campionatului Na\u021bional de Raliuri, organizat\u0103 sub egida Federa\u021biei Rom\u00e2ne de Automobilism Sportiv. Duminic\u0103 sunt programate ultimele \u0219ase probe speciale.<\/p>\n<\/p><\/div>\n","protected":false},"excerpt":{"rendered":"<p>Dup\u0103 ce a \u00eenceput cursa cu un handicap de 8,3 secunde \u00een urma superspecialei din centrul Ia\u0219ului, unde au fost prezen\u021bi mii de spectatori, Maior a c\u00e2\u0219tigat trei dintre cele &hellip; <a href=\"https:\/\/microscopemedia.com\/?p=711801\" class=\"more-link\">Read More<\/a><\/p>\n","protected":false},"author":1,"featured_media":711802,"comment_status":"closed","ping_status":"closed","sticky":false,"template":"Default","format":"standard","meta":[],"categories":[1],"tags":[],"_links":{"self":[{"href":"https:\/\/microscopemedia.com\/index.php?rest_route=\/wp\/v2\/posts\/711801"}],"collection":[{"href":"https:\/\/microscopemedia.com\/index.php?rest_route=\/wp\/v2\/posts"}],"about":[{"href":"https:\/\/microscopemedia.com\/index.php?rest_route=\/wp\/v2\/types\/post"}],"author":[{"embeddable":true,"href":"https:\/\/microscopemedia.com\/index.php?rest_route=\/wp\/v2\/users\/1"}],"replies":[{"embeddable":true,"href":"https:\/\/microscopemedia.com\/index.php?rest_route=%2Fwp%2Fv2%2Fcomments&post=711801"}],"version-history":[{"count":0,"href":"https:\/\/microscopemedia.com\/index.php?rest_route=\/wp\/v2\/posts\/711801\/revisions"}],"wp:featuredmedia":[{"embeddable":true,"href":"https:\/\/microscopemedia.com\/index.php?rest_route=\/wp\/v2\/media\/711802"}],"wp:attachment":[{"href":"https:\/\/microscopemedia.com\/index.php?rest_route=%2Fwp%2Fv2%2Fmedia&parent=711801"}],"wp:term":[{"taxonomy":"category","embeddable":true,"href":"https:\/\/microscopemedia.com\/index.php?rest_route=%2Fwp%2Fv2%2Fcategories&post=711801"},{"taxonomy":"post_tag","embeddable":true,"href":"https:\/\/microscopemedia.com\/index.php?rest_route=%2Fwp%2Fv2%2Ftags&post=711801"}],"curies":[{"name":"wp","href":"https:\/\/api.w.org\/{rel}","templated":true}]}}