{"id":711807,"date":"2026-09-05T18:26:03","date_gmt":"2026-09-05T18:26:03","guid":{"rendered":"https:\/\/microscopemedia.com\/?p=711807"},"modified":"2026-09-05T18:26:03","modified_gmt":"2026-09-05T18:26:03","slug":"incendiu-puternic-de-vegetatie-in-vaslui-au-ars-12-hectare-iar-sapte-locuinte-au-fost-salvate","status":"publish","type":"post","link":"https:\/\/microscopemedia.com\/?p=711807","title":{"rendered":"Incendiu puternic de vegeta\u021bie \u00een Vaslui. Au ars 12 hectare, iar \u0219apte locuin\u021be au fost salvate"},"content":{"rendered":"<div readability=\"23.807599029911\">\n<div class=\"sgb-google-buttons\">\n<div class=\"display-flex justify-center google-logo\"><img decoding=\"async\" loading=\"lazy\" class=\"mg-x-auto\" width=\"30\" height=\"30\" src=\"https:\/\/microscopemedia.com\/wp-content\/uploads\/2026\/09\/incendiu-puternic-de-vegetatie-in-vaslui-au-ars-12-hectare-iar-sapte-locuinte-au-fost-salvate.png\" alt><\/div>\n<\/p><\/div>\n<p id=\"p-0\">Incendiul a izbucnit \u00een jurul orei 13:00, \u00een localitatea M\u00e2nza\u021bi, comuna Ib\u0103ne\u0219ti, potrivit ISU Vaslui.<\/p>\n<p id=\"p-1\">La locul incendiului au intervenit pompierii Deta\u0219amentului B\u00e2rlad, cu trei autospeciale de stingere \u0219i 14 militari, al\u0103turi de for\u021be ale Serviciului Voluntar pentru Situa\u021bii de Urgen\u021b\u0103 Ib\u0103ne\u0219ti.<\/p>\n<div class=\"single__inline-gallery color-white mg-bottom-20 bg-black padding-5 md:rounded-10\">\n<div class=\"md:rounded-5 display-grid xs:grid-cols-2 grid-cols-3 gap-5\">\n<div class=\"single__inline-gallery-image relative column-span-2 row-span-2\">\n                <a href=\"https:\/\/www.mediafax.ro\/poze\/incendiu-puternic-de-vegetatie-in-vaslui-au-ars-12-hectare-iar-sapte-locuinte-au-fost-salvate-23802463\"><br \/>\n                    <img decoding=\"async\" loading=\"lazy\" src=\"https:\/\/microscopemedia.com\/wp-content\/uploads\/2026\/09\/incendiu-puternic-de-vegetatie-in-vaslui-au-ars-12-hectare-iar-sapte-locuinte-au-fost-salvate.jpg\" width=\"700\" height=\"450\"><br \/>\n                <\/a>\n                            <\/div>\n<div class=\"single__inline-gallery-image relative \">\n                <a href=\"https:\/\/www.mediafax.ro\/poze\/incendiu-puternic-de-vegetatie-in-vaslui-au-ars-12-hectare-iar-sapte-locuinte-au-fost-salvate-23802463\"><br \/>\n                    <img decoding=\"async\" loading=\"lazy\" src=\"https:\/\/microscopemedia.com\/wp-content\/uploads\/2026\/09\/incendiu-puternic-de-vegetatie-in-vaslui-au-ars-12-hectare-iar-sapte-locuinte-au-fost-salvate-1.jpg\" width=\"700\" height=\"450\"><br \/>\n                <\/a>\n                            <\/div>\n<\/p><\/div>\n<\/p><\/div>\n<p id=\"p-2\">\u00cen urma incendiului au ars aproximativ 12 hectare de vegeta\u021bie uscat\u0103 \u0219i m\u0103r\u0103cini\u0219. Prin interven\u021bia pompierilor \u0219i a voluntarilor, au fost salvate \u0219apte locuin\u021be, precum \u0219i un lan de floarea-soarelui.<\/p>\n<p id=\"p-3\">Cauza probabil\u0103 a incendiului a fost focul deschis \u00een spa\u021bii deschise.<\/p>\n<p id=\"p-4\">Pompierii le reamintesc cet\u0103\u021benilor c\u0103 arderea vegeta\u021biei uscate \u0219i a resturilor vegetale trebuie f\u0103cut\u0103 doar cu respectarea prevederilor legale \u0219i a m\u0103surilor de prevenire a incendiilor. Focul deschis l\u0103sat nesupravegheat poate favoriza propagarea rapid\u0103 a incendiilor, \u00een special \u00een perioadele cu v\u00e2nt sau vegeta\u021bie uscat\u0103.<\/p>\n<\/p><\/div>\n","protected":false},"excerpt":{"rendered":"<p>Incendiul a izbucnit \u00een jurul orei 13:00, \u00een localitatea M\u00e2nza\u021bi, comuna Ib\u0103ne\u0219ti, potrivit ISU Vaslui. La locul incendiului au intervenit pompierii Deta\u0219amentului B\u00e2rlad, cu trei autospeciale de stingere \u0219i 14 &hellip; <a href=\"https:\/\/microscopemedia.com\/?p=711807\" class=\"more-link\">Read More<\/a><\/p>\n","protected":false},"author":1,"featured_media":711808,"comment_status":"closed","ping_status":"closed","sticky":false,"template":"Default","format":"standard","meta":[],"categories":[1],"tags":[],"_links":{"self":[{"href":"https:\/\/microscopemedia.com\/index.php?rest_route=\/wp\/v2\/posts\/711807"}],"collection":[{"href":"https:\/\/microscopemedia.com\/index.php?rest_route=\/wp\/v2\/posts"}],"about":[{"href":"https:\/\/microscopemedia.com\/index.php?rest_route=\/wp\/v2\/types\/post"}],"author":[{"embeddable":true,"href":"https:\/\/microscopemedia.com\/index.php?rest_route=\/wp\/v2\/users\/1"}],"replies":[{"embeddable":true,"href":"https:\/\/microscopemedia.com\/index.php?rest_route=%2Fwp%2Fv2%2Fcomments&post=711807"}],"version-history":[{"count":0,"href":"https:\/\/microscopemedia.com\/index.php?rest_route=\/wp\/v2\/posts\/711807\/revisions"}],"wp:featuredmedia":[{"embeddable":true,"href":"https:\/\/microscopemedia.com\/index.php?rest_route=\/wp\/v2\/media\/711808"}],"wp:attachment":[{"href":"https:\/\/microscopemedia.com\/index.php?rest_route=%2Fwp%2Fv2%2Fmedia&parent=711807"}],"wp:term":[{"taxonomy":"category","embeddable":true,"href":"https:\/\/microscopemedia.com\/index.php?rest_route=%2Fwp%2Fv2%2Fcategories&post=711807"},{"taxonomy":"post_tag","embeddable":true,"href":"https:\/\/microscopemedia.com\/index.php?rest_route=%2Fwp%2Fv2%2Ftags&post=711807"}],"curies":[{"name":"wp","href":"https:\/\/api.w.org\/{rel}","templated":true}]}}