{"id":711833,"date":"2026-09-05T22:26:03","date_gmt":"2026-09-05T22:26:03","guid":{"rendered":"https:\/\/microscopemedia.com\/?p=711833"},"modified":"2026-09-05T22:26:03","modified_gmt":"2026-09-05T22:26:03","slug":"documentarul-despre-reuniunea-trupei-oasis-a-avut-premiera-la-festivalul-de-film-de-la-venetia","status":"publish","type":"post","link":"https:\/\/microscopemedia.com\/?p=711833","title":{"rendered":"Documentarul despre reuniunea trupei Oasis a avut premiera la Festivalul de Film de la Vene\u021bia"},"content":{"rendered":"<div readability=\"45.812185066422\">\n<div class=\"sgb-google-buttons\">\n<div class=\"display-flex justify-center google-logo\"><img decoding=\"async\" loading=\"lazy\" class=\"mg-x-auto\" width=\"30\" height=\"30\" src=\"https:\/\/microscopemedia.com\/wp-content\/uploads\/2026\/09\/documentarul-despre-reuniunea-trupei-oasis-a-avut-premiera-la-festivalul-de-film-de-la-venetia.png\" alt><\/div>\n<\/p><\/div>\n<p id=\"p-0\"><span dir=\"auto\">Fra\u021bii Gallagher<\/span><span dir=\"auto\"> au adus energia de vedet\u0103 rock la Festivalul de Film de la Vene\u021bia, s\u00e2mb\u0103t\u0103.<\/span><\/p>\n<p id=\"p-1\">\u00cen cadrul festivalului, documentarul despre turneul lor de reuniune a avut premiera mondial\u0103.<\/p>\n<h2 id=\"chapter-0\">Temele pe care le trateaz\u0103 documentarul<\/h2>\n<p id=\"p-2\">Potrivit <a href=\"https:\/\/newsroom.ap.org\/detail\/OasisreuniontourdocumentaryrocksVeniceFilmFestival\/381e6d313713961eb444ce0fed3aa4a2\/text?vs=false&amp;currentItemNo=0&amp;startingItemNo=0&amp;sourceLocation=Home%20Page\" target=\"_blank\" rel=\"noopener\">AP<\/a>, documentarul, intitulat \u201eOasis: Don\u2019t Look Back in Anger\u201d, este par\u021bial un film-concert \u0219i par\u021bial o explorare a rela\u021biei controversate dintre Noel \u0219i Liam Gallagher.<\/p>\n<p id=\"p-3\">Disputa lor de lung\u0103 durat\u0103 a dus la destr\u0103marea trupei Oasis \u00een 2009, \u00eentr-un mod spectaculos de teatral. Membrii trupei au mers pe drumuri separate dup\u0103 o alterca\u021bie \u00een culise, cu c\u00e2teva momente \u00eenainte ca ace\u0219tia s\u0103 urce pe scen\u0103 la Paris.<\/p>\n<p id=\"p-4\">Filmul analizeaz\u0103 fenomenul Oasis \u0219i personalit\u0103\u021bile sensibile din spatele hiturilor, majoritatea scrise de fratele mai mare al trupei Gallagher, Noel, de la \u201eWonderwall\u201d la \u201eLive Forever\u201d.<\/p>\n<p id=\"p-5\">Include repeti\u021bii nemaiv\u0103zute. precum \u0219i primul lor interviu comun \u00een 25 de ani.<\/p>\n<p id=\"p-6\">Steven Knight, creditat ca scenarist al documentarului, a spus c\u0103 el \u0219i Noel au vrut s\u0103 exploreze \u00eentrebarea de ce muzica a d\u0103inuit, nu doar cu fanii care au experimentat-o \u200b\u200b\u00een anii \u201990, ci \u0219i cu genera\u021bia urm\u0103toare. Fenomenul a culminat cu o cerere at\u00e2t de mare de bilete pentru turneul de reuniune, potrivit sursei citate.<\/p>\n<h2 id=\"chapter-1\">Camerele de filmat \u0219i prezen\u021ba echipei, aproape invizibile<\/h2>\n<p id=\"p-7\">Cinea\u0219tii au spus c\u0103 scopul lor a fost s\u0103 fac\u0103 prezen\u021ba lor \u0219i camerele invizibile pentru trup\u0103 \u00een timpul repeti\u021biilor. La concerte, au vrut ca publicul s\u0103 simt\u0103 c\u0103 este \u0219i el acolo. Filmul se concentreaz\u0103, de asemenea, asupra diver\u0219ilor fani din \u00eentreaga lume.<\/p>\n<p id=\"p-8\"><a href=\"https:\/\/www.mediafax.ro\/stirile-zilei\/a-fost-dezvaluit-primul-trailer-pentru-documentarul-despre-turneul-live-25-al-trupei-oasis-cand-va-fi-lansat-23768173\">\u201eOasis: Don\u2019t Look Back in Anger\u201d<\/a> va fi \u00een cinematografe la scurt timp dup\u0103 festival. Documentarul va fi disponibil \u00een format IMAX pe 11 septembrie, urm\u00e2nd s\u0103 fie lansat pe platformele de streaming spre sf\u00e2r\u0219itul acestui an.<\/p>\n<\/p><\/div>\n","protected":false},"excerpt":{"rendered":"<p>Fra\u021bii Gallagher au adus energia de vedet\u0103 rock la Festivalul de Film de la Vene\u021bia, s\u00e2mb\u0103t\u0103. \u00cen cadrul festivalului, documentarul despre turneul lor de reuniune a avut premiera mondial\u0103. Temele &hellip; <a href=\"https:\/\/microscopemedia.com\/?p=711833\" class=\"more-link\">Read More<\/a><\/p>\n","protected":false},"author":1,"featured_media":711834,"comment_status":"closed","ping_status":"closed","sticky":false,"template":"Default","format":"standard","meta":[],"categories":[1],"tags":[],"_links":{"self":[{"href":"https:\/\/microscopemedia.com\/index.php?rest_route=\/wp\/v2\/posts\/711833"}],"collection":[{"href":"https:\/\/microscopemedia.com\/index.php?rest_route=\/wp\/v2\/posts"}],"about":[{"href":"https:\/\/microscopemedia.com\/index.php?rest_route=\/wp\/v2\/types\/post"}],"author":[{"embeddable":true,"href":"https:\/\/microscopemedia.com\/index.php?rest_route=\/wp\/v2\/users\/1"}],"replies":[{"embeddable":true,"href":"https:\/\/microscopemedia.com\/index.php?rest_route=%2Fwp%2Fv2%2Fcomments&post=711833"}],"version-history":[{"count":0,"href":"https:\/\/microscopemedia.com\/index.php?rest_route=\/wp\/v2\/posts\/711833\/revisions"}],"wp:featuredmedia":[{"embeddable":true,"href":"https:\/\/microscopemedia.com\/index.php?rest_route=\/wp\/v2\/media\/711834"}],"wp:attachment":[{"href":"https:\/\/microscopemedia.com\/index.php?rest_route=%2Fwp%2Fv2%2Fmedia&parent=711833"}],"wp:term":[{"taxonomy":"category","embeddable":true,"href":"https:\/\/microscopemedia.com\/index.php?rest_route=%2Fwp%2Fv2%2Fcategories&post=711833"},{"taxonomy":"post_tag","embeddable":true,"href":"https:\/\/microscopemedia.com\/index.php?rest_route=%2Fwp%2Fv2%2Ftags&post=711833"}],"curies":[{"name":"wp","href":"https:\/\/api.w.org\/{rel}","templated":true}]}}