{"id":711837,"date":"2026-09-06T00:17:03","date_gmt":"2026-09-06T00:17:03","guid":{"rendered":"https:\/\/microscopemedia.com\/?p=711837"},"modified":"2026-09-06T00:17:03","modified_gmt":"2026-09-06T00:17:03","slug":"printul-william-va-participa-la-inmormantarea-regelui-harald-al-norvegiei","status":"publish","type":"post","link":"https:\/\/microscopemedia.com\/?p=711837","title":{"rendered":"Prin\u021bul William va participa la \u00eenmorm\u00e2ntarea regelui Harald al Norvegiei"},"content":{"rendered":"<div class=\"sgb-google-buttons\">\n<div class=\"display-flex justify-center google-logo\"><img decoding=\"async\" loading=\"lazy\" class=\"mg-x-auto\" width=\"30\" height=\"30\" src=\"https:\/\/microscopemedia.com\/wp-content\/uploads\/2026\/09\/printul-william-va-participa-la-inmormantarea-regelui-harald-al-norvegiei.png\" alt><\/div>\n<\/p><\/div>\n<p id=\"p-0\">L<span dir=\"auto\">a \u00eenmorm\u00e2ntare va participa, de asemenea, \u00een nume personal, Prin\u021besa Anne. Ea este na\u0219a <\/span><span dir=\"auto\">noului monarh al Norvegiei, regele Haakon al VIII-lea.<\/span><\/p>\n<p id=\"p-1\">Surse regale men\u021bionate de <a href=\"https:\/\/www.bbc.com\/news\/articles\/cp301rw6kvro\" target=\"_blank\" rel=\"noopener\">BBC<\/a> spun c\u0103 prezen\u021ba Prin\u021bului William, \u00een reprezentarea tat\u0103lui s\u0103u, Regele Charles, respect\u0103 conven\u021bia conform c\u0103reia monarhul nu merge de obicei la \u00eenmorm\u00e2ntarea altui \u0219ef de stat.<\/p>\n<h2 id=\"chapter-0\">Se a\u0219teapt\u0103 s\u0103 participe mul\u021bimi de oameni<\/h2>\n<p id=\"p-2\">Sunt a\u0219teptate mul\u021bimi mari de oameni la ceremonia de r\u0103mas bun de la Regele Harald. Aceasta va fi urmat\u0103 de o procesiune funerar\u0103 la Catedrala din Oslo.<\/p>\n<p id=\"p-3\">La \u00eenmorm\u00e2ntare, al\u0103turi de Prin\u021bul William, vor fi regina Sonja, v\u0103duv\u0103, membri ai familiei regale norvegiene, inclusiv noul rege Haakon al VIII-lea, \u0219i al\u021bi membri ai familiei regale europene.<\/p>\n<p class=\"Paragraph-styles__ParagraphStyled-sc-ffb5f5ba-0 fqhmpl\" id=\"p-4\"><span dir=\"auto\">Regele Haakon \u00ee\u0219i asum\u0103 rolul \u00eentr-o perioad\u0103 dificil\u0103. Familia regal\u0103 norvegian\u0103 se confrunt\u0103 cu scandaluri \u00een acest an.<\/span><\/p>\n<p class=\"Paragraph-styles__ParagraphStyled-sc-ffb5f5ba-0 fqhmpl\" id=\"p-5\"><span dir=\"auto\">Regina Mette-Marit, a intrat \u00een aten\u021bia publicului c\u00e2nd s-a dezv\u0103luit c\u0103 a men\u021binut o prietenie de trei ani cu infractorul sexual Jeffrey Epstein, pentru care \u0219i-a cerut public scuze.<\/span><\/p>\n<h2 id=\"chapter-1\">Fiul cel mare al reginei, condamnat la patru ani de \u00eenchisoare<\/h2>\n<p id=\"p-6\">Fiul ei dintr-o rela\u021bie anterioar\u0103, <a href=\"https:\/\/www.mediafax.ro\/stirile-zilei\/fiul-cel-mare-al-printesei-mostenitoare-a-norvegiei-condamnat-la-4-ani-de-inchisoare-pentru-viol-23755452\">Marius Borg H\u00f8iby<\/a>, a fost condamnat \u00een iunie pentru viol \u0219i alte infrac\u021biuni \u0219i condamnat la patru ani de \u00eenchisoare.<\/p>\n<p id=\"p-7\">Slujba va fi urmat\u0103 de o \u00eenmorm\u00e2ntare privat\u0103 \u00een mausoleul regal al Norvegiei din Fort\u0103rea\u021ba Akershus, potrivit sursei citate.<\/p>\n<p id=\"p-8\"><span dir=\"auto\">\u00cen timp ce Prin\u021bul William va fi \u00een Norvegia, Regele Charles s-a \u00eentors \u00een Sco\u021bia, dup\u0103 ce&nbsp;<\/span><span dir=\"auto\">s-a \u00eent\u00e2lnit s\u0103pt\u0103m\u00e2na aceasta cu pre\u0219edintele Macron al Fran\u021bei la expozi\u021bia Tapiseria Bayeux<\/span><span dir=\"auto\">&nbsp;de la Londra.<\/span><\/p>\n<p id=\"p-9\">Regele \u00eel va g\u0103zdui pe Andy Burnham la Balmoral \u00een acest weekend, \u00een cadrul tradi\u021bionalei vizite anuale a prim-ministrului de a sta la monarh.<\/p>\n","protected":false},"excerpt":{"rendered":"<p>La \u00eenmorm\u00e2ntare va participa, de asemenea, \u00een nume personal, Prin\u021besa Anne. Ea este na\u0219a noului monarh al Norvegiei, regele Haakon al VIII-lea. Surse regale men\u021bionate de BBC spun c\u0103 prezen\u021ba &hellip; <a href=\"https:\/\/microscopemedia.com\/?p=711837\" class=\"more-link\">Read More<\/a><\/p>\n","protected":false},"author":1,"featured_media":711838,"comment_status":"closed","ping_status":"closed","sticky":false,"template":"Default","format":"standard","meta":[],"categories":[1],"tags":[],"_links":{"self":[{"href":"https:\/\/microscopemedia.com\/index.php?rest_route=\/wp\/v2\/posts\/711837"}],"collection":[{"href":"https:\/\/microscopemedia.com\/index.php?rest_route=\/wp\/v2\/posts"}],"about":[{"href":"https:\/\/microscopemedia.com\/index.php?rest_route=\/wp\/v2\/types\/post"}],"author":[{"embeddable":true,"href":"https:\/\/microscopemedia.com\/index.php?rest_route=\/wp\/v2\/users\/1"}],"replies":[{"embeddable":true,"href":"https:\/\/microscopemedia.com\/index.php?rest_route=%2Fwp%2Fv2%2Fcomments&post=711837"}],"version-history":[{"count":0,"href":"https:\/\/microscopemedia.com\/index.php?rest_route=\/wp\/v2\/posts\/711837\/revisions"}],"wp:featuredmedia":[{"embeddable":true,"href":"https:\/\/microscopemedia.com\/index.php?rest_route=\/wp\/v2\/media\/711838"}],"wp:attachment":[{"href":"https:\/\/microscopemedia.com\/index.php?rest_route=%2Fwp%2Fv2%2Fmedia&parent=711837"}],"wp:term":[{"taxonomy":"category","embeddable":true,"href":"https:\/\/microscopemedia.com\/index.php?rest_route=%2Fwp%2Fv2%2Fcategories&post=711837"},{"taxonomy":"post_tag","embeddable":true,"href":"https:\/\/microscopemedia.com\/index.php?rest_route=%2Fwp%2Fv2%2Ftags&post=711837"}],"curies":[{"name":"wp","href":"https:\/\/api.w.org\/{rel}","templated":true}]}}