{"id":711843,"date":"2026-09-06T02:36:03","date_gmt":"2026-09-06T02:36:03","guid":{"rendered":"https:\/\/microscopemedia.com\/?p=711843"},"modified":"2026-09-06T02:36:03","modified_gmt":"2026-09-06T02:36:03","slug":"foto-emisarii-americani-s-au-intalnit-cu-putin-la-moscova-casa-alba-declara-ca-s-au-discutat-planuri-substantiale","status":"publish","type":"post","link":"https:\/\/microscopemedia.com\/?p=711843","title":{"rendered":"FOTO | Emisarii americani s-au \u00eent\u00e2lnit cu Putin la Moscova. Casa Alb\u0103 declar\u0103 c\u0103 s-au discutat \u201eplanuri substan\u021biale\u201d"},"content":{"rendered":"<div class=\"sgb-google-buttons\">\n<div class=\"display-flex justify-center google-logo\"><img decoding=\"async\" loading=\"lazy\" class=\"mg-x-auto\" width=\"30\" height=\"30\" src=\"https:\/\/microscopemedia.com\/wp-content\/uploads\/2026\/09\/foto-emisarii-americani-s-au-intalnit-cu-putin-la-moscova-casa-alba-declara-ca-s-au-discutat-planuri-substantiale.png\" alt><\/div>\n<\/p><\/div>\n<h2 id=\"chapter-0\">UPDATE: Casa Alb\u0103 afirm\u0103 c\u0103 reprezentan\u021bii au purtat \u201ediscu\u021bii substan\u021biale\u201d<\/h2>\n<p id=\"p-0\">Casa Alb\u0103 <span dir=\"auto\">a declarat c\u0103 emisarii pre\u0219edintelui Donald Trump au discutat \u201e<\/span><span dir=\"auto\">planuri substan\u021biale&nbsp;<\/span><span dir=\"auto\">pentru urm\u0103torii pa\u0219i\u201d. Potrivit <a href=\"https:\/\/www.lefigaro.fr\/international\/ukraine-les-americains-ont-presente-un-certain-nombre-d-idees-a-poutine-pour-mettre-fin-a-la-guerre-20260906\" target=\"_blank\" rel=\"noopener\">AFP<\/a>, ace\u0219tia \u201evor fi anun\u021ba\u021bi \u00een s\u0103pt\u0103m\u00e2nile urm\u0103toare, \u0219i a\u0219teapt\u0103 cu ner\u0103bdare s\u0103 organizeze \u00eent\u00e2lniri la fel de productive m\u00e2ine \u00een Ucraina<\/span><span dir=\"auto\">\u201d.<\/span><\/p>\n<div class=\"single__inline-gallery color-white mg-bottom-20 bg-black padding-5 md:rounded-10\">\n<div class=\"md:rounded-5 display-grid xs:grid-cols-2 grid-cols-3 gap-5\">\n<div class=\"single__inline-gallery-image relative column-span-2 row-span-2\">\n                <a href=\"https:\/\/www.mediafax.ro\/poze\/foto-emisarii-americani-s-au-intalnit-cu-putin-la-moscova-liderul-rus-spune-ca-situatia-actuala-nu-este-atat-de-usoara-23802526\"><br \/>\n                    <img decoding=\"async\" loading=\"lazy\" src=\"https:\/\/microscopemedia.com\/wp-content\/uploads\/2026\/09\/foto-emisarii-americani-s-au-intalnit-cu-putin-la-moscova-casa-alba-declara-ca-s-au-discutat-planuri-substantiale.jpg\" width=\"700\" height=\"450\"><br \/>\n                <\/a>\n                            <\/div>\n<div class=\"single__inline-gallery-image relative \">\n                <a href=\"https:\/\/www.mediafax.ro\/poze\/foto-emisarii-americani-s-au-intalnit-cu-putin-la-moscova-liderul-rus-spune-ca-situatia-actuala-nu-este-atat-de-usoara-23802526\"><br \/>\n                    <img decoding=\"async\" loading=\"lazy\" src=\"https:\/\/microscopemedia.com\/wp-content\/uploads\/2026\/09\/foto-emisarii-americani-s-au-intalnit-cu-putin-la-moscova-casa-alba-declara-ca-s-au-discutat-planuri-substantiale-1.jpg\" width=\"700\" height=\"450\"><br \/>\n                <\/a>\n                            <\/div>\n<\/p><\/div>\n<\/p><\/div>\n<h2 id=\"chapter-1\">\u0218tire ini\u021bial\u0103:<\/h2>\n<p id=\"p-1\">Imagini publicate de Kremlin i-au ar\u0103tat pe Steve Witkoff \u0219i Jared Kushner \u00eent\u00e2mpina\u021bi de Putin. Liderul de la Kremlin a spus c\u0103 situa\u021bia actual\u0103 \u201enu este at\u00e2t de u\u0219oar\u0103\u201d.<\/p>\n<h2 id=\"chapter-2\">Emisarii urmeaz\u0103 s\u0103 mearg\u0103 la Kiev<\/h2>\n<p id=\"p-2\">Potrivit <a href=\"https:\/\/www.bbc.com\/news\/articles\/cx2zqp46g8eo\" target=\"_blank\" rel=\"noopener\">BBC<\/a>, Witkoff i-a mul\u021bumit lui Putin pentru c\u0103 a fost de acord cu Ucraina s\u0103 opreasc\u0103 atacurile asupra capitalelor celorlal\u021bi timp de trei zile. Duminic\u0103, cei doi trimi\u0219i vor c\u0103l\u0103tori la Kiev pentru mai multe discu\u021bii. Aceasta este prima lor vizit\u0103 de acest gen \u00een capitala Ucrainei.<\/p>\n<p id=\"p-3\">Vineri, Trump a declarat c\u0103 Witkoff \u0219i Kushner \u201eaduc cu ei o propunere de a pune cap\u0103t r\u0103zboiului\u201d. P\u00e2n\u0103 acum, eforturile SUA \u0219i ale alia\u021bilor s\u0103i de a negocia un acord de pace au e\u0219uat.<\/p>\n<p id=\"p-4\">Putin a mai spus c\u0103 \u201eindiferent ce se \u00eent\u00e2mpl\u0103, astfel de contacte sunt, f\u0103r\u0103 \u00eendoial\u0103, \u00eentotdeauna utile\u201d. De asemenea, i-a mul\u021bumit lui Trump pentru eforturile sale de pacificare.<\/p>\n<h2 id=\"chapter-3\">Putin: \u201eExist\u0103 un nivel destul de ridicat de \u00eencredere\u201d<\/h2>\n<p id=\"p-5\">Liderul rus a afirmat c\u0103&nbsp;se simte \u201econfortabil\u201d lucr\u00e2nd cu ei, ad\u0103ug\u00e2nd: \u201eDesigur, din partea noastr\u0103 exist\u0103 un nivel destul de ridicat de \u00eencredere \u00een timpul acestei activit\u0103\u021bi\u201d.<\/p>\n<p id=\"p-6\">Discu\u021biile, desf\u0103\u0219urate cu u\u0219ile \u00eenchise \u00een re\u0219edin\u021ba oficial\u0103 a lui Putin din inima capitalei Rusiei, au durat trei ore, potrivit presei de stat ruse.<\/p>\n<p id=\"p-7\">Consilierul lui Putin, Iuri U\u0219akov, a descris discu\u021biile ca fiind \u201econstructive, extrem de sincere\u201d.<\/p>\n<h2 id=\"chapter-4\">Ce teme au fost abordate<\/h2>\n<p id=\"p-8\">\u201eDiscu\u021biile nu s-au limitat la un schimb de opinii privind rezolvarea crizei ucrainene. Au fost discutate \u00een detaliu aspecte economice \u0219i poten\u021biale proiecte majore, reciproc avantajoase, ruso-americane\u201d, a spus el.<\/p>\n<p id=\"p-9\">U\u0219akov a mai spus c\u0103 \u201es-a luat act de progresele tangibile ale armatei ruse \u00een zona de lupt\u0103\u201d \u0219i c\u0103 s-a recunoscut faptul c\u0103 discu\u021biile trebuie s\u0103 abordeze \u201ecauzele profunde ale conflictului\u201d.<\/p>\n","protected":false},"excerpt":{"rendered":"<p>UPDATE: Casa Alb\u0103 afirm\u0103 c\u0103 reprezentan\u021bii au purtat \u201ediscu\u021bii substan\u021biale\u201d Casa Alb\u0103 a declarat c\u0103 emisarii pre\u0219edintelui Donald Trump au discutat \u201eplanuri substan\u021biale&nbsp;pentru urm\u0103torii pa\u0219i\u201d. Potrivit AFP, ace\u0219tia \u201evor fi &hellip; <a href=\"https:\/\/microscopemedia.com\/?p=711843\" class=\"more-link\">Read More<\/a><\/p>\n","protected":false},"author":1,"featured_media":711844,"comment_status":"closed","ping_status":"closed","sticky":false,"template":"Default","format":"standard","meta":[],"categories":[1],"tags":[],"_links":{"self":[{"href":"https:\/\/microscopemedia.com\/index.php?rest_route=\/wp\/v2\/posts\/711843"}],"collection":[{"href":"https:\/\/microscopemedia.com\/index.php?rest_route=\/wp\/v2\/posts"}],"about":[{"href":"https:\/\/microscopemedia.com\/index.php?rest_route=\/wp\/v2\/types\/post"}],"author":[{"embeddable":true,"href":"https:\/\/microscopemedia.com\/index.php?rest_route=\/wp\/v2\/users\/1"}],"replies":[{"embeddable":true,"href":"https:\/\/microscopemedia.com\/index.php?rest_route=%2Fwp%2Fv2%2Fcomments&post=711843"}],"version-history":[{"count":0,"href":"https:\/\/microscopemedia.com\/index.php?rest_route=\/wp\/v2\/posts\/711843\/revisions"}],"wp:featuredmedia":[{"embeddable":true,"href":"https:\/\/microscopemedia.com\/index.php?rest_route=\/wp\/v2\/media\/711844"}],"wp:attachment":[{"href":"https:\/\/microscopemedia.com\/index.php?rest_route=%2Fwp%2Fv2%2Fmedia&parent=711843"}],"wp:term":[{"taxonomy":"category","embeddable":true,"href":"https:\/\/microscopemedia.com\/index.php?rest_route=%2Fwp%2Fv2%2Fcategories&post=711843"},{"taxonomy":"post_tag","embeddable":true,"href":"https:\/\/microscopemedia.com\/index.php?rest_route=%2Fwp%2Fv2%2Ftags&post=711843"}],"curies":[{"name":"wp","href":"https:\/\/api.w.org\/{rel}","templated":true}]}}