{"id":711853,"date":"2026-09-06T04:37:03","date_gmt":"2026-09-06T04:37:03","guid":{"rendered":"https:\/\/microscopemedia.com\/?p=711853"},"modified":"2026-09-06T04:37:03","modified_gmt":"2026-09-06T04:37:03","slug":"alerta-aeriana-in-nordul-judetului-tulcea-dupa-detectarea-unor-tinte-aproape-de-frontiera-cu-ucraina","status":"publish","type":"post","link":"https:\/\/microscopemedia.com\/?p=711853","title":{"rendered":"Alert\u0103 aerian\u0103 \u00een nordul jude\u021bului Tulcea, dup\u0103 detectarea unor \u021binte aproape de frontiera cu Ucraina"},"content":{"rendered":"<div readability=\"13.985477178423\">\n<div class=\"sgb-google-buttons\">\n<div class=\"display-flex justify-center google-logo\"><img decoding=\"async\" loading=\"lazy\" class=\"mg-x-auto\" width=\"30\" height=\"30\" src=\"https:\/\/microscopemedia.com\/wp-content\/uploads\/2026\/09\/alerta-aeriana-in-nordul-judetului-tulcea-dupa-detectarea-unor-tinte-aproape-de-frontiera-cu-ucraina.png\" alt><\/div>\n<\/p><\/div>\n<p id=\"p-0\">Sistemele de ap\u0103rare antiaerian\u0103 au fost trecute \u00een stare de alert\u0103, iar dou\u0103 aeronave F-18 ale For\u021belor Aeriene \u0219i Spa\u021biale Spaniole \u0219i un elicopter IAR 330 Puma SOCAT al For\u021belor Aeriene Rom\u00e2ne au fost preg\u0103tite pentru decolare.<\/p>\n<p id=\"p-1\">Centrul Na\u021bional Militar de Comand\u0103 a notificat Inspectoratul General pentru Situa\u021bii de Urgen\u021b\u0103 cu privire la instituirea m\u0103surilor de alertare a popula\u021biei din nordul jude\u021bului Tulcea.<\/p>\n<p id=\"p-2\">Un mesaj RO-Alert a fost transmis la ora 00:10.<\/p>\n<p id=\"p-3\">Potrivit Ministerului Ap\u0103r\u0103rii Na\u021bionale, nu au fost raportate p\u0103trunderi \u00een spa\u021biul aerian na\u021bional.<\/p>\n<p id=\"p-4\">Alerta aerian\u0103 a \u00eencetat la ora 00:42.<\/p>\n<p id=\"p-5\">&nbsp;<\/p>\n<\/p><\/div>\n","protected":false},"excerpt":{"rendered":"<p>Sistemele de ap\u0103rare antiaerian\u0103 au fost trecute \u00een stare de alert\u0103, iar dou\u0103 aeronave F-18 ale For\u021belor Aeriene \u0219i Spa\u021biale Spaniole \u0219i un elicopter IAR 330 Puma SOCAT al For\u021belor &hellip; <a href=\"https:\/\/microscopemedia.com\/?p=711853\" class=\"more-link\">Read More<\/a><\/p>\n","protected":false},"author":1,"featured_media":711854,"comment_status":"closed","ping_status":"closed","sticky":false,"template":"Default","format":"standard","meta":[],"categories":[1],"tags":[],"_links":{"self":[{"href":"https:\/\/microscopemedia.com\/index.php?rest_route=\/wp\/v2\/posts\/711853"}],"collection":[{"href":"https:\/\/microscopemedia.com\/index.php?rest_route=\/wp\/v2\/posts"}],"about":[{"href":"https:\/\/microscopemedia.com\/index.php?rest_route=\/wp\/v2\/types\/post"}],"author":[{"embeddable":true,"href":"https:\/\/microscopemedia.com\/index.php?rest_route=\/wp\/v2\/users\/1"}],"replies":[{"embeddable":true,"href":"https:\/\/microscopemedia.com\/index.php?rest_route=%2Fwp%2Fv2%2Fcomments&post=711853"}],"version-history":[{"count":0,"href":"https:\/\/microscopemedia.com\/index.php?rest_route=\/wp\/v2\/posts\/711853\/revisions"}],"wp:featuredmedia":[{"embeddable":true,"href":"https:\/\/microscopemedia.com\/index.php?rest_route=\/wp\/v2\/media\/711854"}],"wp:attachment":[{"href":"https:\/\/microscopemedia.com\/index.php?rest_route=%2Fwp%2Fv2%2Fmedia&parent=711853"}],"wp:term":[{"taxonomy":"category","embeddable":true,"href":"https:\/\/microscopemedia.com\/index.php?rest_route=%2Fwp%2Fv2%2Fcategories&post=711853"},{"taxonomy":"post_tag","embeddable":true,"href":"https:\/\/microscopemedia.com\/index.php?rest_route=%2Fwp%2Fv2%2Ftags&post=711853"}],"curies":[{"name":"wp","href":"https:\/\/api.w.org\/{rel}","templated":true}]}}