{"id":711859,"date":"2026-09-06T05:17:04","date_gmt":"2026-09-06T05:17:04","guid":{"rendered":"https:\/\/microscopemedia.com\/?p=711859"},"modified":"2026-09-06T05:17:04","modified_gmt":"2026-09-06T05:17:04","slug":"din-7-septembrie-incepe-noul-an-scolar-2026-2027-calendarul-complet-al-cursurilor-si-vacantelor","status":"publish","type":"post","link":"https:\/\/microscopemedia.com\/?p=711859","title":{"rendered":"Din 7 septembrie \u00eencepe noul an \u0219colar 2026-2027. Calendarul complet al cursurilor \u0219i vacan\u021belor"},"content":{"rendered":"<div class=\"sgb-google-buttons\">\n<div class=\"display-flex justify-center google-logo\"><img decoding=\"async\" loading=\"lazy\" class=\"mg-x-auto\" width=\"30\" height=\"30\" src=\"https:\/\/microscopemedia.com\/wp-content\/uploads\/2026\/09\/din-7-septembrie-incepe-noul-an-scolar-2026-2027-calendarul-complet-al-cursurilor-si-vacantelor.png\" alt><\/div>\n<\/p><\/div>\n<p id=\"p-0\">Anul \u0219colar 2026\u20132027 \u00eencepe administrativ la 1 septembrie 2026 \u0219i se \u00eencheie la 31 august 2027, potrivit ordinului aprobat de Ministerul Educa\u021biei \u0219i publicat \u00een Monitorul Oficial.<\/p>\n<p id=\"p-1\">Totu\u0219i, elevii se \u00eentorc la cursuri luni, 7 septembrie 2026. Ultima zi de \u0219coal\u0103 este vineri, 18 iunie 2027, \u00eens\u0103 elevii din clasele terminale vor \u00eencheia cursurile mai devreme, \u00een vederea preg\u0103tirilor pentru Evaluarea Na\u021bional\u0103 \u0219i pentru Bacalaureat.<\/p>\n<h2 id=\"chapter-0\">36 de s\u0103pt\u0103m\u00e2ni de cursuri \u0219i cinci module<\/h2>\n<p id=\"p-2\"><strong>Primul modul<\/strong> se desf\u0103\u0219oar\u0103&nbsp;de luni, 7 septembrie 2026, p\u00e2n\u0103 vineri, 23 octombrie 2026.<\/p>\n<p id=\"p-3\">Urmeaz\u0103 vacan\u021ba de toamn\u0103, de s\u00e2mb\u0103t\u0103, 24 octombrie, p\u00e2n\u0103 duminic\u0103, 1 noiembrie 2026. Elevii revin la \u0219coal\u0103 luni, 2 noiembrie.<\/p>\n<p id=\"p-4\"><strong>Al doilea modul<\/strong> \u00eencepe luni, 2 noiembrie 2026, \u0219i se \u00eencheie mar\u021bi, 22 decembrie 2026.<\/p>\n<p id=\"p-5\">Vacan\u021ba de iarn\u0103 \u00eencepe miercuri, 23 decembrie 2026, \u0219i se termin\u0103 duminic\u0103, 10 ianuarie 2027. Cursurile sunt reluate luni, 11 ianuarie.<\/p>\n<p id=\"p-6\"><strong>Al treilea modul<\/strong> \u00eencepe luni, 11 ianuarie 2027, iar data \u00eencheierii acestuia difer\u0103 de la un jude\u021b la altul, deoarece fiecare inspectorat \u0219colar stabile\u0219te perioada vacan\u021bei mobile, cunoscut\u0103 \u0219i drept \u201evacan\u021ba de schi\u201d.<\/p>\n<p id=\"p-7\">Astfel, data de \u00eencheiere a celui de-al treilea modul poate fi: vineri, 12 februarie 2027; vineri, 19 februarie 2027 sau vineri, 26 februarie 2027.<\/p>\n<p id=\"p-8\">Elevii vor avea o s\u0103pt\u0103m\u00e2n\u0103 de vacan\u021b\u0103 \u00een intervalul 15 februarie\u20137 martie 2027. \u00cen func\u021bie de data la care se va lua aceast\u0103 vacan\u021b\u0103, <strong>cel de-al patrulea modul<\/strong> va \u00eencepe luni, 22 februarie, 1 martie <strong>sau<\/strong> 8 martie \u0219i se va \u00eencheia vineri, 23 aprilie 2027.<\/p>\n<p id=\"p-9\">Vacan\u021ba de prim\u0103var\u0103 \u00eencepe s\u00e2mb\u0103t\u0103, 24 aprilie, \u0219i se termin\u0103 mar\u021bi, 4 mai 2027. Elevii se \u00eentorc la cursuri miercuri, 5 mai.<\/p>\n<p id=\"p-10\">Ultimul modul va \u00eencepe miercuri, 5 mai 2027, \u0219i se termin\u0103 vineri, 18 iunie 2027.<\/p>\n<p id=\"p-11\"><strong>Vacan\u021ba de var\u0103<\/strong>&nbsp;\u00eencepe s\u00e2mb\u0103t\u0103, 19 iunie 2027, \u0219i dureaz\u0103 p\u00e2n\u0103 duminic\u0103, 5 septembrie 2027.<\/p>\n<h2 id=\"chapter-1\">Elevii din anii terminali vor \u00eencheia cursurile mai devreme<\/h2>\n<p id=\"p-12\">Pentru elevii din anii terminali, cursurile se \u00eencheie mai devreme, \u00een timp ce al\u021bii vor termina mai t\u00e2rziu:<\/p>\n<ul>\n<li>clasele a XII-a de zi \u0219i a XIII-a seral sau cu frecven\u021b\u0103 redus\u0103 termin\u0103 pe 4 iunie 2027;<\/li>\n<li>elevii claselor a VIII-a termin\u0103 pe 11 iunie 2027;<\/li>\n<li>majoritatea elevilor termin\u0103 pe 18 iunie 2027;<\/li>\n<li>clasele din \u00eenv\u0103\u021b\u0103m\u00e2ntul liceal tehnologic, cu excep\u021biile stabilite prin ordin, \u0219i elevii din \u00eenv\u0103\u021b\u0103m\u00e2ntul profesional termin\u0103 pe 25 iunie 2027;<\/li>\n<\/ul>\n<h2 id=\"chapter-2\">Zile libere \u00een anul \u0219colar 2026-2027. C\u00e2nd nu se fac cursuri<\/h2>\n<p id=\"p-13\">\u00cen anul \u0219colar 2026-207, elevii \u0219i profesorii vor avea zile libere.<\/p>\n<p id=\"p-14\">Pe 5 octombrie 2026, de Ziua interna\u021bional\u0103 a educa\u021biei, nu vor fi organizate cursuri.<\/p>\n<p id=\"p-15\">De asemenea, elevii \u0219i profesorii nu merg la \u0219coal\u0103 \u00een zilele de s\u0103rb\u0103toare legal\u0103 \u0219i \u00een celelalte zile nelucr\u0103toare prev\u0103zute de lege. Acestea sunt:<\/p>\n<ul>\n<li>luni, 30 noiembrie 2026 \u2013 Sf\u00e2ntul Andrei \u0219i mar\u021bi, 1 decembrie \u2013 Ziua Na\u021bional\u0103 a Rom\u00e2niei; \u00eempreun\u0103 cu weekendul din 28-29 noiembrie rezult\u0103 patru zile consecutive f\u0103r\u0103 cursuri;<\/li>\n<li>mar\u021bi, 1 iunie 2027 \u2013 Ziua Copilului, s\u0103rb\u0103toare legal\u0103 \u00een care nu se lucreaz\u0103.<\/li>\n<\/ul>\n<p id=\"p-16\">Alte s\u0103rb\u0103tori legale cad \u00een 2026-2027 chiar \u00een timpul vacan\u021belor elevilor.<\/p>\n","protected":false},"excerpt":{"rendered":"<p>Anul \u0219colar 2026\u20132027 \u00eencepe administrativ la 1 septembrie 2026 \u0219i se \u00eencheie la 31 august 2027, potrivit ordinului aprobat de Ministerul Educa\u021biei \u0219i publicat \u00een Monitorul Oficial. Totu\u0219i, elevii se &hellip; <a href=\"https:\/\/microscopemedia.com\/?p=711859\" class=\"more-link\">Read More<\/a><\/p>\n","protected":false},"author":1,"featured_media":711860,"comment_status":"closed","ping_status":"closed","sticky":false,"template":"Default","format":"standard","meta":[],"categories":[1],"tags":[],"_links":{"self":[{"href":"https:\/\/microscopemedia.com\/index.php?rest_route=\/wp\/v2\/posts\/711859"}],"collection":[{"href":"https:\/\/microscopemedia.com\/index.php?rest_route=\/wp\/v2\/posts"}],"about":[{"href":"https:\/\/microscopemedia.com\/index.php?rest_route=\/wp\/v2\/types\/post"}],"author":[{"embeddable":true,"href":"https:\/\/microscopemedia.com\/index.php?rest_route=\/wp\/v2\/users\/1"}],"replies":[{"embeddable":true,"href":"https:\/\/microscopemedia.com\/index.php?rest_route=%2Fwp%2Fv2%2Fcomments&post=711859"}],"version-history":[{"count":0,"href":"https:\/\/microscopemedia.com\/index.php?rest_route=\/wp\/v2\/posts\/711859\/revisions"}],"wp:featuredmedia":[{"embeddable":true,"href":"https:\/\/microscopemedia.com\/index.php?rest_route=\/wp\/v2\/media\/711860"}],"wp:attachment":[{"href":"https:\/\/microscopemedia.com\/index.php?rest_route=%2Fwp%2Fv2%2Fmedia&parent=711859"}],"wp:term":[{"taxonomy":"category","embeddable":true,"href":"https:\/\/microscopemedia.com\/index.php?rest_route=%2Fwp%2Fv2%2Fcategories&post=711859"},{"taxonomy":"post_tag","embeddable":true,"href":"https:\/\/microscopemedia.com\/index.php?rest_route=%2Fwp%2Fv2%2Ftags&post=711859"}],"curies":[{"name":"wp","href":"https:\/\/api.w.org\/{rel}","templated":true}]}}