{"id":711863,"date":"2026-09-06T05:47:03","date_gmt":"2026-09-06T05:47:03","guid":{"rendered":"https:\/\/microscopemedia.com\/?p=711863"},"modified":"2026-09-06T05:47:03","modified_gmt":"2026-09-06T05:47:03","slug":"video-petrisor-peiu-presedintele-nu-isi-intelege-rostul-atributiile-constitutionale-si-este-dispus-sa-treaca-peste-orice-regula-democratica","status":"publish","type":"post","link":"https:\/\/microscopemedia.com\/?p=711863","title":{"rendered":"VIDEO | Petri\u0219or Peiu: Pre\u0219edintele nu \u00ee\u0219i \u00een\u021belege rostul, atribu\u021biile constitu\u021bionale \u0219i este dispus s\u0103 treac\u0103 peste orice regul\u0103 democratic\u0103"},"content":{"rendered":"<div class=\"sgb-google-buttons\">\n<div class=\"display-flex justify-center google-logo\"><img decoding=\"async\" loading=\"lazy\" class=\"mg-x-auto\" width=\"30\" height=\"30\" src=\"https:\/\/microscopemedia.com\/wp-content\/uploads\/2026\/09\/video-petrisor-peiu-presedintele-nu-isi-intelege-rostul-atributiile-constitutionale-si-este-dispus-sa-treaca-peste-orice-regula-democratica.png\" alt><\/div>\n<\/p><\/div>\n<p id=\"p-0\">Senatorul Petri\u0219or Peiu r\u0103spunde f\u0103r\u0103 ocoli\u0219uri \u00eentreb\u0103rilor din interviul <a href=\"https:\/\/www.mediafax.ro\/stirile-zilei\/video-adrian-caciu-bolojan-este-foarte-supraevaluat-daca-ar-candida-la-prezidentiale-n-ar-intra-in-turul-doi-ce-taxe-noi-ar-introduce-fostul-ministru-de-finante-23793622\">\u201ePing Pong\u201d<\/a> pentru Mediafax, iar unele dintre r\u0103spunsuri duc rapid discu\u021bia \u00een zonele cele mai sensibile ale politicii. Senatorul vorbe\u0219te despre economie, AUR, Nicu\u0219or Dan, electorat \u0219i despre limitele peste care spune c\u0103 nu ar trece nici pentru mai mult\u0103 putere.<\/p>\n<div class=\"single__inline-gallery color-white mg-bottom-20 bg-black padding-5 md:rounded-10\">\n<div class=\"md:rounded-5 display-grid xs:grid-cols-2 grid-cols-3 gap-5\">\n<div class=\"single__inline-gallery-image relative column-span-2 row-span-2\">\n                <a href=\"https:\/\/www.mediafax.ro\/poze\/video-petrisor-peiu-presedintele-nu-isi-intelege-rostul-atributiile-constitutionale-si-este-dispus-sa-treaca-peste-orice-regula-democratica-23800853\"><br \/>\n                    <img decoding=\"async\" loading=\"lazy\" src=\"https:\/\/microscopemedia.com\/wp-content\/uploads\/2026\/09\/video-petrisor-peiu-presedintele-nu-isi-intelege-rostul-atributiile-constitutionale-si-este-dispus-sa-treaca-peste-orice-regula-democratica.jpg\" width=\"700\" height=\"450\"><br \/>\n                <\/a>\n                            <\/div>\n<div class=\"single__inline-gallery-image relative \">\n                <a href=\"https:\/\/www.mediafax.ro\/poze\/video-petrisor-peiu-presedintele-nu-isi-intelege-rostul-atributiile-constitutionale-si-este-dispus-sa-treaca-peste-orice-regula-democratica-23800853\"><br \/>\n                    <img decoding=\"async\" loading=\"lazy\" src=\"https:\/\/microscopemedia.com\/wp-content\/uploads\/2026\/09\/video-petrisor-peiu-presedintele-nu-isi-intelege-rostul-atributiile-constitutionale-si-este-dispus-sa-treaca-peste-orice-regula-democratica-1.jpg\" width=\"700\" height=\"450\"><br \/>\n                <\/a>\n                            <\/div>\n<\/p><\/div>\n<\/p><\/div>\n<h2 id=\"chapter-0\">Economia \u00eenaintea politicii<\/h2>\n<p id=\"p-1\">De\u0219i este senator, Peiu spune c\u0103 <strong>economia \u00eel define\u0219te mai mult dec\u00e2t politica<\/strong>. Doctor inginer, acesta vorbe\u0219te despre domeniul \u00een care se simte cel mai bine \u0219i despre proiectele pe care \u00eenc\u0103 nu a reu\u0219it s\u0103 le duc\u0103 p\u00e2n\u0103 la cap\u0103t. Printre ele se afl\u0103 \u201eFondul Moldova\u201d, proiect prin care Rom\u00e2nia ar urma s\u0103-\u0219i institu\u021bionalizeze ajutorul interna\u021bional acordat Republicii Moldova. Peiu spune c\u0103 nu a reu\u0219it \u00eenc\u0103 s\u0103 \u00eel introduc\u0103 pe ordinea de zi a Camerei Deputa\u021bilor.<\/p>\n<h2 id=\"chapter-1\">\u201eNu exist\u0103 politician cu care nu a\u0219 ie\u0219i la o bere\u201d<\/h2>\n<p id=\"p-2\">C\u00e2nd este provocat s\u0103 numeasc\u0103 <strong>trei politicieni rom\u00e2ni cu care ar ie\u0219i la o bere,<\/strong> r\u0103spunsul lui Peiu schimb\u0103 complet regulile jocului, spune c\u0103 ar ie\u0219i la bere cu orice politician rom\u00e2n.La selfie-uri, \u00eens\u0103, este mult mai selectiv. \u00cen afara colegilor de partid, spune c\u0103 <strong>nu ar face fotografii de acest fel cu nimeni.<\/strong><\/p>\n<h2 id=\"chapter-2\">AUR la guvernare, Peiu, prudent cu func\u021biile<\/h2>\n<p id=\"p-3\">\u00centrebat ce func\u021bii ar accepta sau ar refuza dac\u0103 AUR ar ajunge m\u00e2ine la guvernare, senatorul nu face nominaliz\u0103ri \u0219i nu \u00ee\u0219i construie\u0219te scenarii. Spune c\u0103 un politician serios nu poate r\u0103spunde la o asemenea \u00eentrebare. La fel de direct este \u0219i c\u00e2nd este \u00eentrebat cum ar convinge, \u00een 20 de secunde, un rom\u00e2n care consider\u0103 <strong>AUR un partid extremist.<\/strong> Peiu spune c\u0103 trebuie verificat\u0103 defini\u021bia extremismului \u0219i comparat\u0103 cu ceea ce este partidul. <strong>Concluzia sa: AUR nu are leg\u0103tur\u0103 cu extremismul.<\/strong><\/p>\n<h2 id=\"chapter-3\">Cine \u00eel convinge pe cine?<\/h2>\n<p id=\"p-4\">\u00cen rela\u021bia cu George Simion, Peiu prefer\u0103 s\u0103 nu declare un c\u00e2\u0219tig\u0103tor. Spune c\u0103 trebuie s\u0103 existe <strong>capacitatea de a se convinge reciproc \u0219i, mai ales, de a se respecta<\/strong>. \u00centrebat cine cedeaz\u0103 mai greu \u00eentr-o asemenea disput\u0103, recunoa\u0219te c\u0103 nu poate da un r\u0103spuns concret.<\/p>\n<h2 id=\"chapter-4\">Minciuna care \u00eel deranjeaz\u0103<\/h2>\n<p id=\"p-5\">Peiu identific\u0103 \u0219i ceea ce consider\u0103 a fi una dintre marile minciuni ale politicienilor, afirma\u021bia c\u0103 propunerile lor sunt f\u0103cute pentru binele tuturor. Iar l<strong>ucrurile care \u00eel scot imediat din s\u0103rite sunt, spune el, lipsa onestit\u0103\u021bii \u0219i populismul. <\/strong>Cea mai mare team\u0103 a sa este s\u0103 nu ajung\u0103 s\u0103 fac\u0103, din motive electorale, tocmai lucrurile pe care \u0219i-a promis c\u0103 nu le va face.<\/p>\n<h2 id=\"chapter-5\">Cine \u021bine c\u00e2rma AUR?<\/h2>\n<p id=\"p-6\"><strong>Dac\u0103 AUR ar fi o barc\u0103, Peiu spune c\u0103 to\u021bi ar trebui s\u0103 verifice s\u0103 nu ia ap\u0103<\/strong>. C\u00e2t despre c\u00e2rm\u0103, aceasta ar trebui \u021binut\u0103 pe r\u00e2nd de cei care au capacitatea \u0219i viziunea strategic\u0103 necesare. \u00cen afara politicii, spune c\u0103 \u0219i-ar dori s\u0103 aib\u0103 timp s\u0103 scrie despre ultimele evolu\u021bii economice din Europa.<\/p>\n<h2 id=\"chapter-6\">Principiile, mai importante dec\u00e2t popularitatea<\/h2>\n<p id=\"p-7\">\u00centrebat ce decizii ar lua chiar dac\u0103 ar pierde popularitate, Peiu spune c\u0103 ar sus\u021bine orice decizie care este \u00een acord cu principiile sale \u0219i cu interesul na\u021bional. Iar dac\u0103 ar trebui s\u0103 r\u0103m\u00e2n\u0103 un singur lucru \u00een urma sa, spune c\u0103 \u0219i-ar dori s\u0103 fie considerat <strong>un om de onoare, care \u0219i-a \u021binut cuv\u00e2ntul \u0219i nu \u0219i-a min\u021bit nici electoratul, nici partenerii de discu\u021bie.<\/strong><\/p>\n<p id=\"p-8\">&nbsp;<\/p>\n","protected":false},"excerpt":{"rendered":"<p>Senatorul Petri\u0219or Peiu r\u0103spunde f\u0103r\u0103 ocoli\u0219uri \u00eentreb\u0103rilor din interviul \u201ePing Pong\u201d pentru Mediafax, iar unele dintre r\u0103spunsuri duc rapid discu\u021bia \u00een zonele cele mai sensibile ale politicii. Senatorul vorbe\u0219te despre &hellip; <a href=\"https:\/\/microscopemedia.com\/?p=711863\" class=\"more-link\">Read More<\/a><\/p>\n","protected":false},"author":1,"featured_media":711864,"comment_status":"closed","ping_status":"closed","sticky":false,"template":"Default","format":"standard","meta":[],"categories":[1],"tags":[],"_links":{"self":[{"href":"https:\/\/microscopemedia.com\/index.php?rest_route=\/wp\/v2\/posts\/711863"}],"collection":[{"href":"https:\/\/microscopemedia.com\/index.php?rest_route=\/wp\/v2\/posts"}],"about":[{"href":"https:\/\/microscopemedia.com\/index.php?rest_route=\/wp\/v2\/types\/post"}],"author":[{"embeddable":true,"href":"https:\/\/microscopemedia.com\/index.php?rest_route=\/wp\/v2\/users\/1"}],"replies":[{"embeddable":true,"href":"https:\/\/microscopemedia.com\/index.php?rest_route=%2Fwp%2Fv2%2Fcomments&post=711863"}],"version-history":[{"count":0,"href":"https:\/\/microscopemedia.com\/index.php?rest_route=\/wp\/v2\/posts\/711863\/revisions"}],"wp:featuredmedia":[{"embeddable":true,"href":"https:\/\/microscopemedia.com\/index.php?rest_route=\/wp\/v2\/media\/711864"}],"wp:attachment":[{"href":"https:\/\/microscopemedia.com\/index.php?rest_route=%2Fwp%2Fv2%2Fmedia&parent=711863"}],"wp:term":[{"taxonomy":"category","embeddable":true,"href":"https:\/\/microscopemedia.com\/index.php?rest_route=%2Fwp%2Fv2%2Fcategories&post=711863"},{"taxonomy":"post_tag","embeddable":true,"href":"https:\/\/microscopemedia.com\/index.php?rest_route=%2Fwp%2Fv2%2Ftags&post=711863"}],"curies":[{"name":"wp","href":"https:\/\/api.w.org\/{rel}","templated":true}]}}